{"id":1106,"date":"2007-12-11T09:29:56","date_gmt":"2007-12-11T09:29:56","guid":{"rendered":"http:\/\/www.po-l.com\/wordpress\/?p=1106"},"modified":"2012-02-22T13:21:09","modified_gmt":"2012-02-22T11:21:09","slug":"stone-ghost-hard","status":"publish","type":"post","link":"https:\/\/www.wallendorff.com\/belogue\/2007\/12\/11\/stone-ghost-hard\/","title":{"rendered":"Stone ghost hard\u00b9."},"content":{"rendered":"<div id=\"photo\">\n<p><img decoding=\"async\" src=\"https:\/\/www.wallendorff.com\/belogue\/photo\/2007\/12\/20071211.jpg\" \/><br \/>\n   Rue des Cascades, Paris, 17 novembre.<\/p>\n<\/div>\n<p>Y a un truc qui m&rsquo;&eacute;nerve, c&rsquo;est quand je r&eacute;alise un beau matin qu&rsquo;apr&egrave;s Louis XIV, les Kills reviennent aussi et que quand je cherche &agrave; dater l&rsquo;info, j&rsquo;apprends que j&rsquo;arrive 2 semaines apr&egrave;s la bataille et qu&rsquo;il y a d&eacute;j&agrave; une <a href=\"http:\/\/elbo.ws\/video\/w3fZP7QC4PE\/\">vid&eacute;o<\/a> pour nous assurer que VV m&eacute;rite toujours autant de poutoux, du coup j&rsquo;ai l&rsquo;air d&rsquo;un con.<\/p>\n<p>Enfin je m&rsquo;en fous, <a href=\"http:\/\/www.nme.com\/news\/the-white-stripes\/33070\">les White Stripes menacent d&rsquo;arr&ecirc;ter de tourner<\/a> &#8213;&nbsp;&ccedil;a, ils l&rsquo;ont dit hier et je le sais d&eacute;j&agrave;, &ccedil;a me rattrape&nbsp;&#8213; et puisque je les ai vus sur sc&egrave;ne, je serai bient&ocirc;t un dinosaure aussi envi&eacute; que les gens qui ont assist&eacute; &agrave; un concert de Nirvana ou du vrai Led Zeppelin, ainsi le soir o&ugrave; ils se reformeront et que le NME s&rsquo;excitera <a href=\"http:\/\/www.nme.com\/blog\">comme<\/a> <a href=\"http:\/\/www.nme.com\/artists\/led-zeppelin\">hier<\/a>, on viendra m&rsquo;interviouver en tant que sage qui a tout vu tout entendu et je pourrais leur resservir mon <a href=\"https:\/\/www.wallendorff.com\/belogue\/2006\/11\/18\/wolfmother-l-elysee-montmartre-paris\/\">discours de la m&eacute;thode reformatrice<\/a> comme un vieil aigri &agrave; qui on ne la fait plus, tout &ccedil;a c&rsquo;est juste pour rembourser l&rsquo;hypoth&egrave;que de l&rsquo;appartement &agrave; la montagne, c&rsquo;est un monde &ccedil;a madame.<\/p>\n<p style=\"text-align:right\">Waw, vivement 2032.<\/p>\n<p>PS&nbsp;: on a pass&eacute; les 100&nbsp;000 visites sur ce bel&ouml;gue hier, merci aux 87&nbsp;653 groupies de Tokio Hotel tomb&eacute;es l&agrave; par hasard pour leur aide.<\/p>\n<div id=\"bandeson\">\n<p><img decoding=\"async\" src=\"https:\/\/www.wallendorff.com\/belogue\/photo\/pochettes\/k\/kills_the-midnight_boom.jpg\" align=\"left\" \/>&nbsp;<a href=\"http:\/\/www.thekills.tv\">The Kills<\/a> &ndash; <em>U.R.A. Fever<\/em> (en banalit&eacute; mondiale)<\/p>\n<\/div>\n<div id=\"bas_note\">\n<p>_____<\/p>\n<p><sup>1<\/sup> Personne ne calera le jeu de mots &agrave; part les 0,22% de fans de Pearl Jam qui tra&icirc;nent ici, mais on s&rsquo;en fout.<\/p>\n<\/div>\n","protected":false},"excerpt":{"rendered":"<p>Rue des Cascades, Paris, 17 novembre. Y a un truc qui m&rsquo;&eacute;nerve, c&rsquo;est quand je r&eacute;alise un beau matin qu&rsquo;apr&egrave;s Louis XIV, les Kills reviennent aussi et que quand je cherche &agrave; dater l&rsquo;info, j&rsquo;apprends que j&rsquo;arrive 2 semaines apr&egrave;s la bataille et qu&rsquo;il y a d&eacute;j&agrave; une vid&eacute;o pour nous assurer que VV m&eacute;rite&hellip;<\/p>\n","protected":false},"author":1,"featured_media":25035,"comment_status":"open","ping_status":"open","sticky":false,"template":"","format":"standard","meta":{"_acf_changed":false,"ngg_post_thumbnail":0,"jetpack_post_was_ever_published":false,"_jetpack_newsletter_access":"","_jetpack_dont_email_post_to_subs":false,"_jetpack_newsletter_tier_id":0,"_jetpack_memberships_contains_paywalled_content":false,"_jetpack_memberships_contains_paid_content":false,"footnotes":"","jetpack_publicize_message":"","jetpack_publicize_feature_enabled":true,"jetpack_social_post_already_shared":false,"jetpack_social_options":{"image_generator_settings":{"template":"highway","default_image_id":0,"font":"","enabled":false},"version":2}},"categories":[3],"tags":[10216,142,132,10120,10121,4811,10229,143,10098,10467,10212,2241,2242],"class_list":["post-1106","post","type-post","status-publish","format-standard","has-post-thumbnail","hentry","category-dpc","tag-10216","tag-ef-s-10-22-mm-f35-45-usm","tag-eos-20d","tag-france","tag-ile-de-france","tag-midnight-boom","tag-mur","tag-noir-et-blanc","tag-paris","tag-rue-des-cascades","tag-the-kills","tag-tokio-hotel","tag-ura-fever"],"acf":[],"geo":{"latitude":48.871624,"longitude":2.3913584,"description":"42-66 Rue des Cascades, 75020 Paris, France"},"jetpack_publicize_connections":[],"jetpack_featured_media_url":"https:\/\/www.wallendorff.com\/belogue\/wp-content\/uploads\/2015\/04\/200712111.jpg","jetpack_shortlink":"https:\/\/wp.me\/p3b35P-hQ","jetpack_sharing_enabled":true,"jetpack-related-posts":[{"id":124649,"url":"https:\/\/www.wallendorff.com\/belogue\/2023\/06\/12\/servus-wien-6\/","url_meta":{"origin":1106,"position":0},"title":"Servus Wien.","author":"dpc","date":"12 juin 2023","format":false,"excerpt":"[La galerie compl\u00e8te vient apr\u00e8s ce looooong texte traditionnel dont l'origine se perd dans les pr\u00e9mices de ce mill\u00e9naires.] Vienne, 14 \u2013 15 avril 2023. Can't Even Tell Soul Asylum Il y a dix-neuf ans, les Pistons de D\u00e9troit \u00e9taient en finale NBA. Il y a dix-huit ans, les Pistons\u2026","rel":"","context":"Dans &quot;DPC&quot;","block_context":{"text":"DPC","link":"https:\/\/www.wallendorff.com\/belogue\/category\/dpc\/"},"img":{"alt_text":"","src":"https:\/\/i0.wp.com\/www.wallendorff.com\/belogue\/wp-content\/uploads\/2023\/06\/20230612-09.jpg?resize=350%2C200&ssl=1","width":350,"height":200,"srcset":"https:\/\/i0.wp.com\/www.wallendorff.com\/belogue\/wp-content\/uploads\/2023\/06\/20230612-09.jpg?resize=350%2C200&ssl=1 1x, https:\/\/i0.wp.com\/www.wallendorff.com\/belogue\/wp-content\/uploads\/2023\/06\/20230612-09.jpg?resize=525%2C300&ssl=1 1.5x, https:\/\/i0.wp.com\/www.wallendorff.com\/belogue\/wp-content\/uploads\/2023\/06\/20230612-09.jpg?resize=700%2C400&ssl=1 2x, https:\/\/i0.wp.com\/www.wallendorff.com\/belogue\/wp-content\/uploads\/2023\/06\/20230612-09.jpg?resize=1050%2C600&ssl=1 3x"},"classes":[]},{"id":24,"url":"https:\/\/www.wallendorff.com\/belogue\/2006\/02\/06\/tri-bancs-belent\/","url_meta":{"origin":1106,"position":1},"title":"Tri&sup1; bancs b&ecirc;lent","author":"dpc","date":"6 f\u00e9vrier 2006","format":false,"excerpt":"Rue de Bi\u00e8vres, Paris, 22 janvier, 15h15. Proverbe florentin\u00a0: \u00ab\u00a0Quand ta note ribambelle, trois fois de ta journ\u00e9e b\u00eale\u00a0:\u00a0\u00bb Les g\u00e2teaux de Michel et Augustin sont vraiment \u2015 presque\u00a0\u2015 ronds et vraiments \u2015\u00a0compl\u00e8tement\u00a0\u2015 bons2. Il y a un tabouret \u00e0 roulettes qui se balade \u00e0 la Fnac St-Lazare sur lequel\u2026","rel":"","context":"Dans &quot;DPC&quot;","block_context":{"text":"DPC","link":"https:\/\/www.wallendorff.com\/belogue\/category\/dpc\/"},"img":{"alt_text":"","src":"https:\/\/i0.wp.com\/www.wallendorff.com\/belogue\/wp-content\/uploads\/2015\/04\/200602061.jpg?resize=350%2C200&ssl=1","width":350,"height":200},"classes":[]},{"id":132422,"url":"https:\/\/www.wallendorff.com\/belogue\/2025\/06\/12\/jaunes-dombres\/","url_meta":{"origin":1106,"position":2},"title":"Jaunes d&rsquo;ombres.","author":"dpc","date":"12 juin 2025","format":false,"excerpt":"Tour Montparnasse, Paris, 18 avril 2024.Merci \u00e0 Lala mais pas \u00e0 Leffe\u00ae ni Twinuts\u00ae car j'ai sottement oubli\u00e9 de faire les commissions. Et \u00e0 part \u00e7a... Il y a vingt-et-un ans, les Pistons de D\u00e9troit \u00e9taient en finale NBA. Il y a vingt ans, les Pistons de D\u00e9troit \u00e9taient encore\u2026","rel":"","context":"Dans &quot;DPC&quot;","block_context":{"text":"DPC","link":"https:\/\/www.wallendorff.com\/belogue\/category\/dpc\/"},"img":{"alt_text":"","src":"https:\/\/i0.wp.com\/www.wallendorff.com\/belogue\/wp-content\/uploads\/2025\/06\/20250612-08.jpg?resize=350%2C200&ssl=1","width":350,"height":200,"srcset":"https:\/\/i0.wp.com\/www.wallendorff.com\/belogue\/wp-content\/uploads\/2025\/06\/20250612-08.jpg?resize=350%2C200&ssl=1 1x, https:\/\/i0.wp.com\/www.wallendorff.com\/belogue\/wp-content\/uploads\/2025\/06\/20250612-08.jpg?resize=525%2C300&ssl=1 1.5x, https:\/\/i0.wp.com\/www.wallendorff.com\/belogue\/wp-content\/uploads\/2025\/06\/20250612-08.jpg?resize=700%2C400&ssl=1 2x, https:\/\/i0.wp.com\/www.wallendorff.com\/belogue\/wp-content\/uploads\/2025\/06\/20250612-08.jpg?resize=1050%2C600&ssl=1 3x"},"classes":[]},{"id":3799,"url":"https:\/\/www.wallendorff.com\/belogue\/2009\/01\/15\/la-theo-rit-du-con-plot\/","url_meta":{"origin":1106,"position":3},"title":"L\u00e0, Th\u00e9o rit du con plot.","author":"dpc","date":"15 janvier 2009","format":false,"excerpt":"Rue Taison, Metz, 29 d\u00e9cembre 2008. Waw, 255 notes sans poster un titre de Howl, y a des jours o\u00f9 je m'\u00e9tonne. Black Rebel Motorcycle Club \u2013 Open Invitation Ah oui, et \u00e7a quand m\u00eame. Enfin bon, avant de me gausser, il faudrait penser \u00e0 \u00ab\u00a0r\u00e9aliser parmi les meilleurs portraits\u2026","rel":"","context":"Dans &quot;DPC&quot;","block_context":{"text":"DPC","link":"https:\/\/www.wallendorff.com\/belogue\/category\/dpc\/"},"img":{"alt_text":"","src":"https:\/\/i0.wp.com\/www.wallendorff.com\/belogue\/wp-content\/uploads\/2015\/04\/200901151.jpg?resize=350%2C200&ssl=1","width":350,"height":200},"classes":[]},{"id":128261,"url":"https:\/\/www.wallendorff.com\/belogue\/2024\/06\/12\/cetait-2004\/","url_meta":{"origin":1106,"position":4},"title":"C&rsquo;\u00e9tait 2004.","author":"dpc","date":"12 juin 2024","format":false,"excerpt":"En ouvrant ce journal, il y a 20 ans, je n'aurais jamais pens\u00e9 qu'il durerait si longtemps. Mais il a tenu, d'abord sur feu 20six, puis en solitaire sur ce site, traversant les plateformes et les modes jusqu'\u00e0 aujourd'hui. MySpace, Flickr, Facebook, Instagram passent et disparaissent, mais reste ce site.Je\u2026","rel":"","context":"Dans &quot;DPC&quot;","block_context":{"text":"DPC","link":"https:\/\/www.wallendorff.com\/belogue\/category\/dpc\/"},"img":{"alt_text":"","src":"https:\/\/i0.wp.com\/www.wallendorff.com\/belogue\/wp-content\/uploads\/2024\/06\/20240612-03.jpg?resize=350%2C200&ssl=1","width":350,"height":200,"srcset":"https:\/\/i0.wp.com\/www.wallendorff.com\/belogue\/wp-content\/uploads\/2024\/06\/20240612-03.jpg?resize=350%2C200&ssl=1 1x, https:\/\/i0.wp.com\/www.wallendorff.com\/belogue\/wp-content\/uploads\/2024\/06\/20240612-03.jpg?resize=525%2C300&ssl=1 1.5x, https:\/\/i0.wp.com\/www.wallendorff.com\/belogue\/wp-content\/uploads\/2024\/06\/20240612-03.jpg?resize=700%2C400&ssl=1 2x, https:\/\/i0.wp.com\/www.wallendorff.com\/belogue\/wp-content\/uploads\/2024\/06\/20240612-03.jpg?resize=1050%2C600&ssl=1 3x"},"classes":[]},{"id":6798,"url":"https:\/\/www.wallendorff.com\/belogue\/2010\/02\/17\/le-petit-bonhomme-en-moufles\/","url_meta":{"origin":1106,"position":5},"title":"Le petit bonhomme en moufles.","author":"dpc","date":"17 f\u00e9vrier 2010","format":false,"excerpt":"Place Franz-Liszt, Paris, 9 janvier. Je sais, on lui voit mal les moufles. Je ne me rappelle la t\u00eate des gens qu'une fois que je les ai pris en photo. Tant que ce n'est pas fait, j'oublie leur visage \u2015\u00a0et leur nom aussi, d'ailleurs, pratique pour se d\u00e9velopper une vie\u2026","rel":"","context":"Dans &quot;DPC&quot;","block_context":{"text":"DPC","link":"https:\/\/www.wallendorff.com\/belogue\/category\/dpc\/"},"img":{"alt_text":"","src":"https:\/\/i0.wp.com\/www.wallendorff.com\/belogue\/wp-content\/uploads\/2015\/04\/201002171.jpg?resize=350%2C200&ssl=1","width":350,"height":200},"classes":[]}],"_links":{"self":[{"href":"https:\/\/www.wallendorff.com\/belogue\/wp-json\/wp\/v2\/posts\/1106","targetHints":{"allow":["GET"]}}],"collection":[{"href":"https:\/\/www.wallendorff.com\/belogue\/wp-json\/wp\/v2\/posts"}],"about":[{"href":"https:\/\/www.wallendorff.com\/belogue\/wp-json\/wp\/v2\/types\/post"}],"author":[{"embeddable":true,"href":"https:\/\/www.wallendorff.com\/belogue\/wp-json\/wp\/v2\/users\/1"}],"replies":[{"embeddable":true,"href":"https:\/\/www.wallendorff.com\/belogue\/wp-json\/wp\/v2\/comments?post=1106"}],"version-history":[{"count":4,"href":"https:\/\/www.wallendorff.com\/belogue\/wp-json\/wp\/v2\/posts\/1106\/revisions"}],"predecessor-version":[{"id":16030,"href":"https:\/\/www.wallendorff.com\/belogue\/wp-json\/wp\/v2\/posts\/1106\/revisions\/16030"}],"wp:featuredmedia":[{"embeddable":true,"href":"https:\/\/www.wallendorff.com\/belogue\/wp-json\/wp\/v2\/media\/25035"}],"wp:attachment":[{"href":"https:\/\/www.wallendorff.com\/belogue\/wp-json\/wp\/v2\/media?parent=1106"}],"wp:term":[{"taxonomy":"category","embeddable":true,"href":"https:\/\/www.wallendorff.com\/belogue\/wp-json\/wp\/v2\/categories?post=1106"},{"taxonomy":"post_tag","embeddable":true,"href":"https:\/\/www.wallendorff.com\/belogue\/wp-json\/wp\/v2\/tags?post=1106"}],"curies":[{"name":"wp","href":"https:\/\/api.w.org\/{rel}","templated":true}]}}