{"id":1105,"date":"2007-12-10T09:25:42","date_gmt":"2007-12-10T09:25:42","guid":{"rendered":"http:\/\/www.po-l.com\/wordpress\/?p=1105"},"modified":"2012-07-15T10:07:06","modified_gmt":"2012-07-15T08:07:06","slug":"micros-cosmos-2","status":"publish","type":"post","link":"https:\/\/www.wallendorff.com\/belogue\/2007\/12\/10\/micros-cosmos-2\/","title":{"rendered":"Micros cosmos #2."},"content":{"rendered":"<div id=\"photo\">\n<p><img decoding=\"async\" src=\"https:\/\/www.wallendorff.com\/belogue\/photo\/2007\/12\/20071210.jpg\" \/><br \/>\nMaison de la Radio, Paris, 16 novembre.<\/p>\n<\/div>\n<p>Louis XIV sont toujours vivants et chantent toujours aussi aigu, merci pour eux.<\/p>\n<p style=\"text-align:right\">[Et des <a href=\"http:\/\/www.louisxiv.net\/tour.html\">Editors + Hot Hot Heat + Louis XIV @ Detroit Majestic Theater, 26 janvier 2008<\/a>, &ccedil;a fait toujours autant regretter une certaine &eacute;poque] <\/p>\n<div id=\"bandeson\">\n<p><img decoding=\"async\" src=\"https:\/\/www.wallendorff.com\/belogue\/photo\/pochettes\/blank.jpg\" align=\"left\" \/>&nbsp;<a href=\"http:\/\/www.louisxiv.net\">Louis XIV<\/a> &ndash; <em>This Christmas<\/em>        <\/p>\n<\/p><\/div>\n","protected":false},"excerpt":{"rendered":"<p>Maison de la Radio, Paris, 16 novembre. Louis XIV sont toujours vivants et chantent toujours aussi aigu, merci pour eux. [Et des Editors + Hot Hot Heat + Louis XIV @ Detroit Majestic Theater, 26 janvier 2008, &ccedil;a fait toujours autant regretter une certaine &eacute;poque] &nbsp;Louis XIV &ndash; This Christmas<\/p>\n","protected":false},"author":1,"featured_media":25034,"comment_status":"open","ping_status":"open","sticky":false,"template":"","format":"standard","meta":{"_acf_changed":false,"ngg_post_thumbnail":0,"jetpack_post_was_ever_published":false,"_jetpack_newsletter_access":"","_jetpack_dont_email_post_to_subs":false,"_jetpack_newsletter_tier_id":0,"_jetpack_memberships_contains_paywalled_content":false,"_jetpack_memberships_contains_paid_content":false,"footnotes":"","jetpack_publicize_message":"","jetpack_publicize_feature_enabled":true,"jetpack_social_post_already_shared":false,"jetpack_social_options":{"image_generator_settings":{"template":"highway","default_image_id":0,"font":"","enabled":false},"version":2}},"categories":[3],"tags":[10372,1438,187,10120,10121,2163,1526,10369,2239,10456,143,10098,2240],"class_list":["post-1105","post","type-post","status-publish","format-standard","has-post-thumbnail","hentry","category-dpc","tag-10372","tag-ef-50-mm-f14-usm","tag-eos-1d-mark-ii","tag-france","tag-ile-de-france","tag-le-mouv","tag-louis-xiv","tag-maison-de-la-radio","tag-mando-diao","tag-micro","tag-noir-et-blanc","tag-paris","tag-this-christmas"],"acf":[],"geo":{"latitude":48.8520584,"longitude":2.2778714,"description":"2 Rue de Boulainvilliers, 75016 Paris, France"},"jetpack_publicize_connections":[],"jetpack_featured_media_url":"https:\/\/www.wallendorff.com\/belogue\/wp-content\/uploads\/2015\/04\/200712101.jpg","jetpack_shortlink":"https:\/\/wp.me\/p3b35P-hP","jetpack_sharing_enabled":true,"jetpack-related-posts":[{"id":151,"url":"https:\/\/www.wallendorff.com\/belogue\/2006\/05\/14\/the-wampas-the-fete-of-la-fraise-marcoussis\/","url_meta":{"origin":1105,"position":0},"title":"The Wampas @ The f&ecirc;te of la Fraise, Marcoussis.","author":"dpc","date":"14 mai 2006","format":false,"excerpt":"\u00catre rock en 2006, c'est aller voir en Essonne si on y est, se perdre 3 fois sur la route, trouver de la Kro comme \u00e0 la maison pas ch\u00e8re pour se r\u00e9conforter et se dire deux heures apr\u00e8s que si Didier Wampas est pas vraiment le roi, il s'en\u2026","rel":"","context":"Dans &quot;Alive&quot;","block_context":{"text":"Alive","link":"https:\/\/www.wallendorff.com\/belogue\/category\/alive\/"},"img":{"alt_text":"","src":"https:\/\/i0.wp.com\/www.wallendorff.com\/belogue\/wp-content\/uploads\/2015\/04\/200605141.jpg?resize=350%2C200&ssl=1","width":350,"height":200},"classes":[]},{"id":34062,"url":"https:\/\/www.wallendorff.com\/belogue\/2017\/05\/19\/into-the-wide-95-x-pis-a-prisme-44\/","url_meta":{"origin":1105,"position":1},"title":"Into the wide #95 \u00d7 Pis \u00e0 prisme #44.","author":"dpc","date":"19 mai 2017","format":false,"excerpt":"Pont de Bir-Hakeim, Paris, 19 mars. [Esp\u00e9rons que personne ne remarquera que ce num\u00e9ro 95\u00d744 montre \u00e0 peu pr\u00e8s la m\u00eame photo que le num\u00e9ro 16\u00d733, mais prise d'un autre angle, ce toujours avec la fistule anale de Louis XIV en t\u00eate depuis ce jour-l\u00e0.] Stoned and AloneFindlay","rel":"","context":"Dans &quot;Into the wide&quot;","block_context":{"text":"Into the wide","link":"https:\/\/www.wallendorff.com\/belogue\/category\/into-the-wide\/"},"img":{"alt_text":"","src":"https:\/\/i0.wp.com\/www.wallendorff.com\/belogue\/wp-content\/uploads\/2017\/05\/20170519.jpg?resize=350%2C200&ssl=1","width":350,"height":200,"srcset":"https:\/\/i0.wp.com\/www.wallendorff.com\/belogue\/wp-content\/uploads\/2017\/05\/20170519.jpg?resize=350%2C200&ssl=1 1x, https:\/\/i0.wp.com\/www.wallendorff.com\/belogue\/wp-content\/uploads\/2017\/05\/20170519.jpg?resize=525%2C300&ssl=1 1.5x, https:\/\/i0.wp.com\/www.wallendorff.com\/belogue\/wp-content\/uploads\/2017\/05\/20170519.jpg?resize=700%2C400&ssl=1 2x, https:\/\/i0.wp.com\/www.wallendorff.com\/belogue\/wp-content\/uploads\/2017\/05\/20170519.jpg?resize=1050%2C600&ssl=1 3x"},"classes":[]},{"id":102,"url":"https:\/\/www.wallendorff.com\/belogue\/2006\/03\/28\/juste-fort-phone\/","url_meta":{"origin":1105,"position":2},"title":"Juste fort phone.","author":"dpc","date":"28 mars 2006","format":false,"excerpt":"Le Point \u00c9ph\u00e9m\u00e8re, Paris, 2 mars, 23h44. Dodo. \u00a0Clinic \u2013 Tusk","rel":"","context":"Dans &quot;DPC&quot;","block_context":{"text":"DPC","link":"https:\/\/www.wallendorff.com\/belogue\/category\/dpc\/"},"img":{"alt_text":"","src":"https:\/\/i0.wp.com\/www.wallendorff.com\/belogue\/wp-content\/uploads\/2015\/04\/200603281.jpg?resize=350%2C200&ssl=1","width":350,"height":200},"classes":[]},{"id":12285,"url":"https:\/\/www.wallendorff.com\/belogue\/2011\/02\/11\/pis-a-prismes-24\/","url_meta":{"origin":1105,"position":3},"title":"Pis \u00e0 prismes #24.","author":"dpc","date":"11 f\u00e9vrier 2011","format":false,"excerpt":"Pont de Bir-Hakeim, Paris, 8 janvier. Ou Tour Eiffel \u00e0 la fistule anale de Louis XIV. [Du fait que l'heure que je passai sur Photoshop \u00e0 nettoyer le sol de la dite photo fut \u00e9galement consacr\u00e9e \u00e0 l'\u00e9coute d'un reportage de St\u00e9phane Bern d\u00e9taillant cette croustillante anecdote et qu'en cons\u00e9quence,\u2026","rel":"","context":"Dans &quot;Pis \u00e0 prismes&quot;","block_context":{"text":"Pis \u00e0 prismes","link":"https:\/\/www.wallendorff.com\/belogue\/category\/pis-a-prismes\/"},"img":{"alt_text":"","src":"https:\/\/i0.wp.com\/www.wallendorff.com\/belogue\/wp-content\/uploads\/2015\/04\/20110211.jpg?resize=350%2C200&ssl=1","width":350,"height":200,"srcset":"https:\/\/i0.wp.com\/www.wallendorff.com\/belogue\/wp-content\/uploads\/2015\/04\/20110211.jpg?resize=350%2C200&ssl=1 1x, https:\/\/i0.wp.com\/www.wallendorff.com\/belogue\/wp-content\/uploads\/2015\/04\/20110211.jpg?resize=525%2C300&ssl=1 1.5x, https:\/\/i0.wp.com\/www.wallendorff.com\/belogue\/wp-content\/uploads\/2015\/04\/20110211.jpg?resize=700%2C400&ssl=1 2x"},"classes":[]},{"id":1106,"url":"https:\/\/www.wallendorff.com\/belogue\/2007\/12\/11\/stone-ghost-hard\/","url_meta":{"origin":1105,"position":4},"title":"Stone ghost hard\u00b9.","author":"dpc","date":"11 d\u00e9cembre 2007","format":false,"excerpt":"Rue des Cascades, Paris, 17 novembre. Y a un truc qui m'\u00e9nerve, c'est quand je r\u00e9alise un beau matin qu'apr\u00e8s Louis XIV, les Kills reviennent aussi et que quand je cherche \u00e0 dater l'info, j'apprends que j'arrive 2 semaines apr\u00e8s la bataille et qu'il y a d\u00e9j\u00e0 une vid\u00e9o pour\u2026","rel":"","context":"Dans &quot;DPC&quot;","block_context":{"text":"DPC","link":"https:\/\/www.wallendorff.com\/belogue\/category\/dpc\/"},"img":{"alt_text":"","src":"https:\/\/i0.wp.com\/www.wallendorff.com\/belogue\/wp-content\/uploads\/2015\/04\/200712111.jpg?resize=350%2C200&ssl=1","width":350,"height":200},"classes":[]},{"id":21448,"url":"https:\/\/www.wallendorff.com\/belogue\/2013\/08\/19\/into-the-wide-16-x-pis-a-prismes-33\/","url_meta":{"origin":1105,"position":5},"title":"Into the wide #16 \u00d7 Pis \u00e0 prismes #33.","author":"dpc","date":"19 ao\u00fbt 2013","format":false,"excerpt":"Pont de Bir-Hakeim, Paris, 10 juin. Du m\u00eame endroit que la fameuseTour Eiffel \u00e0 la fistule anale de Louis XIV. The West Ty Segall","rel":"","context":"Dans &quot;Into the wide&quot;","block_context":{"text":"Into the wide","link":"https:\/\/www.wallendorff.com\/belogue\/category\/into-the-wide\/"},"img":{"alt_text":"","src":"https:\/\/i0.wp.com\/www.wallendorff.com\/belogue\/wp-content\/uploads\/2015\/04\/201308191.jpg?resize=350%2C200&ssl=1","width":350,"height":200,"srcset":"https:\/\/i0.wp.com\/www.wallendorff.com\/belogue\/wp-content\/uploads\/2015\/04\/201308191.jpg?resize=350%2C200&ssl=1 1x, https:\/\/i0.wp.com\/www.wallendorff.com\/belogue\/wp-content\/uploads\/2015\/04\/201308191.jpg?resize=525%2C300&ssl=1 1.5x, https:\/\/i0.wp.com\/www.wallendorff.com\/belogue\/wp-content\/uploads\/2015\/04\/201308191.jpg?resize=700%2C400&ssl=1 2x"},"classes":[]}],"_links":{"self":[{"href":"https:\/\/www.wallendorff.com\/belogue\/wp-json\/wp\/v2\/posts\/1105","targetHints":{"allow":["GET"]}}],"collection":[{"href":"https:\/\/www.wallendorff.com\/belogue\/wp-json\/wp\/v2\/posts"}],"about":[{"href":"https:\/\/www.wallendorff.com\/belogue\/wp-json\/wp\/v2\/types\/post"}],"author":[{"embeddable":true,"href":"https:\/\/www.wallendorff.com\/belogue\/wp-json\/wp\/v2\/users\/1"}],"replies":[{"embeddable":true,"href":"https:\/\/www.wallendorff.com\/belogue\/wp-json\/wp\/v2\/comments?post=1105"}],"version-history":[{"count":2,"href":"https:\/\/www.wallendorff.com\/belogue\/wp-json\/wp\/v2\/posts\/1105\/revisions"}],"predecessor-version":[{"id":18228,"href":"https:\/\/www.wallendorff.com\/belogue\/wp-json\/wp\/v2\/posts\/1105\/revisions\/18228"}],"wp:featuredmedia":[{"embeddable":true,"href":"https:\/\/www.wallendorff.com\/belogue\/wp-json\/wp\/v2\/media\/25034"}],"wp:attachment":[{"href":"https:\/\/www.wallendorff.com\/belogue\/wp-json\/wp\/v2\/media?parent=1105"}],"wp:term":[{"taxonomy":"category","embeddable":true,"href":"https:\/\/www.wallendorff.com\/belogue\/wp-json\/wp\/v2\/categories?post=1105"},{"taxonomy":"post_tag","embeddable":true,"href":"https:\/\/www.wallendorff.com\/belogue\/wp-json\/wp\/v2\/tags?post=1105"}],"curies":[{"name":"wp","href":"https:\/\/api.w.org\/{rel}","templated":true}]}}