{"id":1102,"date":"2007-12-07T14:58:41","date_gmt":"2007-12-07T14:58:41","guid":{"rendered":"http:\/\/www.po-l.com\/wordpress\/?p=1102"},"modified":"2012-08-31T11:34:27","modified_gmt":"2012-08-31T09:34:27","slug":"the-coral-l-lyse-montmartre-paris","status":"publish","type":"post","link":"https:\/\/www.wallendorff.com\/belogue\/2007\/12\/07\/the-coral-l-lyse-montmartre-paris\/","title":{"rendered":"The Coral @ l&rsquo;\u00c9lys\u00e9e-Montmartre, Paris."},"content":{"rendered":"<div id=\"photo\">\n<p><img decoding=\"async\" src=\"https:\/\/www.wallendorff.com\/belogue\/photo\/2007\/12\/20071207.jpg\" \/><\/p>\n<\/div>\n<p>Je vous la fais rapide, parce que j&rsquo;ai pas le temps&nbsp;:<\/p>\n<ol>\n<li>Je mets une guitare pour une fois, parce que &ccedil;a nous change des pieds.<\/li>\n<li>Oui, et &ccedil;a nous change aussi du noir et blanc crasseux, oui. Ahah. <\/li>\n<li>The Coral est un bien chouette groupe, qui se transforme savamment en tr&egrave;s bon groupe lorsqu&rsquo;ils d&eacute;cident de se prendre pour Dinosaur Jr. Oui, j&rsquo;ai trouv&eacute; que par moment ils se prenaient pour Dinosaur Jr., j&rsquo;ai quand m&ecirc;me le droit, que diable.<\/li>\n<\/ol>\n<div id=\"bandeson\">\n<p><img decoding=\"async\" src=\"https:\/\/www.wallendorff.com\/belogue\/photo\/pochettes\/o\/oasis-be_here_now.jpg\" align=\"left\" \/>&nbsp;<a href=\"http:\/\/www.oasininet.com\/\">Oasis<\/a> &ndash; <em>Fade-in Out<\/em><\/p>\n<\/div>\n","protected":false},"excerpt":{"rendered":"<p>Je vous la fais rapide, parce que j&rsquo;ai pas le temps&nbsp;: Je mets une guitare pour une fois, parce que &ccedil;a nous change des pieds. Oui, et &ccedil;a nous change aussi du noir et blanc crasseux, oui. Ahah. The Coral est un bien chouette groupe, qui se transforme savamment en tr&egrave;s bon groupe lorsqu&rsquo;ils d&eacute;cident&hellip;<\/p>\n","protected":false},"author":1,"featured_media":25031,"comment_status":"open","ping_status":"open","sticky":false,"template":"","format":"standard","meta":{"_acf_changed":false,"ngg_post_thumbnail":0,"jetpack_post_was_ever_published":false,"_jetpack_newsletter_access":"","_jetpack_dont_email_post_to_subs":false,"_jetpack_newsletter_tier_id":0,"_jetpack_memberships_contains_paywalled_content":false,"_jetpack_memberships_contains_paid_content":false,"footnotes":"","jetpack_publicize_message":"","jetpack_publicize_feature_enabled":true,"jetpack_social_post_already_shared":false,"jetpack_social_options":{"image_generator_settings":{"template":"highway","default_image_id":0,"font":"","enabled":false},"version":2}},"categories":[7],"tags":[10134,10143,10084,4516,196,187,2235,10120,10192,10121,10276,408,10098,2234],"class_list":["post-1102","post","type-post","status-publish","format-standard","has-post-thumbnail","hentry","category-alive","tag-10134","tag-10143","tag-alive","tag-boulevard-rochechouart","tag-ef-28-70-mm-f28l-usm","tag-eos-1d-mark-ii","tag-fade-in-out","tag-france","tag-guitare","tag-ile-de-france","tag-lelysee-montmartre","tag-oasis","tag-paris","tag-the-coral"],"acf":[],"geo":{"latitude":48.883007,"longitude":2.3433254,"description":"72 Boulevard de Rochechouart, 75018 Paris, France"},"jetpack_publicize_connections":[],"jetpack_featured_media_url":"https:\/\/www.wallendorff.com\/belogue\/wp-content\/uploads\/2015\/04\/200712071.jpg","jetpack_shortlink":"https:\/\/wp.me\/p3b35P-hM","jetpack_sharing_enabled":true,"jetpack-related-posts":[{"id":1178,"url":"https:\/\/www.wallendorff.com\/belogue\/2008\/03\/06\/the-coral-l-lyse-montmartre-paris-6-dcembre-2007\/","url_meta":{"origin":1102,"position":0},"title":"The Coral @ l&rsquo;\u00c9lys\u00e9e-Montmartre, Paris, 6 d\u00e9cembre 2007.","author":"dpc","date":"6 mars 2008","format":false,"excerpt":"\u00a0Oasis \u2013 Step Out (live)","rel":"","context":"Dans &quot;Alive&quot;","block_context":{"text":"Alive","link":"https:\/\/www.wallendorff.com\/belogue\/category\/alive\/"},"img":{"alt_text":"","src":"https:\/\/i0.wp.com\/www.wallendorff.com\/belogue\/wp-content\/uploads\/2015\/04\/200803061.jpg?resize=350%2C200&ssl=1","width":350,"height":200,"srcset":"https:\/\/i0.wp.com\/www.wallendorff.com\/belogue\/wp-content\/uploads\/2015\/04\/200803061.jpg?resize=350%2C200&ssl=1 1x, https:\/\/i0.wp.com\/www.wallendorff.com\/belogue\/wp-content\/uploads\/2015\/04\/200803061.jpg?resize=525%2C300&ssl=1 1.5x, https:\/\/i0.wp.com\/www.wallendorff.com\/belogue\/wp-content\/uploads\/2015\/04\/200803061.jpg?resize=700%2C400&ssl=1 2x"},"classes":[]},{"id":38162,"url":"https:\/\/www.wallendorff.com\/belogue\/2018\/05\/18\/soviet-suprem-lelysee-montmartre-paris-17-mai\/","url_meta":{"origin":1102,"position":1},"title":"Soviet Suprem @ l&rsquo;\u00c9lys\u00e9e-Montmartre, Paris, 17 mai.","author":"dpc","date":"18 mai 2018","format":false,"excerpt":"La veille, j'\u00e9tais \u00e0 la Cigale pour Cats on Trees. La salle \u00e9tait blind\u00e9e et les angles rares. J'ai tent\u00e9 les coursives, le c\u00f4t\u00e9 de la sc\u00e8ne, puis le c\u00f4t\u00e9 droit du balcon sans succ\u00e8s, avant de me d\u00e9cider \u00e0 essayer le c\u00f4t\u00e9 gauche. C'est \u00e0 ce moment-l\u00e0 que Rhubarbe\u2026","rel":"","context":"Dans &quot;Alive&quot;","block_context":{"text":"Alive","link":"https:\/\/www.wallendorff.com\/belogue\/category\/alive\/"},"img":{"alt_text":"","src":"https:\/\/i0.wp.com\/www.wallendorff.com\/belogue\/wp-content\/uploads\/2018\/05\/20180518-17.jpg?resize=350%2C200&ssl=1","width":350,"height":200,"srcset":"https:\/\/i0.wp.com\/www.wallendorff.com\/belogue\/wp-content\/uploads\/2018\/05\/20180518-17.jpg?resize=350%2C200&ssl=1 1x, https:\/\/i0.wp.com\/www.wallendorff.com\/belogue\/wp-content\/uploads\/2018\/05\/20180518-17.jpg?resize=525%2C300&ssl=1 1.5x, https:\/\/i0.wp.com\/www.wallendorff.com\/belogue\/wp-content\/uploads\/2018\/05\/20180518-17.jpg?resize=700%2C400&ssl=1 2x, https:\/\/i0.wp.com\/www.wallendorff.com\/belogue\/wp-content\/uploads\/2018\/05\/20180518-17.jpg?resize=1050%2C600&ssl=1 3x"},"classes":[]},{"id":831,"url":"https:\/\/www.wallendorff.com\/belogue\/2006\/11\/18\/wolfmother-l-elysee-montmartre-paris\/","url_meta":{"origin":1102,"position":2},"title":"Wolfmother @ l&rsquo;\u00c9lys\u00e9e-Montmartre, Paris.","author":"dpc","date":"18 novembre 2006","format":false,"excerpt":"Gros papier sur les reformations ce mois-ci dans Rock n'Fluque. Foutrement bien \u00e9crit, d'ailleurs. Et terriblement juste. En substance, \u00e7a cherche \u00e0 comprendre pourquoi on y souscrit, pourquoi on va voir des ombres survivantes de combos morts et enterr\u00e9s \u2015\u00a0au figur\u00e9 et souvent m\u00eame au propre\u00a0\u2015 s'approprier leur nom et\u2026","rel":"","context":"Dans &quot;Alive&quot;","block_context":{"text":"Alive","link":"https:\/\/www.wallendorff.com\/belogue\/category\/alive\/"},"img":{"alt_text":"","src":"https:\/\/i0.wp.com\/www.wallendorff.com\/belogue\/wp-content\/uploads\/2015\/04\/200611181.jpg?resize=350%2C200&ssl=1","width":350,"height":200},"classes":[]},{"id":3715,"url":"https:\/\/www.wallendorff.com\/belogue\/2008\/12\/27\/2008en-2\/","url_meta":{"origin":1102,"position":3},"title":"2008 en&#8230; #2.","author":"dpc","date":"27 d\u00e9cembre 2008","format":false,"excerpt":"L'\u00c9lys\u00e9e-Montmartre, Paris, 8 d\u00e9cembre. Pr\u00e9sentent Les 5 groupes inconnus au bataillon de 2007 et reconnus d'int\u00e9r\u00eat public en 2008 Je suis effectivement rest\u00e9 sceptique devant le concert de l'\u00c9lys\u00e9e-Montmartre, mais malgr\u00e9 tout, les Black Angels ont l\u00e2ch\u00e9 cette ann\u00e9e un Directions to See a Ghost qui m'a bluff\u00e9 de sa\u2026","rel":"","context":"Dans &quot;DPC&quot;","block_context":{"text":"DPC","link":"https:\/\/www.wallendorff.com\/belogue\/category\/dpc\/"},"img":{"alt_text":"","src":"https:\/\/i0.wp.com\/www.wallendorff.com\/belogue\/wp-content\/uploads\/2015\/04\/200812271.jpg?resize=350%2C200&ssl=1","width":350,"height":200},"classes":[]},{"id":3536,"url":"https:\/\/www.wallendorff.com\/belogue\/2008\/10\/30\/the-subways-lelysee-montmartre-paris-29102008\/","url_meta":{"origin":1102,"position":4},"title":"The Subways @ l&rsquo;\u00c9lys\u00e9e-Montmartre, Paris.","author":"dpc","date":"30 octobre 2008","format":false,"excerpt":"The Subways \u2013Alright Photographiquement parlant \u00e7'aura \u00e9t\u00e9 une soir\u00e9e en demi-teinte, puisque que j'arrive trop tard pour chouter Quidam et que je me retrouve coinc\u00e9 sur la gauche parce que j'avais pr\u00e9vu de faire une variante de la photo ci-dessus et que lorsque je cherche \u00e0 partir \u00e0 droite, tout\u2026","rel":"","context":"Dans &quot;Alive&quot;","block_context":{"text":"Alive","link":"https:\/\/www.wallendorff.com\/belogue\/category\/alive\/"},"img":{"alt_text":"","src":"https:\/\/i0.wp.com\/www.wallendorff.com\/belogue\/wp-content\/uploads\/2015\/04\/200810301.jpg?resize=350%2C200&ssl=1","width":350,"height":200,"srcset":"https:\/\/i0.wp.com\/www.wallendorff.com\/belogue\/wp-content\/uploads\/2015\/04\/200810301.jpg?resize=350%2C200&ssl=1 1x, https:\/\/i0.wp.com\/www.wallendorff.com\/belogue\/wp-content\/uploads\/2015\/04\/200810301.jpg?resize=525%2C300&ssl=1 1.5x, https:\/\/i0.wp.com\/www.wallendorff.com\/belogue\/wp-content\/uploads\/2015\/04\/200810301.jpg?resize=700%2C400&ssl=1 2x"},"classes":[]},{"id":948,"url":"https:\/\/www.wallendorff.com\/belogue\/2007\/05\/10\/195queens-of-the-stone-age-l-elysee-montmartre-paris\/","url_meta":{"origin":1102,"position":5},"title":"[195] Queens of the Stone Age @ l&rsquo;\u00c9lys\u00e9e-Montmartre, Paris.","author":"dpc","date":"10 mai 2007","format":false,"excerpt":"H\u00e9h\u00e9h\u00e9, \u00e0 5\u00a0cm pr\u00e8s, je coupais aussi la main gauche du Josh Homme et apr\u00e8s \u00e7a et \u00e7a, on \u00e9tait parti pour une nouvelle s\u00e9rie de sinistrachirophobie, dis donc. \u00a0The Raconteurs \u2013 Level (live)","rel":"","context":"Dans &quot;Alive&quot;","block_context":{"text":"Alive","link":"https:\/\/www.wallendorff.com\/belogue\/category\/alive\/"},"img":{"alt_text":"","src":"https:\/\/i0.wp.com\/www.wallendorff.com\/belogue\/wp-content\/uploads\/2015\/04\/200705101.jpg?resize=350%2C200&ssl=1","width":350,"height":200},"classes":[]}],"_links":{"self":[{"href":"https:\/\/www.wallendorff.com\/belogue\/wp-json\/wp\/v2\/posts\/1102","targetHints":{"allow":["GET"]}}],"collection":[{"href":"https:\/\/www.wallendorff.com\/belogue\/wp-json\/wp\/v2\/posts"}],"about":[{"href":"https:\/\/www.wallendorff.com\/belogue\/wp-json\/wp\/v2\/types\/post"}],"author":[{"embeddable":true,"href":"https:\/\/www.wallendorff.com\/belogue\/wp-json\/wp\/v2\/users\/1"}],"replies":[{"embeddable":true,"href":"https:\/\/www.wallendorff.com\/belogue\/wp-json\/wp\/v2\/comments?post=1102"}],"version-history":[{"count":3,"href":"https:\/\/www.wallendorff.com\/belogue\/wp-json\/wp\/v2\/posts\/1102\/revisions"}],"predecessor-version":[{"id":18852,"href":"https:\/\/www.wallendorff.com\/belogue\/wp-json\/wp\/v2\/posts\/1102\/revisions\/18852"}],"wp:featuredmedia":[{"embeddable":true,"href":"https:\/\/www.wallendorff.com\/belogue\/wp-json\/wp\/v2\/media\/25031"}],"wp:attachment":[{"href":"https:\/\/www.wallendorff.com\/belogue\/wp-json\/wp\/v2\/media?parent=1102"}],"wp:term":[{"taxonomy":"category","embeddable":true,"href":"https:\/\/www.wallendorff.com\/belogue\/wp-json\/wp\/v2\/categories?post=1102"},{"taxonomy":"post_tag","embeddable":true,"href":"https:\/\/www.wallendorff.com\/belogue\/wp-json\/wp\/v2\/tags?post=1102"}],"curies":[{"name":"wp","href":"https:\/\/api.w.org\/{rel}","templated":true}]}}