{"id":1101,"date":"2007-12-06T09:59:34","date_gmt":"2007-12-06T09:59:34","guid":{"rendered":"http:\/\/www.po-l.com\/wordpress\/?p=1101"},"modified":"2012-09-25T13:59:57","modified_gmt":"2012-09-25T11:59:57","slug":"space-mots-keys-15","status":"publish","type":"post","link":"https:\/\/www.wallendorff.com\/belogue\/2007\/12\/06\/space-mots-keys-15\/","title":{"rendered":"Space mots-keys #15."},"content":{"rendered":"<div id=\"photo\">\n<p><img decoding=\"async\" src=\"https:\/\/www.wallendorff.com\/belogue\/images\/etoile_blanche.jpg\" \/><\/p>\n<\/div>\n<p style=\"text-align:center\"><img decoding=\"async\" src=\"https:\/\/www.wallendorff.com\/belogue\/photo\/2006\/10\/gougle.gif\" align=\"middle\"\/> ize proude tou pr&eacute;sente<\/p>\n<p style=\"text-align:center\"><img decoding=\"async\" src=\"https:\/\/www.wallendorff.com\/belogue\/photo\/2006\/10\/mots-cles.gif\" \/><\/p>\n<h1>3 concerts<\/h1>\n<ul>\n<li><img decoding=\"async\" src=\"https:\/\/www.wallendorff.com\/belogue\/photo\/2007\/12\/spm\/01.gif\" \/> &nbsp;38 <\/li>\n<li><img decoding=\"async\" src=\"https:\/\/www.wallendorff.com\/belogue\/photo\/2007\/12\/spm\/02.gif\" \/>&nbsp;&nbsp;38<\/li>\n<li><img decoding=\"async\" src=\"https:\/\/www.wallendorff.com\/belogue\/photo\/2007\/12\/spm\/04.gif\" \/>&nbsp;&nbsp;14<\/li>\n<\/ul>\n<p>Pour ceux qui se demande pourquoi cette d&eacute;ferlante de vieux m&eacute;tal, Maiden repasse &agrave; Bercy en juillet. <\/p>\n<h1>Nos amis les champignons<\/h1>\n<p>Y&rsquo;avait longtemps. &Ccedil;a s&rsquo;est calm&eacute; par rapport au groupe de Sonic le h&eacute;risson [le v&egrave;be c&rsquo;est comme dans Hairy Potter, dire le nom qu&rsquo;il faut pas &ccedil;a attire l&rsquo;ennemi], mais &ccedil;a fantasme toujours autant sur <img decoding=\"async\" src=\"https:\/\/www.wallendorff.com\/belogue\/photo\/2007\/12\/spm\/10.gif\" align=\"absmiddle\" \/> ou <img decoding=\"async\" src=\"https:\/\/www.wallendorff.com\/belogue\/photo\/2007\/12\/spm\/09.gif\" align=\"absmiddle\" \/>, en se posant des questions existentielles comme &laquo;&nbsp;<img decoding=\"async\" src=\"https:\/\/www.wallendorff.com\/belogue\/photo\/2007\/12\/spm\/23.gif\" align=\"absmiddle\" \/>&nbsp;&raquo;, &agrave; laquelle je r&eacute;pondrais bien &laquo; a priori tous les soirs, car il est rare qu&rsquo;un groupe se fasse remplacer par un autre dans ses concerts&nbsp;&raquo;, mais il y a peut-&ecirc;tre un pi&egrave;ge.<\/p>\n<p>Ah, j&rsquo;oubliais, j&rsquo;ai tout de m&ecirc;me re&ccedil;u un superbe  &laquo;&nbsp;<img decoding=\"async\" src=\"https:\/\/www.wallendorff.com\/belogue\/photo\/2007\/12\/spm\/14.gif\" align=\"absmiddle\" \/>&nbsp;&raquo; dont le style litt&eacute;raire n&rsquo;est pas sans rappeler les commentaires qui &eacute;chouent r&eacute;guli&egrave;rement sur les rives de <a href=\"https:\/\/www.wallendorff.com\/belogue\/2007\/05\/22\/197-killerpilze-la-boule-noire-paris\">cette note-l&agrave;<\/a> depuis 6 mois. <\/p>\n<h1>La courteliste<\/h1>\n<ul>\n<li><img decoding=\"async\" src=\"https:\/\/www.wallendorff.com\/belogue\/photo\/2007\/12\/spm\/05.gif\" \/><br \/>\n    C&rsquo;est venu plein de fois &ccedil;a, &agrave; travers tout le mois. &Ccedil;a doit &ecirc;tre la question subsidiaire du concours de la foire &agrave; la courgette de Toul.<br \/>\n    &nbsp; <\/li>\n<li><img decoding=\"async\" src=\"https:\/\/www.wallendorff.com\/belogue\/photo\/2007\/12\/spm\/06.gif\" \/><br \/>\n    Je crois que certains prennent Gougle pour le standard du P&egrave;re No&euml;l.<br \/>\n    &nbsp; <\/li>\n<li><img decoding=\"async\" src=\"https:\/\/www.wallendorff.com\/belogue\/photo\/2007\/12\/spm\/07.gif\" \/><br \/>\n    Excellente question. Tu es avec tes potes, tu bois des bi&egrave;res, tout va bien et paf, 5 ans plus tard tu te retrouves &agrave; faire des disques avec eux. C&rsquo;est moche. <br \/>\n    &nbsp; <\/li>\n<li><img decoding=\"async\" src=\"https:\/\/www.wallendorff.com\/belogue\/photo\/2007\/12\/spm\/08.gif\" \/><br \/>\n    Mais elle n&rsquo;est jamais pass&eacute;e chez moi.<br \/>\n    &nbsp; <\/li>\n<li><img decoding=\"async\" src=\"https:\/\/www.wallendorff.com\/belogue\/photo\/2007\/12\/spm\/11.gif\" \/><br \/>\n    Ahahah, je les avais oubli&eacute;s, eux. S&ucirc;rement, oui.<\/p>\n<\/li>\n<li><img decoding=\"async\" src=\"https:\/\/www.wallendorff.com\/belogue\/photo\/2007\/12\/spm\/12.gif\" \/><br \/>\n    Les Tambours du Bronx. Ou Stomp. Ou mes potes et moi le samedi soir en sortant du bar. &Agrave; part qu&rsquo;on braille en m&ecirc;me temps.<\/p>\n<\/li>\n<li><img decoding=\"async\" src=\"https:\/\/www.wallendorff.com\/belogue\/photo\/2007\/12\/spm\/13.gif\" \/><br \/>\n    Bah dauille, &eacute;videmment.<br \/>\n    &nbsp; <\/li>\n<li><img decoding=\"async\" src=\"https:\/\/www.wallendorff.com\/belogue\/photo\/2007\/12\/spm\/15.gif\" \/><br \/>\n    Bien au contraire.<\/p>\n<\/li>\n<li><img decoding=\"async\" src=\"https:\/\/www.wallendorff.com\/belogue\/photo\/2007\/12\/spm\/16.gif\" \/><br \/>\n    &Agrave; c&ocirc;t&eacute; d&rsquo;&laquo;&nbsp;Amy Wynouze sobre&nbsp;&raquo; et de &laquo;&nbsp;Bernard Pivot Star Acad&eacute;mie&nbsp;&raquo;. <\/p>\n<\/li>\n<li><img decoding=\"async\" src=\"https:\/\/www.wallendorff.com\/belogue\/photo\/2007\/12\/spm\/17.gif\" \/><br \/>\n    &Agrave; ce rythme, le mois prochain j&rsquo;ouvre une rubrique sur les fans d&rsquo;Interpol.<\/p>\n<\/li>\n<li><img decoding=\"async\" src=\"https:\/\/www.wallendorff.com\/belogue\/photo\/2007\/12\/spm\/18.gif\" \/><br \/>\n    Je ne suis pas s&ucirc;r de devoir me sentir flatt&eacute; lorsque Gougle pense &agrave; moi quand on lui pose cette question.<\/p>\n<\/li>\n<li><img decoding=\"async\" src=\"https:\/\/www.wallendorff.com\/belogue\/photo\/2007\/12\/spm\/19.gif\" \/><br \/>\n    Marrant &ccedil;a. La pr&eacute;cision &laquo;&nbsp;tout nu&nbsp;&raquo; n&rsquo;est faite nulle part, mais j&rsquo;ai la folle impression que cet utilisateur cherchait &agrave; voir Carl, Pete et Paula Jean se tripoter d&rsquo;autres instruments que ceux que l&rsquo;on voit habituellement dans leurs mains.<\/p>\n<\/li>\n<li><img decoding=\"async\" src=\"https:\/\/www.wallendorff.com\/belogue\/photo\/2007\/12\/spm\/20.gif\" \/><br \/>\n    Bonne id&eacute;e &ccedil;a, faudra que je pense &agrave; en faire.<\/p>\n<\/li>\n<li><img decoding=\"async\" src=\"https:\/\/www.wallendorff.com\/belogue\/photo\/2007\/12\/spm\/21.gif\" \/><br \/>\n    S&rsquo;il te p&egrave;se, tu peux me l&rsquo;envoyer.<\/p>\n<\/li>\n<li><img decoding=\"async\" src=\"https:\/\/www.wallendorff.com\/belogue\/photo\/2007\/12\/spm\/22.gif\" \/><br \/>\n    Tiens, Nicola Sirkis fait ses courses.<\/p>\n<\/li>\n<li><img decoding=\"async\" src=\"https:\/\/www.wallendorff.com\/belogue\/photo\/2007\/12\/spm\/25.gif\" \/><br \/>\n    [Mon dieu, parce qu&rsquo;en plus c&rsquo;est une reprise.] Je sais pas, <em>Case lodges hero<\/em>&nbsp;???<\/p>\n<\/li>\n<li><img decoding=\"async\" src=\"https:\/\/www.wallendorff.com\/belogue\/photo\/2007\/12\/spm\/26.gif\" \/><br \/>\n    Tend pis.<br \/>\n    &nbsp;<\/li>\n<li><img decoding=\"async\" src=\"https:\/\/www.wallendorff.com\/belogue\/photo\/2007\/12\/spm\/27.gif\" \/><br \/>\n    &Ccedil;a a l&rsquo;air super sympa, la vie dans ta maison.\n  <\/li>\n<\/ul>\n","protected":false},"excerpt":{"rendered":"<p>ize proude tou pr&eacute;sente 3 concerts &nbsp;38 &nbsp;&nbsp;38 &nbsp;&nbsp;14 Pour ceux qui se demande pourquoi cette d&eacute;ferlante de vieux m&eacute;tal, Maiden repasse &agrave; Bercy en juillet. Nos amis les champignons Y&rsquo;avait longtemps. &Ccedil;a s&rsquo;est calm&eacute; par rapport au groupe de Sonic le h&eacute;risson [le v&egrave;be c&rsquo;est comme dans Hairy Potter, dire le nom qu&rsquo;il faut&hellip;<\/p>\n","protected":false},"author":1,"featured_media":25030,"comment_status":"open","ping_status":"open","sticky":false,"template":"","format":"standard","meta":{"_acf_changed":false,"ngg_post_thumbnail":0,"jetpack_post_was_ever_published":false,"_jetpack_newsletter_access":"","_jetpack_dont_email_post_to_subs":false,"_jetpack_newsletter_tier_id":0,"_jetpack_memberships_contains_paywalled_content":false,"_jetpack_memberships_contains_paid_content":false,"footnotes":"","jetpack_publicize_message":"","jetpack_publicize_feature_enabled":true,"jetpack_social_post_already_shared":false,"jetpack_social_options":{"image_generator_settings":{"template":"highway","default_image_id":0,"font":"","enabled":false},"version":2}},"categories":[12],"tags":[],"class_list":["post-1101","post","type-post","status-publish","format-standard","has-post-thumbnail","hentry","category-space-mots-keys"],"acf":[],"geo":null,"jetpack_publicize_connections":[],"jetpack_featured_media_url":"https:\/\/www.wallendorff.com\/belogue\/wp-content\/uploads\/2015\/04\/gougle42.gif","jetpack_shortlink":"https:\/\/wp.me\/p3b35P-hL","jetpack_sharing_enabled":true,"jetpack-related-posts":[{"id":3487,"url":"https:\/\/www.wallendorff.com\/belogue\/2008\/10\/09\/space-mots-keys-26\/","url_meta":{"origin":1101,"position":0},"title":"Space mots-keys #26.","author":"dpc","date":"9 octobre 2008","format":false,"excerpt":"ize proude tou pr\u00e9sente La fourn\u00e9e du mois craint. C'est d'autant plus triste que cette 26e \u00e9dition marque le deuxi\u00e8me anniversaire de cette noble rubrique, qui s'en trouve fort mal honor\u00e9e. Avouons qu'il y a de quoi d\u00e9primer. La \u2015\u00a0tr\u00e8s\u00a0\u2015 courte-liste\u00a0: S\u00fbrement parce que la conjugaison telle qu'on la trouve\u2026","rel":"","context":"Dans &quot;Space mots-keys&quot;","block_context":{"text":"Space mots-keys","link":"https:\/\/www.wallendorff.com\/belogue\/category\/space-mots-keys\/"},"img":{"alt_text":"","src":"","width":0,"height":0},"classes":[]},{"id":1199,"url":"https:\/\/www.wallendorff.com\/belogue\/2008\/04\/07\/space-mots-keys-19\/","url_meta":{"origin":1101,"position":1},"title":"Space mots-keys #19.","author":"dpc","date":"7 avril 2008","format":false,"excerpt":"ize proude tou pr\u00e9sente Et pendant ce temps, chez Bill et Tom \u00c0 part les classiques , , , , , , , (notez le drame dont s'est teinte la requ\u00eate) et (si si, celui-l\u00e0 est plus fr\u00e9quent qu'on croit, il semble que voir notre jeune et nubile \u00e9bouriff\u00e9 manger\u2026","rel":"","context":"Dans &quot;Space mots-keys&quot;","block_context":{"text":"Space mots-keys","link":"https:\/\/www.wallendorff.com\/belogue\/category\/space-mots-keys\/"},"img":{"alt_text":"","src":"","width":0,"height":0},"classes":[]},{"id":3584,"url":"https:\/\/www.wallendorff.com\/belogue\/2008\/11\/17\/space-mots-keys-27\/","url_meta":{"origin":1101,"position":2},"title":"Space mots-keys #27.","author":"dpc","date":"17 novembre 2008","format":false,"excerpt":"ize proude tou pr\u00e9sente Dites donc plus \u00e7a va et plus cette rubrique s'essoufle, je vais finir par la laisser tomber. La courte-liste\u00a0: En voil\u00e0 un qui n'a pas d\u00fb se sentir tr\u00e8s aid\u00e9 par le r\u00e9sultat sur lequel il est tomb\u00e9. \u00a0 Dans mes souvenirs c'\u00e9tait plut\u00f4t Agnan. \u00a0\u2026","rel":"","context":"Dans &quot;Space mots-keys&quot;","block_context":{"text":"Space mots-keys","link":"https:\/\/www.wallendorff.com\/belogue\/category\/space-mots-keys\/"},"img":{"alt_text":"","src":"","width":0,"height":0},"classes":[]},{"id":1008,"url":"https:\/\/www.wallendorff.com\/belogue\/2007\/08\/03\/space-mots-keys-11\/","url_meta":{"origin":1101,"position":3},"title":"Space mots-keys #11.","author":"dpc","date":"3 ao\u00fbt 2007","format":false,"excerpt":"ize proude tou pr\u00e9sente L'entr\u00e9e fracassante Gr\u00e2ce \u00e0 cette note, explose tous les records, tapant 31 requ\u00eates, loin devant le traditionnel . Respect. 3 concerts \u00a015 \u00a0\u00a0\u00a09 \u00a0\u00a0\u00a06 Victoire haut-la-main d'un concert auquel je ne suis pas all\u00e9. Gougle est d\u00e9cid\u00e9ment un outil bien fac\u00e9tieux. \u00c0 noter que l'engouement pour\u2026","rel":"","context":"Dans &quot;Space mots-keys&quot;","block_context":{"text":"Space mots-keys","link":"https:\/\/www.wallendorff.com\/belogue\/category\/space-mots-keys\/"},"img":{"alt_text":"","src":"","width":0,"height":0},"classes":[]},{"id":1028,"url":"https:\/\/www.wallendorff.com\/belogue\/2007\/09\/03\/space-mots-keys-12\/","url_meta":{"origin":1101,"position":4},"title":"Space mots-keys #12.","author":"dpc","date":"3 septembre 2007","format":false,"excerpt":"ize proude tou pr\u00e9sente L'entr\u00e9e fracassante Il y a deux mois, c'\u00e9tait qui surgissait subitement. Ce coup-ci, c'est qui tape l'incruste 35 fois alors qu'on l'avait jamais vu et que la note o\u00f9 qu'on le trouve date de plus de 2 ans et demi. M\u00eame fait moins. Faudra qu'on m'explique.\u2026","rel":"","context":"Dans &quot;Space mots-keys&quot;","block_context":{"text":"Space mots-keys","link":"https:\/\/www.wallendorff.com\/belogue\/category\/space-mots-keys\/"},"img":{"alt_text":"","src":"","width":0,"height":0},"classes":[]},{"id":843,"url":"https:\/\/www.wallendorff.com\/belogue\/2006\/12\/02\/space-mots-keys-3\/","url_meta":{"origin":1101,"position":5},"title":"Space mots-keys #3.","author":"dpc","date":"2 d\u00e9cembre 2006","format":false,"excerpt":"ize proude tou pr\u00e9sente Le choc\u00a0: \u2015 20 requ\u00eates \u2015 24 requ\u00eates Matthias, sa bande et tous ses amis belfortains vengent Molko et ses potes de l'affront subi le mois dernier en renvoyant le tatou\u00e9 et son pote se lier d'amiti\u00e9 avec la communaut\u00e9 masculine hell\u00e8ne. Mention sp\u00e9ciale \u00e0 (11\u2026","rel":"","context":"Dans &quot;Space mots-keys&quot;","block_context":{"text":"Space mots-keys","link":"https:\/\/www.wallendorff.com\/belogue\/category\/space-mots-keys\/"},"img":{"alt_text":"","src":"","width":0,"height":0},"classes":[]}],"_links":{"self":[{"href":"https:\/\/www.wallendorff.com\/belogue\/wp-json\/wp\/v2\/posts\/1101","targetHints":{"allow":["GET"]}}],"collection":[{"href":"https:\/\/www.wallendorff.com\/belogue\/wp-json\/wp\/v2\/posts"}],"about":[{"href":"https:\/\/www.wallendorff.com\/belogue\/wp-json\/wp\/v2\/types\/post"}],"author":[{"embeddable":true,"href":"https:\/\/www.wallendorff.com\/belogue\/wp-json\/wp\/v2\/users\/1"}],"replies":[{"embeddable":true,"href":"https:\/\/www.wallendorff.com\/belogue\/wp-json\/wp\/v2\/comments?post=1101"}],"version-history":[{"count":2,"href":"https:\/\/www.wallendorff.com\/belogue\/wp-json\/wp\/v2\/posts\/1101\/revisions"}],"predecessor-version":[{"id":19065,"href":"https:\/\/www.wallendorff.com\/belogue\/wp-json\/wp\/v2\/posts\/1101\/revisions\/19065"}],"wp:featuredmedia":[{"embeddable":true,"href":"https:\/\/www.wallendorff.com\/belogue\/wp-json\/wp\/v2\/media\/25030"}],"wp:attachment":[{"href":"https:\/\/www.wallendorff.com\/belogue\/wp-json\/wp\/v2\/media?parent=1101"}],"wp:term":[{"taxonomy":"category","embeddable":true,"href":"https:\/\/www.wallendorff.com\/belogue\/wp-json\/wp\/v2\/categories?post=1101"},{"taxonomy":"post_tag","embeddable":true,"href":"https:\/\/www.wallendorff.com\/belogue\/wp-json\/wp\/v2\/tags?post=1101"}],"curies":[{"name":"wp","href":"https:\/\/api.w.org\/{rel}","templated":true}]}}