{"id":1097,"date":"2007-12-02T13:18:42","date_gmt":"2007-12-02T13:18:42","guid":{"rendered":"http:\/\/www.po-l.com\/wordpress\/?p=1097"},"modified":"2013-01-27T16:19:45","modified_gmt":"2013-01-27T14:19:45","slug":"flexa-lyndo-la-flche-d-or-paris","status":"publish","type":"post","link":"https:\/\/www.wallendorff.com\/belogue\/2007\/12\/02\/flexa-lyndo-la-flche-d-or-paris\/","title":{"rendered":"Flexa Lyndo @ la Fl\u00e8che d&rsquo;Or, Paris."},"content":{"rendered":"<div id=\"photo\">\n<p><img decoding=\"async\" src=\"https:\/\/www.wallendorff.com\/belogue\/photo\/2007\/12\/20071202.jpg\" \/><\/p>\n<\/div>\n<p>Passant  en dernier apr&egrave;s Amen Birdmen et We Are Terrorists, et malgr&eacute; un  bassiste diminu&eacute; par une s&eacute;v&egrave;re gastro &#8213;&nbsp;il jouera assis  durant tout le set&nbsp;&#8213; Flexa Lyndo est &agrave; l&rsquo;aise dans cette  Fl&egrave;che d&rsquo;Or de samedi soir &agrave; moiti&eacute; pleine. S&rsquo;imposant  d&rsquo;entr&eacute;e avec un <em>Europe Stump<\/em> prenant, les Namurois tissent une toile d&rsquo;ambiances planantes, un  peu r&ecirc;veuses, voletant dans une autre galaxie entre <em>Cleo<\/em>, <em>Get Down to Work<\/em> ou <em>Love Forever Knows<\/em>.  La Fl&egrave;che d&rsquo;Or se prend au jeu, murmurant en ch&oelig;ur sur <em>Bang  on the Motorcade<\/em> et <em>Don&rsquo;t  Have It<\/em>. On voit m&ecirc;me quelques fans  chanter toutes les paroles. Flexa Lyndo ressort les dents pour une  version de <em>Grand Jumble Army <\/em>tremp&eacute;e  dans la rage, avant de finir son show dans un <em>Love  The Bomb<\/em> en forme de bonne nuit  jouissive. Ces belges-l&agrave; iront loin.<\/p>\n<div id=\"bandeson\">\n<p><img decoding=\"async\" src=\"https:\/\/www.wallendorff.com\/belogue\/photo\/pochettes\/f\/flexa_lyndo-slow_club.jpg\" align=\"left\" \/>&nbsp;<a href=\"http:\/\/www.flexalyndo.net\">Flexa Lyndo<\/a> &ndash; <em>Love Forever Knows<\/em> (live)<\/p>\n<\/p><\/div>\n","protected":false},"excerpt":{"rendered":"<p>Passant en dernier apr&egrave;s Amen Birdmen et We Are Terrorists, et malgr&eacute; un bassiste diminu&eacute; par une s&eacute;v&egrave;re gastro &#8213;&nbsp;il jouera assis durant tout le set&nbsp;&#8213; Flexa Lyndo est &agrave; l&rsquo;aise dans cette Fl&egrave;che d&rsquo;Or de samedi soir &agrave; moiti&eacute; pleine. S&rsquo;imposant d&rsquo;entr&eacute;e avec un Europe Stump prenant, les Namurois tissent une toile d&rsquo;ambiances planantes,&hellip;<\/p>\n","protected":false},"author":1,"featured_media":25026,"comment_status":"open","ping_status":"open","sticky":false,"template":"","format":"standard","meta":{"_acf_changed":false,"ngg_post_thumbnail":0,"jetpack_post_was_ever_published":false,"_jetpack_newsletter_access":"","_jetpack_dont_email_post_to_subs":false,"_jetpack_newsletter_tier_id":0,"_jetpack_memberships_contains_paywalled_content":false,"_jetpack_memberships_contains_paid_content":false,"footnotes":"","jetpack_publicize_message":"","jetpack_publicize_feature_enabled":true,"jetpack_social_post_already_shared":false,"jetpack_social_options":{"image_generator_settings":{"template":"highway","default_image_id":0,"font":"","enabled":false},"version":2}},"categories":[7],"tags":[10134,10216,10084,196,187,2133,10120,10121,10374,2230,143,10098,10199],"class_list":["post-1097","post","type-post","status-publish","format-standard","has-post-thumbnail","hentry","category-alive","tag-10134","tag-10216","tag-alive","tag-ef-28-70-mm-f28l-usm","tag-eos-1d-mark-ii","tag-flexa-lyndo","tag-france","tag-ile-de-france","tag-la-fleche-dor","tag-love-forever-knows","tag-noir-et-blanc","tag-paris","tag-pieds"],"acf":[],"geo":{"latitude":48.8594246,"longitude":2.4029884,"description":"94-104 Rue de Bagnolet, 75020 Paris, France"},"jetpack_publicize_connections":[],"jetpack_featured_media_url":"https:\/\/www.wallendorff.com\/belogue\/wp-content\/uploads\/2015\/04\/200712021.jpg","jetpack_shortlink":"https:\/\/wp.me\/p3b35P-hH","jetpack_sharing_enabled":true,"jetpack-related-posts":[{"id":1036,"url":"https:\/\/www.wallendorff.com\/belogue\/2007\/09\/13\/la-fin-du-bed-oui\/","url_meta":{"origin":1097,"position":0},"title":"La fin du bed, oui.","author":"dpc","date":"13 septembre 2007","format":false,"excerpt":"The Good The Bad & The Queen, les Eurock\u00e9ennes, Belfort, 1er juillet. Y a quand m\u00eame des fois o\u00f9 t'en as marre, de ces conneries. \u00a0Flexa Lyndo \u2013 Grand Jumble Army","rel":"","context":"Dans &quot;Previously unreleased&quot;","block_context":{"text":"Previously unreleased","link":"https:\/\/www.wallendorff.com\/belogue\/category\/previously-unreleased\/"},"img":{"alt_text":"","src":"https:\/\/i0.wp.com\/www.wallendorff.com\/belogue\/wp-content\/uploads\/2015\/04\/200709131.jpg?resize=350%2C200&ssl=1","width":350,"height":200},"classes":[]},{"id":5465,"url":"https:\/\/www.wallendorff.com\/belogue\/2009\/12\/27\/en-2-2\/","url_meta":{"origin":1097,"position":1},"title":"2009 en&#8230; #2.","author":"dpc","date":"27 d\u00e9cembre 2009","format":false,"excerpt":"The Black Box Revelation, le Bataclan, Paris, 3 avril. et pr\u00e9sentent 2009 en 5 nouvelles bandes de jeunes qui s'\u00e9clatent Jan Paternoster et Dries Van Dijck ne ressemblent \u00e0 rien, viennent d'une banlieue cradingue et n'ont personne pour les aider \u00e0 mieux choisir leurs pulls. Mais Paternoster et Van Dijck\u2026","rel":"","context":"Dans &quot;DPC&quot;","block_context":{"text":"DPC","link":"https:\/\/www.wallendorff.com\/belogue\/category\/dpc\/"},"img":{"alt_text":"","src":"https:\/\/i0.wp.com\/www.wallendorff.com\/belogue\/wp-content\/uploads\/2015\/04\/200912271.jpg?resize=350%2C200&ssl=1","width":350,"height":200},"classes":[]},{"id":7381,"url":"https:\/\/www.wallendorff.com\/belogue\/2010\/04\/14\/frightened-rabbit-candy-clash-la-fleche-dor-paris\/","url_meta":{"origin":1097,"position":2},"title":"Frightened Rabbit + Candy Clash @ la Fl\u00e8che d&rsquo;Or, Paris.","author":"dpc","date":"14 avril 2010","format":false,"excerpt":"[Va falloir que je pense s\u00e9rieusement \u00e0 arr\u00eater la Fl\u00e8che d'Or et ses lumi\u00e8res moisies.] Candy Clash n'\u00e9volue pas vraiment dans ma ligue, mais plut\u00f4t dans ce genre musical o\u00f9 le chanteur finit invariablement pendu dans sa cuisine avec une corde \u00e0 linge1 la veille de son d\u00e9part en tourn\u00e9e\u2026","rel":"","context":"Dans &quot;Alive&quot;","block_context":{"text":"Alive","link":"https:\/\/www.wallendorff.com\/belogue\/category\/alive\/"},"img":{"alt_text":"","src":"https:\/\/i0.wp.com\/www.wallendorff.com\/belogue\/wp-content\/uploads\/2015\/04\/201004141.jpg?resize=350%2C200&ssl=1","width":350,"height":200,"srcset":"https:\/\/i0.wp.com\/www.wallendorff.com\/belogue\/wp-content\/uploads\/2015\/04\/201004141.jpg?resize=350%2C200&ssl=1 1x, https:\/\/i0.wp.com\/www.wallendorff.com\/belogue\/wp-content\/uploads\/2015\/04\/201004141.jpg?resize=525%2C300&ssl=1 1.5x, https:\/\/i0.wp.com\/www.wallendorff.com\/belogue\/wp-content\/uploads\/2015\/04\/201004141.jpg?resize=700%2C400&ssl=1 2x"},"classes":[]},{"id":9281,"url":"https:\/\/www.wallendorff.com\/belogue\/2010\/09\/19\/woodpigeon-la-fleche-dor-paris\/","url_meta":{"origin":1097,"position":3},"title":"Woodpigeon @ la Fl\u00e8che d&rsquo;Or, Paris.","author":"dpc","date":"19 septembre 2010","format":false,"excerpt":"Lonely Kiss | The Allison Yip School for Girls | Oberkampf | Knock Knock | The Saddest Music in the World | I Know a Lot of Places | ... And as the Ship Went Down, You'd Never Looked Finer Un rapide set de 40 minutes par le Mark Hamilton\u2026","rel":"","context":"Dans &quot;Alive&quot;","block_context":{"text":"Alive","link":"https:\/\/www.wallendorff.com\/belogue\/category\/alive\/"},"img":{"alt_text":"","src":"https:\/\/i0.wp.com\/www.wallendorff.com\/belogue\/wp-content\/uploads\/2015\/04\/201009191.jpg?resize=350%2C200&ssl=1","width":350,"height":200,"srcset":"https:\/\/i0.wp.com\/www.wallendorff.com\/belogue\/wp-content\/uploads\/2015\/04\/201009191.jpg?resize=350%2C200&ssl=1 1x, https:\/\/i0.wp.com\/www.wallendorff.com\/belogue\/wp-content\/uploads\/2015\/04\/201009191.jpg?resize=525%2C300&ssl=1 1.5x, https:\/\/i0.wp.com\/www.wallendorff.com\/belogue\/wp-content\/uploads\/2015\/04\/201009191.jpg?resize=700%2C400&ssl=1 2x"},"classes":[]},{"id":12644,"url":"https:\/\/www.wallendorff.com\/belogue\/2011\/04\/14\/the-head-and-the-heart-mechanical-bride-trevor-ross-hannah-lou\/","url_meta":{"origin":1097,"position":4},"title":"The Head and the Heart + Mechanical Bride + Trevor Ross &#038; Hannah-Lou @ la Fl\u00e8che d&rsquo;Or, Paris.","author":"dpc","date":"14 avril 2011","format":false,"excerpt":"Tr\u00e8s calmes sur disque \u2015\u00a0le Cats and Dogs ci-dessous est ce qu'on trouve de plus \u00e9nerv\u00e9 chez eux\u00a0\u2015, The Head and the Heart se montrent bien plus enjou\u00e9s sur sc\u00e8ne, donnant plus d'ampleur \u00e0 leurs morceaux et conqu\u00e9rant bien vite une Fl\u00e8che d'Or qui ne tarde pas \u00e0 taper dans\u2026","rel":"","context":"Dans &quot;Alive&quot;","block_context":{"text":"Alive","link":"https:\/\/www.wallendorff.com\/belogue\/category\/alive\/"},"img":{"alt_text":"","src":"https:\/\/i0.wp.com\/www.wallendorff.com\/belogue\/wp-content\/uploads\/2015\/04\/201104141.jpg?resize=350%2C200&ssl=1","width":350,"height":200,"srcset":"https:\/\/i0.wp.com\/www.wallendorff.com\/belogue\/wp-content\/uploads\/2015\/04\/201104141.jpg?resize=350%2C200&ssl=1 1x, https:\/\/i0.wp.com\/www.wallendorff.com\/belogue\/wp-content\/uploads\/2015\/04\/201104141.jpg?resize=525%2C300&ssl=1 1.5x, https:\/\/i0.wp.com\/www.wallendorff.com\/belogue\/wp-content\/uploads\/2015\/04\/201104141.jpg?resize=700%2C400&ssl=1 2x"},"classes":[]},{"id":22733,"url":"https:\/\/www.wallendorff.com\/belogue\/2014\/04\/23\/kaiser-chiefs-la-fleche-dor-paris\/","url_meta":{"origin":1097,"position":5},"title":"Kaiser Chiefs @ la Fl\u00e8che d&rsquo;Or, Paris.","author":"dpc","date":"23 avril 2014","format":false,"excerpt":"For\u00eat d'Hargnies, 24 mars. 3 titres sans flash et pas une seconde de plus. Mais \u00e7a valait le d\u00e9placement. One More Last Song Kaiser Chiefs \u00a0","rel":"","context":"Dans &quot;Alive&quot;","block_context":{"text":"Alive","link":"https:\/\/www.wallendorff.com\/belogue\/category\/alive\/"},"img":{"alt_text":"","src":"https:\/\/i0.wp.com\/www.wallendorff.com\/belogue\/wp-content\/uploads\/2015\/04\/201404231.jpg?resize=350%2C200&ssl=1","width":350,"height":200,"srcset":"https:\/\/i0.wp.com\/www.wallendorff.com\/belogue\/wp-content\/uploads\/2015\/04\/201404231.jpg?resize=350%2C200&ssl=1 1x, https:\/\/i0.wp.com\/www.wallendorff.com\/belogue\/wp-content\/uploads\/2015\/04\/201404231.jpg?resize=525%2C300&ssl=1 1.5x, https:\/\/i0.wp.com\/www.wallendorff.com\/belogue\/wp-content\/uploads\/2015\/04\/201404231.jpg?resize=700%2C400&ssl=1 2x"},"classes":[]}],"_links":{"self":[{"href":"https:\/\/www.wallendorff.com\/belogue\/wp-json\/wp\/v2\/posts\/1097","targetHints":{"allow":["GET"]}}],"collection":[{"href":"https:\/\/www.wallendorff.com\/belogue\/wp-json\/wp\/v2\/posts"}],"about":[{"href":"https:\/\/www.wallendorff.com\/belogue\/wp-json\/wp\/v2\/types\/post"}],"author":[{"embeddable":true,"href":"https:\/\/www.wallendorff.com\/belogue\/wp-json\/wp\/v2\/users\/1"}],"replies":[{"embeddable":true,"href":"https:\/\/www.wallendorff.com\/belogue\/wp-json\/wp\/v2\/comments?post=1097"}],"version-history":[{"count":3,"href":"https:\/\/www.wallendorff.com\/belogue\/wp-json\/wp\/v2\/posts\/1097\/revisions"}],"predecessor-version":[{"id":20336,"href":"https:\/\/www.wallendorff.com\/belogue\/wp-json\/wp\/v2\/posts\/1097\/revisions\/20336"}],"wp:featuredmedia":[{"embeddable":true,"href":"https:\/\/www.wallendorff.com\/belogue\/wp-json\/wp\/v2\/media\/25026"}],"wp:attachment":[{"href":"https:\/\/www.wallendorff.com\/belogue\/wp-json\/wp\/v2\/media?parent=1097"}],"wp:term":[{"taxonomy":"category","embeddable":true,"href":"https:\/\/www.wallendorff.com\/belogue\/wp-json\/wp\/v2\/categories?post=1097"},{"taxonomy":"post_tag","embeddable":true,"href":"https:\/\/www.wallendorff.com\/belogue\/wp-json\/wp\/v2\/tags?post=1097"}],"curies":[{"name":"wp","href":"https:\/\/api.w.org\/{rel}","templated":true}]}}