{"id":10962,"date":"2010-12-26T09:00:26","date_gmt":"2010-12-26T08:00:26","guid":{"rendered":"http:\/\/www.po-l.com\/belogue\/?p=10962"},"modified":"2011-12-19T14:27:03","modified_gmt":"2011-12-19T12:27:03","slug":"2010en-1","status":"publish","type":"post","link":"https:\/\/www.wallendorff.com\/belogue\/2010\/12\/26\/2010en-1\/","title":{"rendered":"2010 en&#8230; #1."},"content":{"rendered":"<div id=\"photo\">\n<p><img decoding=\"async\" src=\"https:\/\/www.wallendorff.com\/belogue\/photo\/2010\/12\/20101226.jpg\" \/><br \/>\n    [Merci &agrave; <a href=\"http:\/\/www.marion-photographie.com\">Marion Ruszniewski<\/a> et <a href=\"http:\/\/www.myspace.com\/matildaclarck\">Michela Cuccagna<\/a> pour l&rsquo;inestimable aide apport&eacute;e durant l&rsquo;&eacute;laboration de cette &OElig;uvre po&eacute;tique.]<\/p>\n<\/div>\n<p style=\"text-align:center\"><img decoding=\"async\" src=\"https:\/\/www.wallendorff.com\/belogue\/photo\/2010\/12\/sponsors\/quies.gif\" align=\"absmiddle\" \/><\/p>\n<p style=\"text-align:center\"><strong>pr&eacute;sente<\/strong><\/p>\n<h1 class=\"titre\">2011 en 5 horreurs musicales radiodiffus&eacute;es<\/h1>\n<p>[C&rsquo;est quand m&ecirc;me fou de voir que chaque ann&eacute;e, c&rsquo;est dans ce classement-l&agrave; et nulle part ailleurs que l&rsquo;on voit se presser le plus d&rsquo;artistes francophones.]<\/p>\n<p>Saluons donc tous Olivia Gruik pour avoir fait ENCORE PLUS FORT que Ren&eacute; la Taupe et ZAZ r&eacute;unies avec sa repompe &eacute;hont&eacute;e de la pub des raviolis Panzani, refourgu&eacute;e &agrave; toute une g&eacute;n&eacute;ration en manque d&rsquo;idoles comme si c&rsquo;&eacute;tait du tout neuf.<\/p>\n<p style=\"text-align:right\">C&rsquo;est beau.<\/p>\n<p style=\"text-align:right\">&Ccedil;a m&eacute;rite une Victoire de la Musique.<\/p>\n<p style=\"text-align:right\">En fait TOUS les francophones pr&eacute;sents dans cette liste m&eacute;ritent une Victoire de la Musique, Ren&eacute; la Taupe en t&ecirc;te, ensuite on les mettrait TOUS dans un grand sac et on irait TOUS les noyer.<\/p>\n<ol>\n<ol>\n<ol>\n<ol>\n<li><strong>Olivia Gruik &mdash; <em>Les cr&ecirc;pes aux champignons<\/em><\/strong><\/li>\n<li>Ren&eacute; la Taupe &mdash; <em>Mignon<\/em><\/li>\n<li>ZAZ &mdash; <em>Je veux<\/em><\/li>\n<li>Ben l&rsquo;Oncle Soul &mdash; <em>Seven Nation Army<\/em> (The White Stripes cover)<\/li>\n<li>Ga&euml;tan Roussel &mdash; <em>Help Myself (Nous ne faisons que passer)<\/em><\/li>\n<\/ol>\n<\/ol>\n<\/ol>\n<\/ol>\n<p><strong>&Eacute;galement cit&eacute;s&nbsp;:<\/strong> Ga&euml;tan Roussel &#8213; <em>Dis-moi encore que tu m&rsquo;aimes<\/em>, F&eacute;loche &#8213; <em>Dr. Jones, <\/em>BB Brunes &#8213; <em>Nico Teen Love, <\/em>Maroon 5 &#8213; <em>Misery, <\/em>30 Seconds to Mars &#8213; <em>Closer to the Edge<\/em>, Travie McCoy &#8213; <em>Billionaire, <\/em>Kaolin &#8213; <em>Crois-moi, <\/em>Uffie &#8213; <em>MCs Can Kiss, <\/em>Kanye West &#8213; <em>Runaway<\/em>, Jay-Jay Johanson &#8213; <em>Jay-Jay Johanson<\/em> et Ren&eacute; la Taupe &#8213; <em>Ren&eacute; la Taupe chante No&euml;l<\/em> (ce dernier <a href=\"http:\/\/www.youtube.com\/watch?v=VdY53HqvrRM\">n&rsquo;est pas une blague<\/a>).<\/p>\n<p style=\"text-align:right\">[Willow Smith, David Guetta, Pascal Obispo et Yannick Noah n&rsquo;ayant pas encore r&eacute;ussi &agrave; investir ma radio, ils ne figurent logiquement pas dans ce classement.]<\/p>\n<p style=\"text-align:right\">[Mais ne perdent rien pour attendre.]<\/p>\n<p align=\"left\">Archives <a href=\"https:\/\/www.wallendorff.com\/belogue\/2009\/12\/26\/2009en-1\/\">2009<\/a>, <a href=\"https:\/\/www.wallendorff.com\/belogue\/2008\/12\/26\/deuxmilhuit-en-1\/\">2008<\/a>, <a href=\"https:\/\/www.wallendorff.com\/belogue\/2007\/12\/25\/2007en-1\/\">2007<\/a> et <a href=\"https:\/\/www.wallendorff.com\/belogue\/2007\/01\/10\/shooting-people-7\/\">2006<\/a>.<\/p>\n<\/ol>\n<\/ol>\n<\/ol>\n<div id=\"bandeson\">\n<p><img decoding=\"async\" src=\"https:\/\/www.wallendorff.com\/belogue\/photo\/pochettes\/s\/sons_and_daughters-this_gift.jpg\" align=\"left\" \/>&nbsp;<a href=\"http:\/\/www.sonsanddaughtersloveyou.com\/\">Sons &amp; Daughters<\/a> &ndash; <em>House in My Head<\/em> (live)<\/p>\n<\/div>\n","protected":false},"excerpt":{"rendered":"<p>[Merci &agrave; Marion Ruszniewski et Michela Cuccagna pour l&rsquo;inestimable aide apport&eacute;e durant l&rsquo;&eacute;laboration de cette &OElig;uvre po&eacute;tique.] pr&eacute;sente 2011 en 5 horreurs musicales radiodiffus&eacute;es [C&rsquo;est quand m&ecirc;me fou de voir que chaque ann&eacute;e, c&rsquo;est dans ce classement-l&agrave; et nulle part ailleurs que l&rsquo;on voit se presser le plus d&rsquo;artistes francophones.] Saluons donc tous Olivia Gruik&hellip;<\/p>\n","protected":false},"author":1,"featured_media":26029,"comment_status":"open","ping_status":"open","sticky":false,"template":"","format":"standard","meta":{"_acf_changed":false,"ngg_post_thumbnail":0,"jetpack_post_was_ever_published":false,"_jetpack_newsletter_access":"","_jetpack_dont_email_post_to_subs":false,"_jetpack_newsletter_tier_id":0,"_jetpack_memberships_contains_paywalled_content":false,"_jetpack_memberships_contains_paid_content":false,"footnotes":"","jetpack_publicize_message":"","jetpack_publicize_feature_enabled":true,"jetpack_social_post_already_shared":false,"jetpack_social_options":{"image_generator_settings":{"template":"highway","default_image_id":0,"font":"","enabled":false},"version":2}},"categories":[3],"tags":[4533,10183,10469,4529,2571,2615,167,10137,10789,4531,10835,4537,4540,3335,4535,10622,4532,3334,10547,4527,1226,4534,4536,4528],"class_list":["post-10962","post","type-post","status-publish","format-standard","has-post-thumbnail","hentry","category-dpc","tag-30-seconds-to-mars","tag-10183","tag-bb-brunes","tag-ben-loncle-soul","tag-ef-16-35-mm-f28l-ii-usm","tag-eos-5d-mark-ii","tag-classements-de-fin-dannee","tag-disques","tag-etagere","tag-feloche","tag-gaetan-roussel","tag-house-in-my-head","tag-jay-jay-johanson","tag-kanye-west","tag-kaolin","tag-main","tag-maroon-5","tag-nases","tag-olivia-ruiz","tag-rene-la-taupe","tag-sons-daughters","tag-travie-mccoy","tag-uffie","tag-zaz"],"acf":[],"geo":{"latitude":48.8618889,"longitude":2.3855996,"description":"76 Rue de la Folie-Regnault, 75011 Paris, France"},"jetpack_publicize_connections":[],"jetpack_featured_media_url":"https:\/\/www.wallendorff.com\/belogue\/wp-content\/uploads\/2015\/04\/201012261.jpg","jetpack_shortlink":"https:\/\/wp.me\/p3b35P-2QO","jetpack_sharing_enabled":true,"jetpack-related-posts":[{"id":4659,"url":"https:\/\/www.wallendorff.com\/belogue\/2009\/09\/04\/place-est-la-boire-un-peu-haut\/","url_meta":{"origin":10962,"position":0},"title":"Place est l\u00e0 boire [un peu haut].","author":"dpc","date":"4 septembre 2009","format":false,"excerpt":"Williams Street, Ann Arbor, 5 mai. \u00a0 Jay Reatard \u2013 It Ain't Gonna Save Me Je sais que mon titre craint mais voyez-vous ma bonne Marie-Ange j'ai pas le temps de le peaufiner car il faut absolument que je m'enqui\u00e8re des nouvelles aventures de Bill-de-Tokio-Hotel fra\u00eechement revenu sous la forme\u2026","rel":"","context":"Dans &quot;DPC&quot;","block_context":{"text":"DPC","link":"https:\/\/www.wallendorff.com\/belogue\/category\/dpc\/"},"img":{"alt_text":"","src":"https:\/\/i0.wp.com\/www.wallendorff.com\/belogue\/wp-content\/uploads\/2015\/04\/200909041.jpg?resize=350%2C200&ssl=1","width":350,"height":200},"classes":[]},{"id":1349,"url":"https:\/\/www.wallendorff.com\/belogue\/2008\/08\/08\/taupe-sincante\/","url_meta":{"origin":10962,"position":1},"title":"Taupe s&rsquo;incante.","author":"dpc","date":"8 ao\u00fbt 2008","format":false,"excerpt":"Station Tr\u00e8s Grosse Biblioth\u00e8que, Paris, 12 juilllet. Bat for Lashes \u2013 A Forest (The Cure cover) J'ai donc d\u00e9cid\u00e9 de marquer le coup de la journ\u00e9e internationale de l'Ardenne \u00e9ternelle en passant le bel\u00f6gue de Dotclear \u00e0 Wordpress. Le but \u00e9tait de pouvoir parsemer mes notasses de balises1 diverses, de\u2026","rel":"","context":"Dans &quot;DPC&quot;","block_context":{"text":"DPC","link":"https:\/\/www.wallendorff.com\/belogue\/category\/dpc\/"},"img":{"alt_text":"","src":"https:\/\/i0.wp.com\/www.wallendorff.com\/belogue\/wp-content\/uploads\/2015\/04\/200808081.jpg?resize=350%2C200&ssl=1","width":350,"height":200},"classes":[]},{"id":16133,"url":"https:\/\/www.wallendorff.com\/belogue\/2012\/02\/29\/shooting-meuhmeuhz-3\/","url_meta":{"origin":10962,"position":2},"title":"Shooting meuhmeuhz #3.","author":"dpc","date":"29 f\u00e9vrier 2012","format":false,"excerpt":"Je tiens \u00e0 remercier publiquement Chantal le veau, mais \u00e9galement ses amis Gilles, Djayzone, Arnufle, Potence, Ringo et Paul, Sigourney, Jean-Bielle, Flatule, Ramette, Maurice, Casserole, Ramette, Xavier-Ren\u00e9, Ramette et tous ceux que j'oublie pour s'\u00eatre gentiment laiss\u00e9 approcher sans meugler, b\u00ealer, b\u00e9gu\u00e9ter, grouiner, caqueter, clapir ni broncher. Chantal le veau,\u2026","rel":"","context":"Dans &quot;Alive&quot;","block_context":{"text":"Alive","link":"https:\/\/www.wallendorff.com\/belogue\/category\/alive\/"},"img":{"alt_text":"","src":"https:\/\/i0.wp.com\/www.wallendorff.com\/belogue\/wp-content\/uploads\/2015\/04\/201202291.jpg?resize=350%2C200&ssl=1","width":350,"height":200,"srcset":"https:\/\/i0.wp.com\/www.wallendorff.com\/belogue\/wp-content\/uploads\/2015\/04\/201202291.jpg?resize=350%2C200&ssl=1 1x, https:\/\/i0.wp.com\/www.wallendorff.com\/belogue\/wp-content\/uploads\/2015\/04\/201202291.jpg?resize=525%2C300&ssl=1 1.5x, https:\/\/i0.wp.com\/www.wallendorff.com\/belogue\/wp-content\/uploads\/2015\/04\/201202291.jpg?resize=700%2C400&ssl=1 2x"},"classes":[]},{"id":3883,"url":"https:\/\/www.wallendorff.com\/belogue\/2009\/02\/05\/metro-station-la-maroquinerie-paris\/","url_meta":{"origin":10962,"position":3},"title":"Metro Station @ la Maroquinerie, Paris.","author":"dpc","date":"5 f\u00e9vrier 2009","format":false,"excerpt":"C'est chouette, de photographier des groupes qu'on connait mal, parce que c'est toujours plein de surprises. Arriver en retard, entendre \u00e0 travers la porte un ch\u0153ur de vierges en furie se p\u00e2mer devant les nobles \u00e9ph\u00e8bes de la sc\u00e8ne, entrer dans la jungle et d\u00e9couvrir une vraie fosse photo \u2015\u00a0ma\u2026","rel":"","context":"Dans &quot;Alive&quot;","block_context":{"text":"Alive","link":"https:\/\/www.wallendorff.com\/belogue\/category\/alive\/"},"img":{"alt_text":"","src":"https:\/\/i0.wp.com\/www.wallendorff.com\/belogue\/wp-content\/uploads\/2015\/04\/200902051.jpg?resize=350%2C200&ssl=1","width":350,"height":200,"srcset":"https:\/\/i0.wp.com\/www.wallendorff.com\/belogue\/wp-content\/uploads\/2015\/04\/200902051.jpg?resize=350%2C200&ssl=1 1x, https:\/\/i0.wp.com\/www.wallendorff.com\/belogue\/wp-content\/uploads\/2015\/04\/200902051.jpg?resize=525%2C300&ssl=1 1.5x, https:\/\/i0.wp.com\/www.wallendorff.com\/belogue\/wp-content\/uploads\/2015\/04\/200902051.jpg?resize=700%2C400&ssl=1 2x"},"classes":[]},{"id":458,"url":"https:\/\/www.wallendorff.com\/belogue\/2005\/02\/21\/ne-sut-c-qu-est-si-long-sans-cerf\/","url_meta":{"origin":10962,"position":4},"title":"Ne sut c&rsquo;qu&rsquo;est si long sans cerf1.","author":"dpc","date":"21 f\u00e9vrier 2005","format":false,"excerpt":"Studio A, mus\u00e9e Motown, D\u00e9troit, 10 f\u00e9vrier. L'avantage de pas \u00eatre une rock-star, c'est que quand tu tournes 272, la probabilit\u00e9 que tu tournes 283 un jour est quand m\u00eame beaucoup plus forte. Et \u00e7a, c'est achtement chouette, \u00e7a. \u00a0The Kills \u2013 The Good Ones _____ 1 Ami lecteur\u00a0: Si\u2026","rel":"","context":"Dans &quot;DPC&quot;","block_context":{"text":"DPC","link":"https:\/\/www.wallendorff.com\/belogue\/category\/dpc\/"},"img":{"alt_text":"","src":"https:\/\/i0.wp.com\/www.wallendorff.com\/belogue\/wp-content\/uploads\/2015\/04\/20050221-011.jpg?resize=350%2C200&ssl=1","width":350,"height":200},"classes":[]},{"id":23464,"url":"https:\/\/www.wallendorff.com\/belogue\/2014\/10\/21\/bastian-baker-la-maroquinerie-paris\/","url_meta":{"origin":10962,"position":5},"title":"Bastian Baker @ la Maroquinerie, Paris.","author":"dpc","date":"21 octobre 2014","format":false,"excerpt":"Oui, Bastian Baker. Puisque c'est un artiste pour jeunes, on retrouve certains incontournables du concert d'artiste pour jeunes\u00a0: filles qui campent devant la Maro la nuit pr\u00e9c\u00e9dente, fosse pr\u00eate \u00e0 mordre pour d\u00e9fendre sa place au pied de la sc\u00e8ne [d'o\u00f9 les photos de loin], parents d\u00e9s\u0153uvr\u00e9s venus pour accompagner\u2026","rel":"","context":"Dans &quot;Alive&quot;","block_context":{"text":"Alive","link":"https:\/\/www.wallendorff.com\/belogue\/category\/alive\/"},"img":{"alt_text":"","src":"https:\/\/i0.wp.com\/www.wallendorff.com\/belogue\/wp-content\/uploads\/2015\/04\/201410211.jpg?resize=350%2C200&ssl=1","width":350,"height":200,"srcset":"https:\/\/i0.wp.com\/www.wallendorff.com\/belogue\/wp-content\/uploads\/2015\/04\/201410211.jpg?resize=350%2C200&ssl=1 1x, https:\/\/i0.wp.com\/www.wallendorff.com\/belogue\/wp-content\/uploads\/2015\/04\/201410211.jpg?resize=525%2C300&ssl=1 1.5x, https:\/\/i0.wp.com\/www.wallendorff.com\/belogue\/wp-content\/uploads\/2015\/04\/201410211.jpg?resize=700%2C400&ssl=1 2x"},"classes":[]}],"_links":{"self":[{"href":"https:\/\/www.wallendorff.com\/belogue\/wp-json\/wp\/v2\/posts\/10962","targetHints":{"allow":["GET"]}}],"collection":[{"href":"https:\/\/www.wallendorff.com\/belogue\/wp-json\/wp\/v2\/posts"}],"about":[{"href":"https:\/\/www.wallendorff.com\/belogue\/wp-json\/wp\/v2\/types\/post"}],"author":[{"embeddable":true,"href":"https:\/\/www.wallendorff.com\/belogue\/wp-json\/wp\/v2\/users\/1"}],"replies":[{"embeddable":true,"href":"https:\/\/www.wallendorff.com\/belogue\/wp-json\/wp\/v2\/comments?post=10962"}],"version-history":[{"count":3,"href":"https:\/\/www.wallendorff.com\/belogue\/wp-json\/wp\/v2\/posts\/10962\/revisions"}],"predecessor-version":[{"id":14840,"href":"https:\/\/www.wallendorff.com\/belogue\/wp-json\/wp\/v2\/posts\/10962\/revisions\/14840"}],"wp:featuredmedia":[{"embeddable":true,"href":"https:\/\/www.wallendorff.com\/belogue\/wp-json\/wp\/v2\/media\/26029"}],"wp:attachment":[{"href":"https:\/\/www.wallendorff.com\/belogue\/wp-json\/wp\/v2\/media?parent=10962"}],"wp:term":[{"taxonomy":"category","embeddable":true,"href":"https:\/\/www.wallendorff.com\/belogue\/wp-json\/wp\/v2\/categories?post=10962"},{"taxonomy":"post_tag","embeddable":true,"href":"https:\/\/www.wallendorff.com\/belogue\/wp-json\/wp\/v2\/tags?post=10962"}],"curies":[{"name":"wp","href":"https:\/\/api.w.org\/{rel}","templated":true}]}}