{"id":10954,"date":"2010-12-21T10:33:49","date_gmt":"2010-12-21T09:33:49","guid":{"rendered":"http:\/\/www.po-l.com\/belogue\/?p=10954"},"modified":"2012-08-20T12:14:10","modified_gmt":"2012-08-20T10:14:10","slug":"a-mur-tu-jures","status":"publish","type":"post","link":"https:\/\/www.wallendorff.com\/belogue\/2010\/12\/21\/a-mur-tu-jures\/","title":{"rendered":"\u00c0 mur [tu jures]."},"content":{"rendered":"\n<div id=\"photo\">\n<p><img decoding=\"async\" src=\"https:\/\/www.wallendorff.com\/belogue\/photo\/2010\/12\/20101221.jpg\" \/><br \/>\nPointe de Pen-Hir, 1<sup>er<\/sup> novembre.<\/p>\n<\/p><\/div>\n<div id=\"bandeson\">\n<p><img decoding=\"async\" src=\"https:\/\/www.wallendorff.com\/belogue\/photo\/pochettes\/m\/morning_benders_the-big_echo.jpg\" align=\"left\" \/><a href=\"http:\/\/www.themorningbenders.com\/\">The Morning Benders<\/a> &ndash; <em>Excuses<\/em><\/p>\n<\/p><\/div>\n","protected":false},"excerpt":{"rendered":"<p>Pointe de Pen-Hir, 1er novembre. The Morning Benders &ndash; Excuses<\/p>\n","protected":false},"author":1,"featured_media":26027,"comment_status":"open","ping_status":"open","sticky":false,"template":"","format":"standard","meta":{"_acf_changed":false,"ngg_post_thumbnail":0,"jetpack_post_was_ever_published":false,"_jetpack_newsletter_access":"","_jetpack_dont_email_post_to_subs":false,"_jetpack_newsletter_tier_id":0,"_jetpack_memberships_contains_paywalled_content":false,"_jetpack_memberships_contains_paid_content":false,"footnotes":"","jetpack_publicize_message":"","jetpack_publicize_feature_enabled":true,"jetpack_social_post_already_shared":false,"jetpack_social_options":{"image_generator_settings":{"template":"highway","default_image_id":0,"font":"","enabled":false},"version":2}},"categories":[3],"tags":[10791,4523,2615,10311,4524,4526,4179,4157,10120,10589,4522,4166,170,4525],"class_list":["post-10954","post","type-post","status-publish","format-standard","has-post-thumbnail","hentry","category-dpc","tag-bretagne","tag-camaret-sur-mer","tag-eos-5d-mark-ii","tag-dos","tag-escalade","tag-excuses","tag-falaise","tag-finistere","tag-france","tag-homme","tag-pointe-du-pen-hir","tag-rocher","tag-sigma-70-300-mm-f4-56-dg-apo-macro","tag-the-morning-benders"],"acf":[],"geo":{"latitude":48.2591057,"longitude":-4.6239138,"description":"D8, 29570 Camaret-sur-Mer, France"},"jetpack_publicize_connections":[],"jetpack_featured_media_url":"https:\/\/www.wallendorff.com\/belogue\/wp-content\/uploads\/2015\/04\/201012211.jpg","jetpack_shortlink":"https:\/\/wp.me\/p3b35P-2QG","jetpack_sharing_enabled":true,"jetpack-related-posts":[{"id":10977,"url":"https:\/\/www.wallendorff.com\/belogue\/2010\/12\/22\/lamer-con-voit-dents-scelle-londe-decolle-feu-clair\/","url_meta":{"origin":10954,"position":0},"title":"L&rsquo;amer con voit dents ; Scelle l&rsquo;onde, d\u00e9colle feu clair.","author":"dpc","date":"22 d\u00e9cembre 2010","format":false,"excerpt":"Pointe de Pen-Hir, 1er novembre. Yoav \u2013 Easy Chair","rel":"","context":"Dans &quot;DPC&quot;","block_context":{"text":"DPC","link":"https:\/\/www.wallendorff.com\/belogue\/category\/dpc\/"},"img":{"alt_text":"","src":"https:\/\/i0.wp.com\/www.wallendorff.com\/belogue\/wp-content\/uploads\/2015\/04\/201012221.jpg?resize=350%2C200&ssl=1","width":350,"height":200},"classes":[]},{"id":8766,"url":"https:\/\/www.wallendorff.com\/belogue\/2010\/09\/08\/raz-vire-a-van-rave-hein\/","url_meta":{"origin":10954,"position":1},"title":"Raz vire \u00e0 Van rave, hein.","author":"dpc","date":"8 septembre 2010","format":false,"excerpt":"Pointe du Raz, 24 juillet. Ou pointe du Van aussi. Le probl\u00e8me avec les t\u00e9l\u00e9objectifs qui zoument loin loin c'est que vient un moment o\u00f9 l'on se trouve avec une telle distance entre le l\u00e0 o\u00f9 vont les yeux et le l\u00e0 o\u00f9 restent les pieds que l'on ne sait\u2026","rel":"","context":"Dans &quot;DPC&quot;","block_context":{"text":"DPC","link":"https:\/\/www.wallendorff.com\/belogue\/category\/dpc\/"},"img":{"alt_text":"","src":"https:\/\/i0.wp.com\/www.wallendorff.com\/belogue\/wp-content\/uploads\/2015\/04\/201009081.jpg?resize=350%2C200&ssl=1","width":350,"height":200},"classes":[]},{"id":54017,"url":"https:\/\/www.wallendorff.com\/belogue\/2023\/01\/09\/gite\/","url_meta":{"origin":10954,"position":2},"title":"G\u00eete.","author":"dpc","date":"9 janvier 2023","format":false,"excerpt":"Pointe de la Torche, 7 novembre 2022.","rel":"","context":"Dans &quot;DPC&quot;","block_context":{"text":"DPC","link":"https:\/\/www.wallendorff.com\/belogue\/category\/dpc-en\/"},"img":{"alt_text":"","src":"https:\/\/i0.wp.com\/www.wallendorff.com\/belogue\/wp-content\/uploads\/2023\/01\/20230109.jpg?resize=350%2C200&ssl=1","width":350,"height":200,"srcset":"https:\/\/i0.wp.com\/www.wallendorff.com\/belogue\/wp-content\/uploads\/2023\/01\/20230109.jpg?resize=350%2C200&ssl=1 1x, https:\/\/i0.wp.com\/www.wallendorff.com\/belogue\/wp-content\/uploads\/2023\/01\/20230109.jpg?resize=525%2C300&ssl=1 1.5x, https:\/\/i0.wp.com\/www.wallendorff.com\/belogue\/wp-content\/uploads\/2023\/01\/20230109.jpg?resize=700%2C400&ssl=1 2x, https:\/\/i0.wp.com\/www.wallendorff.com\/belogue\/wp-content\/uploads\/2023\/01\/20230109.jpg?resize=1050%2C600&ssl=1 3x"},"classes":[]},{"id":124579,"url":"https:\/\/www.wallendorff.com\/belogue\/2023\/05\/24\/falaise-blaise-2\/","url_meta":{"origin":10954,"position":3},"title":"Falaise [Blaise].","author":"dpc","date":"24 mai 2023","format":false,"excerpt":"Pointe Saint-Samson, Plougasnou, 4 mars 2023.","rel":"","context":"Dans &quot;DPC&quot;","block_context":{"text":"DPC","link":"https:\/\/www.wallendorff.com\/belogue\/category\/dpc-en\/"},"img":{"alt_text":"","src":"https:\/\/i0.wp.com\/www.wallendorff.com\/belogue\/wp-content\/uploads\/2023\/05\/20230524.jpg?resize=350%2C200&ssl=1","width":350,"height":200,"srcset":"https:\/\/i0.wp.com\/www.wallendorff.com\/belogue\/wp-content\/uploads\/2023\/05\/20230524.jpg?resize=350%2C200&ssl=1 1x, https:\/\/i0.wp.com\/www.wallendorff.com\/belogue\/wp-content\/uploads\/2023\/05\/20230524.jpg?resize=525%2C300&ssl=1 1.5x, https:\/\/i0.wp.com\/www.wallendorff.com\/belogue\/wp-content\/uploads\/2023\/05\/20230524.jpg?resize=700%2C400&ssl=1 2x, https:\/\/i0.wp.com\/www.wallendorff.com\/belogue\/wp-content\/uploads\/2023\/05\/20230524.jpg?resize=1050%2C600&ssl=1 3x"},"classes":[]},{"id":34132,"url":"https:\/\/www.wallendorff.com\/belogue\/2017\/06\/02\/rade-et-paquerettes\/","url_meta":{"origin":10954,"position":4},"title":"Rade et p\u00e2querettes.","author":"dpc","date":"2 juin 2017","format":false,"excerpt":"Pointe du Raz, 14 avril. Big Beautiful Day PWR BTTM","rel":"","context":"Dans &quot;DPC&quot;","block_context":{"text":"DPC","link":"https:\/\/www.wallendorff.com\/belogue\/category\/dpc\/"},"img":{"alt_text":"","src":"https:\/\/i0.wp.com\/www.wallendorff.com\/belogue\/wp-content\/uploads\/2017\/06\/20170602.jpg?resize=350%2C200&ssl=1","width":350,"height":200,"srcset":"https:\/\/i0.wp.com\/www.wallendorff.com\/belogue\/wp-content\/uploads\/2017\/06\/20170602.jpg?resize=350%2C200&ssl=1 1x, https:\/\/i0.wp.com\/www.wallendorff.com\/belogue\/wp-content\/uploads\/2017\/06\/20170602.jpg?resize=525%2C300&ssl=1 1.5x"},"classes":[]},{"id":54032,"url":"https:\/\/www.wallendorff.com\/belogue\/2023\/01\/11\/la-refaire-et-dans-le-ressac\/","url_meta":{"origin":10954,"position":5},"title":"La refaire [et dans le ressac].","author":"dpc","date":"11 janvier 2023","format":false,"excerpt":"Pointe de la Torche, 7 novembre 2022.","rel":"","context":"Dans &quot;DPC&quot;","block_context":{"text":"DPC","link":"https:\/\/www.wallendorff.com\/belogue\/category\/dpc-en\/"},"img":{"alt_text":"","src":"https:\/\/i0.wp.com\/www.wallendorff.com\/belogue\/wp-content\/uploads\/2023\/01\/20230111.jpg?resize=350%2C200&ssl=1","width":350,"height":200,"srcset":"https:\/\/i0.wp.com\/www.wallendorff.com\/belogue\/wp-content\/uploads\/2023\/01\/20230111.jpg?resize=350%2C200&ssl=1 1x, https:\/\/i0.wp.com\/www.wallendorff.com\/belogue\/wp-content\/uploads\/2023\/01\/20230111.jpg?resize=525%2C300&ssl=1 1.5x, https:\/\/i0.wp.com\/www.wallendorff.com\/belogue\/wp-content\/uploads\/2023\/01\/20230111.jpg?resize=700%2C400&ssl=1 2x, https:\/\/i0.wp.com\/www.wallendorff.com\/belogue\/wp-content\/uploads\/2023\/01\/20230111.jpg?resize=1050%2C600&ssl=1 3x"},"classes":[]}],"_links":{"self":[{"href":"https:\/\/www.wallendorff.com\/belogue\/wp-json\/wp\/v2\/posts\/10954","targetHints":{"allow":["GET"]}}],"collection":[{"href":"https:\/\/www.wallendorff.com\/belogue\/wp-json\/wp\/v2\/posts"}],"about":[{"href":"https:\/\/www.wallendorff.com\/belogue\/wp-json\/wp\/v2\/types\/post"}],"author":[{"embeddable":true,"href":"https:\/\/www.wallendorff.com\/belogue\/wp-json\/wp\/v2\/users\/1"}],"replies":[{"embeddable":true,"href":"https:\/\/www.wallendorff.com\/belogue\/wp-json\/wp\/v2\/comments?post=10954"}],"version-history":[{"count":1,"href":"https:\/\/www.wallendorff.com\/belogue\/wp-json\/wp\/v2\/posts\/10954\/revisions"}],"predecessor-version":[{"id":18705,"href":"https:\/\/www.wallendorff.com\/belogue\/wp-json\/wp\/v2\/posts\/10954\/revisions\/18705"}],"wp:featuredmedia":[{"embeddable":true,"href":"https:\/\/www.wallendorff.com\/belogue\/wp-json\/wp\/v2\/media\/26027"}],"wp:attachment":[{"href":"https:\/\/www.wallendorff.com\/belogue\/wp-json\/wp\/v2\/media?parent=10954"}],"wp:term":[{"taxonomy":"category","embeddable":true,"href":"https:\/\/www.wallendorff.com\/belogue\/wp-json\/wp\/v2\/categories?post=10954"},{"taxonomy":"post_tag","embeddable":true,"href":"https:\/\/www.wallendorff.com\/belogue\/wp-json\/wp\/v2\/tags?post=10954"}],"curies":[{"name":"wp","href":"https:\/\/api.w.org\/{rel}","templated":true}]}}