{"id":10910,"date":"2010-12-20T10:58:32","date_gmt":"2010-12-20T09:58:32","guid":{"rendered":"http:\/\/www.po-l.com\/belogue\/?p=10910"},"modified":"2012-08-20T12:01:44","modified_gmt":"2012-08-20T10:01:44","slug":"noir-et-bancs","status":"publish","type":"post","link":"https:\/\/www.wallendorff.com\/belogue\/2010\/12\/20\/noir-et-bancs\/","title":{"rendered":"Noir [et bancs]."},"content":{"rendered":"\n<div id=\"photo\">\n<p><img decoding=\"async\" src=\"https:\/\/www.wallendorff.com\/belogue\/photo\/2010\/12\/20101220.jpg\" \/><br \/>\n&Eacute;glise Saint-Ronan, Locronan, 1<sup>er<\/sup> novembre.<\/p>\n<\/p><\/div>\n<div id=\"bandeson\">\n<p><img decoding=\"async\" src=\"https:\/\/www.wallendorff.com\/belogue\/photo\/pochettes\/f\/foals-metropolis_session.jpg\" align=\"left\" \/><a href=\"http:\/\/www.foals.co.uk\/\">Foals<\/a> &ndash; <em>Spanish Sahara<\/em> (live)<\/p>\n<\/p><\/div>\n","protected":false},"excerpt":{"rendered":"<p>&Eacute;glise Saint-Ronan, Locronan, 1er novembre. Foals &ndash; Spanish Sahara (live)<\/p>\n","protected":false},"author":1,"featured_media":26022,"comment_status":"open","ping_status":"open","sticky":false,"template":"","format":"standard","meta":{"_acf_changed":false,"ngg_post_thumbnail":0,"jetpack_post_was_ever_published":false,"_jetpack_newsletter_access":"","_jetpack_dont_email_post_to_subs":false,"_jetpack_newsletter_tier_id":0,"_jetpack_memberships_contains_paywalled_content":false,"_jetpack_memberships_contains_paid_content":false,"footnotes":"","jetpack_publicize_message":"","jetpack_publicize_feature_enabled":true,"jetpack_social_post_already_shared":false,"jetpack_social_options":{"image_generator_settings":{"template":"highway","default_image_id":0,"font":"","enabled":false},"version":2}},"categories":[3],"tags":[10226,10791,2571,2615,10246,10238,4234,4157,10222,10120,4225,143,4521,10692],"class_list":["post-10910","post","type-post","status-publish","format-standard","has-post-thumbnail","hentry","category-dpc","tag-banc","tag-bretagne","tag-ef-16-35-mm-f28l-ii-usm","tag-eos-5d-mark-ii","tag-contre-jour","tag-eglise","tag-eglise-saint-ronan","tag-finistere","tag-foals","tag-france","tag-locronan","tag-noir-et-blanc","tag-spanish-sahara","tag-vitrail"],"acf":[],"geo":{"latitude":48.0982437,"longitude":-4.2079248,"description":"201-208 Rue du Four, 29180 Locronan, France"},"jetpack_publicize_connections":[],"jetpack_featured_media_url":"https:\/\/www.wallendorff.com\/belogue\/wp-content\/uploads\/2015\/04\/201012201.jpg","jetpack_shortlink":"https:\/\/wp.me\/p3b35P-2PY","jetpack_sharing_enabled":true,"jetpack-related-posts":[{"id":9288,"url":"https:\/\/www.wallendorff.com\/belogue\/2010\/09\/21\/plus-austere-culte\/","url_meta":{"origin":10910,"position":0},"title":"Plus aust\u00e8re culte.","author":"dpc","date":"21 septembre 2010","format":false,"excerpt":"Locronan, 24 juillet. Suis quand m\u00eame bal\u00e8ze pour mettre en avant le charme et la joie de vivre qui r\u00e8gnent dans les endroits que je fr\u00e9quente, hein. \u00a0The Delgados \u2013 I Fought the Angels","rel":"","context":"Dans &quot;DPC&quot;","block_context":{"text":"DPC","link":"https:\/\/www.wallendorff.com\/belogue\/category\/dpc\/"},"img":{"alt_text":"","src":"https:\/\/i0.wp.com\/www.wallendorff.com\/belogue\/wp-content\/uploads\/2015\/04\/201009211.jpg?resize=350%2C200&ssl=1","width":350,"height":200},"classes":[]},{"id":10889,"url":"https:\/\/www.wallendorff.com\/belogue\/2010\/12\/17\/moine-haut\/","url_meta":{"origin":10910,"position":1},"title":"Moine haut.","author":"dpc","date":"17 d\u00e9cembre 2010","format":false,"excerpt":"\u00c9glise Saint-Ronan, Locronan, 1er novembre. D\u00e8s que je croise un moine je repense \u00e0 l'excellent clip d'Evittorio S\u00e9 dans le Pop 1000 et mon c\u0153ur s'emplit de joie1. Editors \u2013 Papillon (acoustic Studio Brussel) _____ 1 Si l'excellent clip d'Evittorio S\u00e9 dans le Pop 1000 n'a pas le m\u00eame effet\u2026","rel":"","context":"Dans &quot;DPC&quot;","block_context":{"text":"DPC","link":"https:\/\/www.wallendorff.com\/belogue\/category\/dpc\/"},"img":{"alt_text":"","src":"https:\/\/i0.wp.com\/www.wallendorff.com\/belogue\/wp-content\/uploads\/2015\/04\/201012171.jpg?resize=350%2C200&ssl=1","width":350,"height":200},"classes":[]},{"id":34137,"url":"https:\/\/www.wallendorff.com\/belogue\/2017\/06\/07\/into-the-wide-97\/","url_meta":{"origin":10910,"position":2},"title":"Into the wide #97.","author":"dpc","date":"7 juin 2017","format":false,"excerpt":"\u00c9glise Saint-Ronan, Locronan, 16 avril. Sunday Morning in the AfternoonFindlay","rel":"","context":"Dans &quot;Into the wide&quot;","block_context":{"text":"Into the wide","link":"https:\/\/www.wallendorff.com\/belogue\/category\/into-the-wide\/"},"img":{"alt_text":"","src":"https:\/\/i0.wp.com\/www.wallendorff.com\/belogue\/wp-content\/uploads\/2017\/06\/20170607.jpg?resize=350%2C200&ssl=1","width":350,"height":200,"srcset":"https:\/\/i0.wp.com\/www.wallendorff.com\/belogue\/wp-content\/uploads\/2017\/06\/20170607.jpg?resize=350%2C200&ssl=1 1x, https:\/\/i0.wp.com\/www.wallendorff.com\/belogue\/wp-content\/uploads\/2017\/06\/20170607.jpg?resize=525%2C300&ssl=1 1.5x, https:\/\/i0.wp.com\/www.wallendorff.com\/belogue\/wp-content\/uploads\/2017\/06\/20170607.jpg?resize=700%2C400&ssl=1 2x"},"classes":[]},{"id":23571,"url":"https:\/\/www.wallendorff.com\/belogue\/2014\/11\/19\/prendre-le-dessus\/","url_meta":{"origin":10910,"position":3},"title":"Prendre le dessus.","author":"dpc","date":"19 novembre 2014","format":false,"excerpt":"Budapest, 9 septembre. La suite de Prendre le dessous, \u00e9videmment. [Et puisque je n'arrive pas \u00e0 trancher entre les deux, aujourd'hui ce sera double bande-son.] Moon Foals Red Moon Turin Brakes","rel":"","context":"Dans &quot;DPC&quot;","block_context":{"text":"DPC","link":"https:\/\/www.wallendorff.com\/belogue\/category\/dpc\/"},"img":{"alt_text":"","src":"https:\/\/i0.wp.com\/www.wallendorff.com\/belogue\/wp-content\/uploads\/2015\/04\/201411191.jpg?resize=350%2C200&ssl=1","width":350,"height":200,"srcset":"https:\/\/i0.wp.com\/www.wallendorff.com\/belogue\/wp-content\/uploads\/2015\/04\/201411191.jpg?resize=350%2C200&ssl=1 1x, https:\/\/i0.wp.com\/www.wallendorff.com\/belogue\/wp-content\/uploads\/2015\/04\/201411191.jpg?resize=525%2C300&ssl=1 1.5x, https:\/\/i0.wp.com\/www.wallendorff.com\/belogue\/wp-content\/uploads\/2015\/04\/201411191.jpg?resize=700%2C400&ssl=1 2x"},"classes":[]},{"id":9208,"url":"https:\/\/www.wallendorff.com\/belogue\/2010\/09\/17\/demain-charette\/","url_meta":{"origin":10910,"position":4},"title":"Demain, charette.","author":"dpc","date":"17 septembre 2010","format":false,"excerpt":"Rue des Charettes, Locronan, 24 juillet. Oui, j'ai honte aussi mais faut comprendre que quand on poste une photo aux airs de pub Clan Campbell, faut assumer jusqu'au bout et l'assortir d'un titre trouv\u00e9 sous l'emprise du liquide en question pour faire plus vrai et surtout montrer \u00e0 nos charmants\u2026","rel":"","context":"Dans &quot;DPC&quot;","block_context":{"text":"DPC","link":"https:\/\/www.wallendorff.com\/belogue\/category\/dpc\/"},"img":{"alt_text":"","src":"https:\/\/i0.wp.com\/www.wallendorff.com\/belogue\/wp-content\/uploads\/2015\/04\/201009171.jpg?resize=350%2C200&ssl=1","width":350,"height":200},"classes":[]},{"id":9678,"url":"https:\/\/www.wallendorff.com\/belogue\/2010\/10\/17\/due-nef-avec-du-vieux\/","url_meta":{"origin":10910,"position":5},"title":"Due nef (avec du vieux).","author":"dpc","date":"17 octobre 2010","format":false,"excerpt":"\u00c9glise Saint-Sulpice, Paris, 21 ao\u00fbt. \u00a0The Flaming Lips \u2013 Thank You Jack White (for the Fiber-Optic Jesus That You Gave Me)","rel":"","context":"Dans &quot;DPC&quot;","block_context":{"text":"DPC","link":"https:\/\/www.wallendorff.com\/belogue\/category\/dpc\/"},"img":{"alt_text":"","src":"https:\/\/i0.wp.com\/www.wallendorff.com\/belogue\/wp-content\/uploads\/2015\/04\/201010171.jpg?resize=350%2C200&ssl=1","width":350,"height":200,"srcset":"https:\/\/i0.wp.com\/www.wallendorff.com\/belogue\/wp-content\/uploads\/2015\/04\/201010171.jpg?resize=350%2C200&ssl=1 1x, https:\/\/i0.wp.com\/www.wallendorff.com\/belogue\/wp-content\/uploads\/2015\/04\/201010171.jpg?resize=525%2C300&ssl=1 1.5x"},"classes":[]}],"_links":{"self":[{"href":"https:\/\/www.wallendorff.com\/belogue\/wp-json\/wp\/v2\/posts\/10910","targetHints":{"allow":["GET"]}}],"collection":[{"href":"https:\/\/www.wallendorff.com\/belogue\/wp-json\/wp\/v2\/posts"}],"about":[{"href":"https:\/\/www.wallendorff.com\/belogue\/wp-json\/wp\/v2\/types\/post"}],"author":[{"embeddable":true,"href":"https:\/\/www.wallendorff.com\/belogue\/wp-json\/wp\/v2\/users\/1"}],"replies":[{"embeddable":true,"href":"https:\/\/www.wallendorff.com\/belogue\/wp-json\/wp\/v2\/comments?post=10910"}],"version-history":[{"count":1,"href":"https:\/\/www.wallendorff.com\/belogue\/wp-json\/wp\/v2\/posts\/10910\/revisions"}],"predecessor-version":[{"id":18695,"href":"https:\/\/www.wallendorff.com\/belogue\/wp-json\/wp\/v2\/posts\/10910\/revisions\/18695"}],"wp:featuredmedia":[{"embeddable":true,"href":"https:\/\/www.wallendorff.com\/belogue\/wp-json\/wp\/v2\/media\/26022"}],"wp:attachment":[{"href":"https:\/\/www.wallendorff.com\/belogue\/wp-json\/wp\/v2\/media?parent=10910"}],"wp:term":[{"taxonomy":"category","embeddable":true,"href":"https:\/\/www.wallendorff.com\/belogue\/wp-json\/wp\/v2\/categories?post=10910"},{"taxonomy":"post_tag","embeddable":true,"href":"https:\/\/www.wallendorff.com\/belogue\/wp-json\/wp\/v2\/tags?post=10910"}],"curies":[{"name":"wp","href":"https:\/\/api.w.org\/{rel}","templated":true}]}}