{"id":1090,"date":"2007-11-24T12:53:58","date_gmt":"2007-11-24T12:53:58","guid":{"rendered":"http:\/\/www.po-l.com\/wordpress\/?p=1090"},"modified":"2012-07-04T09:47:37","modified_gmt":"2012-07-04T07:47:37","slug":"constance-verluca-la-maroquinerie-paris","status":"publish","type":"post","link":"https:\/\/www.wallendorff.com\/belogue\/2007\/11\/24\/constance-verluca-la-maroquinerie-paris\/","title":{"rendered":"Constance Verluca @ la Maroquinerie, Paris."},"content":{"rendered":"<div id=\"photo\">\n<p><img decoding=\"async\" src=\"https:\/\/www.wallendorff.com\/belogue\/photo\/2007\/11\/20071124.jpg\" \/><\/p>\n<\/div>\n<p style=\"text-align:right\">Je suis officiellement un excit&eacute; du pied.<\/p>\n<div id=\"bandeson\">\n<p><img decoding=\"async\" src=\"https:\/\/www.wallendorff.com\/belogue\/photo\/pochettes\/s\/stereophonics-pull_the_pin.jpg\" align=\"left\" \/>&nbsp;<a href=\"http:\/\/www.stereophonics.com\/\">Stereophonics<\/a> &ndash; <em>Drowning<\/em><\/p>\n<\/p><\/div>\n","protected":false},"excerpt":{"rendered":"<p>Je suis officiellement un excit&eacute; du pied. &nbsp;Stereophonics &ndash; Drowning<\/p>\n","protected":false},"author":1,"featured_media":25018,"comment_status":"open","ping_status":"open","sticky":false,"template":"","format":"standard","meta":{"_acf_changed":false,"ngg_post_thumbnail":0,"jetpack_post_was_ever_published":false,"_jetpack_newsletter_access":"","_jetpack_dont_email_post_to_subs":false,"_jetpack_newsletter_tier_id":0,"_jetpack_memberships_contains_paywalled_content":false,"_jetpack_memberships_contains_paid_content":false,"footnotes":"","jetpack_publicize_message":"","jetpack_publicize_feature_enabled":true,"jetpack_social_post_already_shared":false,"jetpack_social_options":{"image_generator_settings":{"template":"highway","default_image_id":0,"font":"","enabled":false},"version":2}},"categories":[7],"tags":[10134,10216,10084,196,187,2218,2219,10120,10121,10290,143,10098,10199,10462],"class_list":["post-1090","post","type-post","status-publish","format-standard","has-post-thumbnail","hentry","category-alive","tag-10134","tag-10216","tag-alive","tag-ef-28-70-mm-f28l-usm","tag-eos-1d-mark-ii","tag-constance-verluca","tag-drowning","tag-france","tag-ile-de-france","tag-la-maroquinerie","tag-noir-et-blanc","tag-paris","tag-pieds","tag-stereophonics"],"acf":[],"geo":{"latitude":48.8685608,"longitude":2.3919244,"description":"18-26 Rue Boyer, 75020 Paris, France"},"jetpack_publicize_connections":[],"jetpack_featured_media_url":"https:\/\/www.wallendorff.com\/belogue\/wp-content\/uploads\/2015\/04\/200711241.jpg","jetpack_shortlink":"https:\/\/wp.me\/p3b35P-hA","jetpack_sharing_enabled":true,"jetpack-related-posts":[{"id":30118,"url":"https:\/\/www.wallendorff.com\/belogue\/2016\/01\/27\/stereophonics-lolympia-paris\/","url_meta":{"origin":1090,"position":0},"title":"Stereophonics @ l&rsquo;Olympia, Paris.","author":"dpc","date":"27 janvier 2016","format":false,"excerpt":"","rel":"","context":"Dans &quot;Alive&quot;","block_context":{"text":"Alive","link":"https:\/\/www.wallendorff.com\/belogue\/category\/alive\/"},"img":{"alt_text":"","src":"https:\/\/i0.wp.com\/www.wallendorff.com\/belogue\/wp-content\/uploads\/2016\/01\/20160127-18-1.jpg?resize=350%2C200&ssl=1","width":350,"height":200,"srcset":"https:\/\/i0.wp.com\/www.wallendorff.com\/belogue\/wp-content\/uploads\/2016\/01\/20160127-18-1.jpg?resize=350%2C200&ssl=1 1x, https:\/\/i0.wp.com\/www.wallendorff.com\/belogue\/wp-content\/uploads\/2016\/01\/20160127-18-1.jpg?resize=525%2C300&ssl=1 1.5x"},"classes":[]},{"id":44772,"url":"https:\/\/www.wallendorff.com\/belogue\/2020\/01\/29\/stereophonics-lolympia-paris-28-janvier-2020\/","url_meta":{"origin":1090,"position":1},"title":"Stereophonics @ l&rsquo;Olympia, Paris, 28 janvier 2020.","author":"dpc","date":"29 janvier 2020","format":false,"excerpt":"","rel":"","context":"Dans &quot;Alive&quot;","block_context":{"text":"Alive","link":"https:\/\/www.wallendorff.com\/belogue\/category\/alive\/"},"img":{"alt_text":"","src":"https:\/\/i0.wp.com\/www.wallendorff.com\/belogue\/wp-content\/uploads\/2020\/01\/20200129-14.jpg?resize=350%2C200&ssl=1","width":350,"height":200,"srcset":"https:\/\/i0.wp.com\/www.wallendorff.com\/belogue\/wp-content\/uploads\/2020\/01\/20200129-14.jpg?resize=350%2C200&ssl=1 1x, https:\/\/i0.wp.com\/www.wallendorff.com\/belogue\/wp-content\/uploads\/2020\/01\/20200129-14.jpg?resize=525%2C300&ssl=1 1.5x, https:\/\/i0.wp.com\/www.wallendorff.com\/belogue\/wp-content\/uploads\/2020\/01\/20200129-14.jpg?resize=700%2C400&ssl=1 2x, https:\/\/i0.wp.com\/www.wallendorff.com\/belogue\/wp-content\/uploads\/2020\/01\/20200129-14.jpg?resize=1050%2C600&ssl=1 3x"},"classes":[]},{"id":6720,"url":"https:\/\/www.wallendorff.com\/belogue\/2010\/02\/06\/stereophonics-lolympia-paris-4-fevrier\/","url_meta":{"origin":1090,"position":2},"title":"Stereophonics @ l&rsquo;Olympia, Paris, 4 f\u00e9vrier.","author":"dpc","date":"6 f\u00e9vrier 2010","format":false,"excerpt":"Y a des soirs comme \u00e7a o\u00f9 tu ne peux entrer que juste avant l'entr\u00e9e sur sc\u00e8ne du groupe, o\u00f9 celui-ci d\u00e9cide de n'\u00e9clairer que le fond en restant \u00e0 contre-jour, o\u00f9 le peu de lumi\u00e8re qu'on voit est sursatur\u00e9 et o\u00f9 tu te trouves de l'autre c\u00f4t\u00e9 de la\u2026","rel":"","context":"Dans &quot;Alive&quot;","block_context":{"text":"Alive","link":"https:\/\/www.wallendorff.com\/belogue\/category\/alive\/"},"img":{"alt_text":"","src":"https:\/\/i0.wp.com\/www.wallendorff.com\/belogue\/wp-content\/uploads\/2015\/04\/201002061.jpg?resize=350%2C200&ssl=1","width":350,"height":200,"srcset":"https:\/\/i0.wp.com\/www.wallendorff.com\/belogue\/wp-content\/uploads\/2015\/04\/201002061.jpg?resize=350%2C200&ssl=1 1x, https:\/\/i0.wp.com\/www.wallendorff.com\/belogue\/wp-content\/uploads\/2015\/04\/201002061.jpg?resize=525%2C300&ssl=1 1.5x, https:\/\/i0.wp.com\/www.wallendorff.com\/belogue\/wp-content\/uploads\/2015\/04\/201002061.jpg?resize=700%2C400&ssl=1 2x"},"classes":[]},{"id":135244,"url":"https:\/\/www.wallendorff.com\/belogue\/2026\/02\/10\/die-spitz-la-maroquinerie-paris-9-decembre-2026\/","url_meta":{"origin":1090,"position":3},"title":"Die Spitz @ la Maroquinerie, Paris, 9 f\u00e9vrier 2026.","author":"dpc","date":"10 f\u00e9vrier 2026","format":false,"excerpt":"Die Spitz @ la Maroquinerie, Paris, 08\/02\/2026 Die Spitz @ la Maroquinerie, Paris, 08\/02\/2026 Die Spitz @ la Maroquinerie, Paris, 08\/02\/2026 Die Spitz @ la Maroquinerie, Paris, 08\/02\/2026 Die Spitz @ la Maroquinerie, Paris, 08\/02\/2026 Die Spitz @ la Maroquinerie, Paris, 08\/02\/2026 Die Spitz @ la Maroquinerie, Paris, 08\/02\/2026 Die\u2026","rel":"","context":"Dans &quot;Alive&quot;","block_context":{"text":"Alive","link":"https:\/\/www.wallendorff.com\/belogue\/category\/alive\/"},"img":{"alt_text":"","src":"https:\/\/i0.wp.com\/www.wallendorff.com\/belogue\/wp-content\/uploads\/2026\/02\/20260210-16.jpg?resize=350%2C200&ssl=1","width":350,"height":200,"srcset":"https:\/\/i0.wp.com\/www.wallendorff.com\/belogue\/wp-content\/uploads\/2026\/02\/20260210-16.jpg?resize=350%2C200&ssl=1 1x, https:\/\/i0.wp.com\/www.wallendorff.com\/belogue\/wp-content\/uploads\/2026\/02\/20260210-16.jpg?resize=525%2C300&ssl=1 1.5x, https:\/\/i0.wp.com\/www.wallendorff.com\/belogue\/wp-content\/uploads\/2026\/02\/20260210-16.jpg?resize=700%2C400&ssl=1 2x, https:\/\/i0.wp.com\/www.wallendorff.com\/belogue\/wp-content\/uploads\/2026\/02\/20260210-16.jpg?resize=1050%2C600&ssl=1 3x"},"classes":[]},{"id":33883,"url":"https:\/\/www.wallendorff.com\/belogue\/2017\/04\/25\/findlay-la-maroquinerie-paris\/","url_meta":{"origin":1090,"position":4},"title":"Findlay @ la Maroquinerie, Paris.","author":"dpc","date":"25 avril 2017","format":false,"excerpt":"\u00a0","rel":"","context":"Dans &quot;Alive&quot;","block_context":{"text":"Alive","link":"https:\/\/www.wallendorff.com\/belogue\/category\/alive\/"},"img":{"alt_text":"","src":"https:\/\/i0.wp.com\/www.wallendorff.com\/belogue\/wp-content\/uploads\/2017\/04\/20170425-06.jpg?resize=350%2C200&ssl=1","width":350,"height":200,"srcset":"https:\/\/i0.wp.com\/www.wallendorff.com\/belogue\/wp-content\/uploads\/2017\/04\/20170425-06.jpg?resize=350%2C200&ssl=1 1x, https:\/\/i0.wp.com\/www.wallendorff.com\/belogue\/wp-content\/uploads\/2017\/04\/20170425-06.jpg?resize=525%2C300&ssl=1 1.5x, https:\/\/i0.wp.com\/www.wallendorff.com\/belogue\/wp-content\/uploads\/2017\/04\/20170425-06.jpg?resize=700%2C400&ssl=1 2x"},"classes":[]},{"id":953,"url":"https:\/\/www.wallendorff.com\/belogue\/2007\/05\/17\/the-besnard-lakes-la-maroquinerie-paris\/","url_meta":{"origin":1090,"position":5},"title":"[196] The Besnard Lakes @ la Maroquinerie, Paris.","author":"dpc","date":"17 mai 2007","format":false,"excerpt":"\u00a0The Besnard Lakes \u2013 Devastation","rel":"","context":"Dans &quot;Alive&quot;","block_context":{"text":"Alive","link":"https:\/\/www.wallendorff.com\/belogue\/category\/alive\/"},"img":{"alt_text":"","src":"https:\/\/i0.wp.com\/www.wallendorff.com\/belogue\/wp-content\/uploads\/2015\/04\/200705171.jpg?resize=350%2C200&ssl=1","width":350,"height":200},"classes":[]}],"_links":{"self":[{"href":"https:\/\/www.wallendorff.com\/belogue\/wp-json\/wp\/v2\/posts\/1090","targetHints":{"allow":["GET"]}}],"collection":[{"href":"https:\/\/www.wallendorff.com\/belogue\/wp-json\/wp\/v2\/posts"}],"about":[{"href":"https:\/\/www.wallendorff.com\/belogue\/wp-json\/wp\/v2\/types\/post"}],"author":[{"embeddable":true,"href":"https:\/\/www.wallendorff.com\/belogue\/wp-json\/wp\/v2\/users\/1"}],"replies":[{"embeddable":true,"href":"https:\/\/www.wallendorff.com\/belogue\/wp-json\/wp\/v2\/comments?post=1090"}],"version-history":[{"count":3,"href":"https:\/\/www.wallendorff.com\/belogue\/wp-json\/wp\/v2\/posts\/1090\/revisions"}],"predecessor-version":[{"id":18046,"href":"https:\/\/www.wallendorff.com\/belogue\/wp-json\/wp\/v2\/posts\/1090\/revisions\/18046"}],"wp:featuredmedia":[{"embeddable":true,"href":"https:\/\/www.wallendorff.com\/belogue\/wp-json\/wp\/v2\/media\/25018"}],"wp:attachment":[{"href":"https:\/\/www.wallendorff.com\/belogue\/wp-json\/wp\/v2\/media?parent=1090"}],"wp:term":[{"taxonomy":"category","embeddable":true,"href":"https:\/\/www.wallendorff.com\/belogue\/wp-json\/wp\/v2\/categories?post=1090"},{"taxonomy":"post_tag","embeddable":true,"href":"https:\/\/www.wallendorff.com\/belogue\/wp-json\/wp\/v2\/tags?post=1090"}],"curies":[{"name":"wp","href":"https:\/\/api.w.org\/{rel}","templated":true}]}}