{"id":109,"date":"2006-03-27T01:04:17","date_gmt":"2006-03-27T01:04:17","guid":{"rendered":"http:\/\/www.po-l.com\/wordpress\/?p=109"},"modified":"2012-02-21T10:35:42","modified_gmt":"2012-02-21T08:35:42","slug":"illumination-1","status":"publish","type":"post","link":"https:\/\/www.wallendorff.com\/belogue\/2006\/03\/27\/illumination-1\/","title":{"rendered":"Illumination #1."},"content":{"rendered":"<div id=\"photo\">\n  <P><img decoding=\"async\" src=\"http:\/\/www.po-L.com\/belogue\/photo\/2006\/03\/20060327.jpg\"><br \/>\nPasserelle Bidule, Paris, 15 mars, 22h18.<\/P>\n<\/div>\n<p style=\"text-align:right\"> En fait, &ecirc;tre &agrave; la   maison, c&rsquo;est quand les 5 et les 7 sur les plaques des voitures sont dans le bon ordre. <\/p>\n<div id=\"bandeson\">\n<p><img decoding=\"async\" src=\"https:\/\/www.wallendorff.com\/belogue\/photo\/pochettes\/k\/kills_the-no_wow.jpg\" align=\"left\" \/>&nbsp;<a href=\"http:\/\/www.thekills.tv\">The Kills<\/a> &ndash; <em>Rodeo Town<\/em><\/p>\n<\/div>\n","protected":false},"excerpt":{"rendered":"<p>Passerelle Bidule, Paris, 15 mars, 22h18. En fait, &ecirc;tre &agrave; la maison, c&rsquo;est quand les 5 et les 7 sur les plaques des voitures sont dans le bon ordre. &nbsp;The Kills &ndash; Rodeo Town<\/p>\n","protected":false},"author":1,"featured_media":24043,"comment_status":"closed","ping_status":"closed","sticky":false,"template":"","format":"standard","meta":{"_acf_changed":false,"ngg_post_thumbnail":0,"jetpack_post_was_ever_published":false,"_jetpack_newsletter_access":"","_jetpack_dont_email_post_to_subs":false,"_jetpack_newsletter_tier_id":0,"_jetpack_memberships_contains_paywalled_content":false,"_jetpack_memberships_contains_paid_content":false,"footnotes":"","jetpack_publicize_message":"","jetpack_publicize_feature_enabled":true,"jetpack_social_post_already_shared":false,"jetpack_social_options":{"image_generator_settings":{"template":"highway","default_image_id":0,"font":"","enabled":false},"version":2}},"categories":[3],"tags":[10277,142,132,10120,10121,143,10147,10098,10689,1521,4519,10380,1523,10212],"class_list":["post-109","post","type-post","status-publish","format-standard","has-post-thumbnail","hentry","category-dpc","tag-10277","tag-ef-s-10-22-mm-f35-45-usm","tag-eos-20d","tag-france","tag-ile-de-france","tag-noir-et-blanc","tag-nuit","tag-paris","tag-passerelle","tag-passerelle-du-port-de-plaisance","tag-passerelle-mornay","tag-pont","tag-rodeo-town","tag-the-kills"],"acf":[],"geo":{"latitude":48.8492355,"longitude":2.3669341,"description":null},"jetpack_publicize_connections":[],"jetpack_featured_media_url":"https:\/\/www.wallendorff.com\/belogue\/wp-content\/uploads\/2015\/04\/200603271.jpg","jetpack_shortlink":"https:\/\/wp.me\/p3b35P-1L","jetpack_sharing_enabled":true,"jetpack-related-posts":[{"id":23337,"url":"https:\/\/www.wallendorff.com\/belogue\/2014\/08\/29\/into-the-wide-31-32-x-pis-a-prismes-37-38\/","url_meta":{"origin":109,"position":0},"title":"Into the wide #31, 32 \u00d7 Pis \u00e0 prismes #37, 38.","author":"dpc","date":"29 ao\u00fbt 2014","format":false,"excerpt":"Passerelle Debilly, Paris, 14 juin. Passerelle Debilly, Paris, 14 juin. Passerelle parisienne pr\u00e9f\u00e9r\u00e9e. Break Your Heart The Gaslight Anthem","rel":"","context":"Dans &quot;Into the wide&quot;","block_context":{"text":"Into the wide","link":"https:\/\/www.wallendorff.com\/belogue\/category\/into-the-wide\/"},"img":{"alt_text":"","src":"https:\/\/i0.wp.com\/www.wallendorff.com\/belogue\/wp-content\/uploads\/2015\/04\/201408291.jpg?resize=350%2C200&ssl=1","width":350,"height":200,"srcset":"https:\/\/i0.wp.com\/www.wallendorff.com\/belogue\/wp-content\/uploads\/2015\/04\/201408291.jpg?resize=350%2C200&ssl=1 1x, https:\/\/i0.wp.com\/www.wallendorff.com\/belogue\/wp-content\/uploads\/2015\/04\/201408291.jpg?resize=525%2C300&ssl=1 1.5x, https:\/\/i0.wp.com\/www.wallendorff.com\/belogue\/wp-content\/uploads\/2015\/04\/201408291.jpg?resize=700%2C400&ssl=1 2x"},"classes":[]},{"id":3563,"url":"https:\/\/www.wallendorff.com\/belogue\/2008\/11\/07\/shooting-people-39\/","url_meta":{"origin":109,"position":1},"title":"Shooting people #39.","author":"dpc","date":"7 novembre 2008","format":false,"excerpt":"Passerelle L\u00e9opold-S\u00e9dar-Senghor, Paris, 8 octobre. Bloc Party \u2013 Signs Et sinon \u00e7a c'est tr\u00e8s dr\u00f4le.","rel":"","context":"Dans &quot;Portraits&quot;","block_context":{"text":"Portraits","link":"https:\/\/www.wallendorff.com\/belogue\/category\/portraits\/"},"img":{"alt_text":"","src":"https:\/\/i0.wp.com\/www.wallendorff.com\/belogue\/wp-content\/uploads\/2015\/04\/200811071.jpg?resize=350%2C200&ssl=1","width":350,"height":200,"srcset":"https:\/\/i0.wp.com\/www.wallendorff.com\/belogue\/wp-content\/uploads\/2015\/04\/200811071.jpg?resize=350%2C200&ssl=1 1x, https:\/\/i0.wp.com\/www.wallendorff.com\/belogue\/wp-content\/uploads\/2015\/04\/200811071.jpg?resize=525%2C300&ssl=1 1.5x, https:\/\/i0.wp.com\/www.wallendorff.com\/belogue\/wp-content\/uploads\/2015\/04\/200811071.jpg?resize=700%2C400&ssl=1 2x"},"classes":[]},{"id":21759,"url":"https:\/\/www.wallendorff.com\/belogue\/2013\/10\/10\/zou\/","url_meta":{"origin":109,"position":2},"title":"Zou.","author":"dpc","date":"10 octobre 2013","format":false,"excerpt":"Passerelle Simone-de-Beauvoir, Paris, 19 ao\u00fbt. Il n'y avait rien, puis le bateau est arriv\u00e9. J'ai pens\u00e9 faire une variation de celle-ci, puis un deuxi\u00e8me bateau est arriv\u00e9, alors j'ai encha\u00een\u00e9 les poses de 30 s. Et du coup, j'ai fait un gif. Ghost on the ShoreLord Huron","rel":"","context":"Dans &quot;DPC&quot;","block_context":{"text":"DPC","link":"https:\/\/www.wallendorff.com\/belogue\/category\/dpc\/"},"img":{"alt_text":"","src":"https:\/\/i0.wp.com\/www.wallendorff.com\/belogue\/wp-content\/uploads\/2015\/04\/201310101.gif?resize=350%2C200&ssl=1","width":350,"height":200,"srcset":"https:\/\/i0.wp.com\/www.wallendorff.com\/belogue\/wp-content\/uploads\/2015\/04\/201310101.gif?resize=350%2C200&ssl=1 1x, https:\/\/i0.wp.com\/www.wallendorff.com\/belogue\/wp-content\/uploads\/2015\/04\/201310101.gif?resize=525%2C300&ssl=1 1.5x, https:\/\/i0.wp.com\/www.wallendorff.com\/belogue\/wp-content\/uploads\/2015\/04\/201310101.gif?resize=700%2C400&ssl=1 2x"},"classes":[]},{"id":30628,"url":"https:\/\/www.wallendorff.com\/belogue\/2016\/04\/06\/brune\/","url_meta":{"origin":109,"position":3},"title":"Brune.","author":"dpc","date":"6 avril 2016","format":false,"excerpt":"Passerelle Bichat, Paris, 24 janvier. OK OK OK Little Green Cars","rel":"","context":"Dans &quot;DPC&quot;","block_context":{"text":"DPC","link":"https:\/\/www.wallendorff.com\/belogue\/category\/dpc\/"},"img":{"alt_text":"","src":"https:\/\/i0.wp.com\/www.wallendorff.com\/belogue\/wp-content\/uploads\/2016\/04\/20160406.jpg?resize=350%2C200&ssl=1","width":350,"height":200,"srcset":"https:\/\/i0.wp.com\/www.wallendorff.com\/belogue\/wp-content\/uploads\/2016\/04\/20160406.jpg?resize=350%2C200&ssl=1 1x, https:\/\/i0.wp.com\/www.wallendorff.com\/belogue\/wp-content\/uploads\/2016\/04\/20160406.jpg?resize=525%2C300&ssl=1 1.5x, https:\/\/i0.wp.com\/www.wallendorff.com\/belogue\/wp-content\/uploads\/2016\/04\/20160406.jpg?resize=700%2C400&ssl=1 2x"},"classes":[]},{"id":21754,"url":"https:\/\/www.wallendorff.com\/belogue\/2013\/10\/09\/into-the-wide-22\/","url_meta":{"origin":109,"position":4},"title":"Into the wide #22.","author":"dpc","date":"9 octobre 2013","format":false,"excerpt":"Passerelle Simone-de-Beauvoir, Paris, 19 ao\u00fbt. Free at DawnSmall Black","rel":"","context":"Dans &quot;Into the wide&quot;","block_context":{"text":"Into the wide","link":"https:\/\/www.wallendorff.com\/belogue\/category\/into-the-wide\/"},"img":{"alt_text":"","src":"https:\/\/i0.wp.com\/www.wallendorff.com\/belogue\/wp-content\/uploads\/2015\/04\/201310091.jpg?resize=350%2C200&ssl=1","width":350,"height":200,"srcset":"https:\/\/i0.wp.com\/www.wallendorff.com\/belogue\/wp-content\/uploads\/2015\/04\/201310091.jpg?resize=350%2C200&ssl=1 1x, https:\/\/i0.wp.com\/www.wallendorff.com\/belogue\/wp-content\/uploads\/2015\/04\/201310091.jpg?resize=525%2C300&ssl=1 1.5x, https:\/\/i0.wp.com\/www.wallendorff.com\/belogue\/wp-content\/uploads\/2015\/04\/201310091.jpg?resize=700%2C400&ssl=1 2x"},"classes":[]},{"id":18946,"url":"https:\/\/www.wallendorff.com\/belogue\/2012\/09\/11\/voisins-de-panier-i\/","url_meta":{"origin":109,"position":5},"title":"Voisins de panier [I].","author":"dpc","date":"11 septembre 2012","format":false,"excerpt":"Passerelle Simone-de-Beauvoir, Paris, 25 juillet. The Ting Tings \u2013 Day to Day","rel":"","context":"Dans &quot;DPC&quot;","block_context":{"text":"DPC","link":"https:\/\/www.wallendorff.com\/belogue\/category\/dpc\/"},"img":{"alt_text":"","src":"https:\/\/i0.wp.com\/www.wallendorff.com\/belogue\/wp-content\/uploads\/2015\/04\/201209111.jpg?resize=350%2C200&ssl=1","width":350,"height":200,"srcset":"https:\/\/i0.wp.com\/www.wallendorff.com\/belogue\/wp-content\/uploads\/2015\/04\/201209111.jpg?resize=350%2C200&ssl=1 1x, https:\/\/i0.wp.com\/www.wallendorff.com\/belogue\/wp-content\/uploads\/2015\/04\/201209111.jpg?resize=525%2C300&ssl=1 1.5x, https:\/\/i0.wp.com\/www.wallendorff.com\/belogue\/wp-content\/uploads\/2015\/04\/201209111.jpg?resize=700%2C400&ssl=1 2x"},"classes":[]}],"_links":{"self":[{"href":"https:\/\/www.wallendorff.com\/belogue\/wp-json\/wp\/v2\/posts\/109","targetHints":{"allow":["GET"]}}],"collection":[{"href":"https:\/\/www.wallendorff.com\/belogue\/wp-json\/wp\/v2\/posts"}],"about":[{"href":"https:\/\/www.wallendorff.com\/belogue\/wp-json\/wp\/v2\/types\/post"}],"author":[{"embeddable":true,"href":"https:\/\/www.wallendorff.com\/belogue\/wp-json\/wp\/v2\/users\/1"}],"replies":[{"embeddable":true,"href":"https:\/\/www.wallendorff.com\/belogue\/wp-json\/wp\/v2\/comments?post=109"}],"version-history":[{"count":1,"href":"https:\/\/www.wallendorff.com\/belogue\/wp-json\/wp\/v2\/posts\/109\/revisions"}],"predecessor-version":[{"id":15971,"href":"https:\/\/www.wallendorff.com\/belogue\/wp-json\/wp\/v2\/posts\/109\/revisions\/15971"}],"wp:featuredmedia":[{"embeddable":true,"href":"https:\/\/www.wallendorff.com\/belogue\/wp-json\/wp\/v2\/media\/24043"}],"wp:attachment":[{"href":"https:\/\/www.wallendorff.com\/belogue\/wp-json\/wp\/v2\/media?parent=109"}],"wp:term":[{"taxonomy":"category","embeddable":true,"href":"https:\/\/www.wallendorff.com\/belogue\/wp-json\/wp\/v2\/categories?post=109"},{"taxonomy":"post_tag","embeddable":true,"href":"https:\/\/www.wallendorff.com\/belogue\/wp-json\/wp\/v2\/tags?post=109"}],"curies":[{"name":"wp","href":"https:\/\/api.w.org\/{rel}","templated":true}]}}