{"id":10889,"date":"2010-12-17T11:37:15","date_gmt":"2010-12-17T10:37:15","guid":{"rendered":"http:\/\/www.po-l.com\/belogue\/?p=10889"},"modified":"2012-08-20T11:53:43","modified_gmt":"2012-08-20T09:53:43","slug":"moine-haut","status":"publish","type":"post","link":"https:\/\/www.wallendorff.com\/belogue\/2010\/12\/17\/moine-haut\/","title":{"rendered":"Moine haut."},"content":{"rendered":"\n<div id=\"photo\">\n<p><img decoding=\"async\" src=\"https:\/\/www.wallendorff.com\/belogue\/photo\/2010\/12\/20101217.jpg\" \/><br \/>\n&Eacute;glise Saint-Ronan, Locronan, 1<sup>er<\/sup> novembre.<\/p>\n<\/p><\/div>\n<p style=\"text-align:right\">D&egrave;s que je croise un moine je repense &agrave; <a href=\"http:\/\/pop1000.fr\/clip-Evittorio-S&eacute;-107.html\">l&rsquo;excellent clip d&rsquo;Evittorio S&eacute; dans le Pop 1000<\/a> et mon c&oelig;ur s&#8217;emplit de joie<sup>1<\/sup>.<\/p>\n<div id=\"bandeson\">\n<p><img decoding=\"async\" src=\"https:\/\/www.wallendorff.com\/belogue\/photo\/pochettes\/e\/editors-last_day.jpg\" align=\"left\" \/><a href=\"http:\/\/www.editorsofficial.com\">Editors<\/a> &ndash; <em>Papillon<\/em> (acoustic Studio Brussel)<\/p>\n<\/p><\/div>\n<p>_____<\/p>\n<div id=\"bas_note\">\n<p><sup>1<\/sup> Si l&rsquo;excellent clip d&rsquo;Evittorio S&eacute; dans le Pop 1000 n&rsquo;a pas le m&ecirc;me effet sur vous, essayez <a href=\"http:\/\/pop1000.fr\/clip-Cracraz-111.html\">l&rsquo;excellent clip de Cracraz<\/a> dans le Pop 1000, <a href=\"http:\/\/pop1000.fr\/clip---N---102.html\">l&rsquo;excellent clip de -N-<\/a> dans le Pop 1000, voire <a href=\"http:\/\/pop1000.fr\/clip-Mc-Amadeus-109.html\">l&rsquo;excellent clip de MC Amadeus<\/a> dans le Pop 1000. Si &ccedil;a marche toujours pas, c&rsquo;est moche.<\/p>\n<\/div>\n","protected":false},"excerpt":{"rendered":"<p>&Eacute;glise Saint-Ronan, Locronan, 1er novembre. D&egrave;s que je croise un moine je repense &agrave; l&rsquo;excellent clip d&rsquo;Evittorio S&eacute; dans le Pop 1000 et mon c&oelig;ur s&#8217;emplit de joie1. Editors &ndash; Papillon (acoustic Studio Brussel) _____ 1 Si l&rsquo;excellent clip d&rsquo;Evittorio S&eacute; dans le Pop 1000 n&rsquo;a pas le m&ecirc;me effet sur vous, essayez l&rsquo;excellent clip&hellip;<\/p>\n","protected":false},"author":1,"featured_media":26021,"comment_status":"open","ping_status":"open","sticky":false,"template":"","format":"standard","meta":{"_acf_changed":false,"ngg_post_thumbnail":0,"jetpack_post_was_ever_published":false,"_jetpack_newsletter_access":"","_jetpack_dont_email_post_to_subs":false,"_jetpack_newsletter_tier_id":0,"_jetpack_memberships_contains_paywalled_content":false,"_jetpack_memberships_contains_paid_content":false,"footnotes":"","jetpack_publicize_message":"","jetpack_publicize_feature_enabled":true,"jetpack_social_post_already_shared":false,"jetpack_social_options":{"image_generator_settings":{"template":"highway","default_image_id":0,"font":"","enabled":false},"version":2}},"categories":[3],"tags":[10791,2571,2615,10657,10337,10238,4234,4157,10120,4225,143,4520,10227],"class_list":["post-10889","post","type-post","status-publish","format-standard","has-post-thumbnail","hentry","category-dpc","tag-bretagne","tag-ef-16-35-mm-f28l-ii-usm","tag-eos-5d-mark-ii","tag-colonne","tag-editors","tag-eglise","tag-eglise-saint-ronan","tag-finistere","tag-france","tag-locronan","tag-noir-et-blanc","tag-papillon","tag-statue"],"acf":[],"geo":{"latitude":48.0982437,"longitude":-4.2079248,"description":"201-208 Rue du Four, 29180 Locronan, France"},"jetpack_publicize_connections":[],"jetpack_featured_media_url":"https:\/\/www.wallendorff.com\/belogue\/wp-content\/uploads\/2015\/04\/201012171.jpg","jetpack_shortlink":"https:\/\/wp.me\/p3b35P-2PD","jetpack_sharing_enabled":true,"jetpack-related-posts":[{"id":9288,"url":"https:\/\/www.wallendorff.com\/belogue\/2010\/09\/21\/plus-austere-culte\/","url_meta":{"origin":10889,"position":0},"title":"Plus aust\u00e8re culte.","author":"dpc","date":"21 septembre 2010","format":false,"excerpt":"Locronan, 24 juillet. Suis quand m\u00eame bal\u00e8ze pour mettre en avant le charme et la joie de vivre qui r\u00e8gnent dans les endroits que je fr\u00e9quente, hein. \u00a0The Delgados \u2013 I Fought the Angels","rel":"","context":"Dans &quot;DPC&quot;","block_context":{"text":"DPC","link":"https:\/\/www.wallendorff.com\/belogue\/category\/dpc\/"},"img":{"alt_text":"","src":"https:\/\/i0.wp.com\/www.wallendorff.com\/belogue\/wp-content\/uploads\/2015\/04\/201009211.jpg?resize=350%2C200&ssl=1","width":350,"height":200},"classes":[]},{"id":10910,"url":"https:\/\/www.wallendorff.com\/belogue\/2010\/12\/20\/noir-et-bancs\/","url_meta":{"origin":10889,"position":1},"title":"Noir [et bancs].","author":"dpc","date":"20 d\u00e9cembre 2010","format":false,"excerpt":"\u00c9glise Saint-Ronan, Locronan, 1er novembre. Foals \u2013 Spanish Sahara (live)","rel":"","context":"Dans &quot;DPC&quot;","block_context":{"text":"DPC","link":"https:\/\/www.wallendorff.com\/belogue\/category\/dpc\/"},"img":{"alt_text":"","src":"https:\/\/i0.wp.com\/www.wallendorff.com\/belogue\/wp-content\/uploads\/2015\/04\/201012201.jpg?resize=350%2C200&ssl=1","width":350,"height":200},"classes":[]},{"id":34137,"url":"https:\/\/www.wallendorff.com\/belogue\/2017\/06\/07\/into-the-wide-97\/","url_meta":{"origin":10889,"position":2},"title":"Into the wide #97.","author":"dpc","date":"7 juin 2017","format":false,"excerpt":"\u00c9glise Saint-Ronan, Locronan, 16 avril. Sunday Morning in the AfternoonFindlay","rel":"","context":"Dans &quot;Into the wide&quot;","block_context":{"text":"Into the wide","link":"https:\/\/www.wallendorff.com\/belogue\/category\/into-the-wide\/"},"img":{"alt_text":"","src":"https:\/\/i0.wp.com\/www.wallendorff.com\/belogue\/wp-content\/uploads\/2017\/06\/20170607.jpg?resize=350%2C200&ssl=1","width":350,"height":200,"srcset":"https:\/\/i0.wp.com\/www.wallendorff.com\/belogue\/wp-content\/uploads\/2017\/06\/20170607.jpg?resize=350%2C200&ssl=1 1x, https:\/\/i0.wp.com\/www.wallendorff.com\/belogue\/wp-content\/uploads\/2017\/06\/20170607.jpg?resize=525%2C300&ssl=1 1.5x, https:\/\/i0.wp.com\/www.wallendorff.com\/belogue\/wp-content\/uploads\/2017\/06\/20170607.jpg?resize=700%2C400&ssl=1 2x"},"classes":[]},{"id":999,"url":"https:\/\/www.wallendorff.com\/belogue\/2007\/07\/24\/le-dement-chat-boit-ma-kro\/","url_meta":{"origin":10889,"position":3},"title":"Le d\u00e9ment chat boit ma Kro.","author":"dpc","date":"24 juillet 2007","format":false,"excerpt":"\u00c9glise Sainte-Mireille, Haybes, 7 juillet. Finalement, les gens de dos, \u00e7a marche aussi bien dans les \u00e9glises que dans les ruelles. Sans compter que dans une \u00e9glise, il y a des orgues, alors que dans les ruelles non, donc avec une ruelle on ne peut poster de bande-son \u00e0 orgue\u2026","rel":"","context":"Dans &quot;DPC&quot;","block_context":{"text":"DPC","link":"https:\/\/www.wallendorff.com\/belogue\/category\/dpc\/"},"img":{"alt_text":"","src":"https:\/\/i0.wp.com\/www.wallendorff.com\/belogue\/wp-content\/uploads\/2015\/04\/200707241.jpg?resize=350%2C200&ssl=1","width":350,"height":200,"srcset":"https:\/\/i0.wp.com\/www.wallendorff.com\/belogue\/wp-content\/uploads\/2015\/04\/200707241.jpg?resize=350%2C200&ssl=1 1x, https:\/\/i0.wp.com\/www.wallendorff.com\/belogue\/wp-content\/uploads\/2015\/04\/200707241.jpg?resize=525%2C300&ssl=1 1.5x"},"classes":[]},{"id":446,"url":"https:\/\/www.wallendorff.com\/belogue\/2005\/03\/08\/chaises-dans-le-jardin-d-une-eglise\/","url_meta":{"origin":10889,"position":4},"title":"Chaises dans le jardin d&rsquo;une &eacute;glise1.","author":"dpc","date":"8 mars 2005","format":false,"excerpt":"\u00c9glise Saint-S\u00e9verin Saint-Nicolas, 24 f\u00e9vrier. Je suis retomb\u00e9 dessus en rangeant des CD ce soir. C'est vraiment une de mes chansons de nuit pr\u00e9f\u00e9r\u00e9es, celle-ci. _____ 1 Apr\u00e8s tout, ici, y a rien de plus anormal qu'un titre normal, non\u00a0? \u00a0Pearl Jam \u2013 Indifference","rel":"","context":"Dans &quot;DPC&quot;","block_context":{"text":"DPC","link":"https:\/\/www.wallendorff.com\/belogue\/category\/dpc\/"},"img":{"alt_text":"","src":"https:\/\/i0.wp.com\/www.wallendorff.com\/belogue\/wp-content\/uploads\/2015\/04\/20050308-011.jpg?resize=350%2C200&ssl=1","width":350,"height":200},"classes":[]},{"id":9526,"url":"https:\/\/www.wallendorff.com\/belogue\/2010\/09\/24\/petaler-dans-lasse-moule\/","url_meta":{"origin":10889,"position":5},"title":"P\u00e9taler dans lasse moule.","author":"dpc","date":"24 septembre 2010","format":false,"excerpt":"Locronan, 24 juillet. J'ai fait une faute de frappe en tapant un morceau culte des Smiths hier, \u00e7a a donn\u00e9 Panix, et en y r\u00e9fl\u00e9chissant bien \u00e7a ferait un mortel titre de po\u00eame traitant de l'angoisse de l'humain devant la rupture de son dispositif de contraception en latex. [Cette anecdote\u2026","rel":"","context":"Dans &quot;DPC&quot;","block_context":{"text":"DPC","link":"https:\/\/www.wallendorff.com\/belogue\/category\/dpc\/"},"img":{"alt_text":"","src":"https:\/\/i0.wp.com\/www.wallendorff.com\/belogue\/wp-content\/uploads\/2015\/04\/201009241.jpg?resize=350%2C200&ssl=1","width":350,"height":200,"srcset":"https:\/\/i0.wp.com\/www.wallendorff.com\/belogue\/wp-content\/uploads\/2015\/04\/201009241.jpg?resize=350%2C200&ssl=1 1x, https:\/\/i0.wp.com\/www.wallendorff.com\/belogue\/wp-content\/uploads\/2015\/04\/201009241.jpg?resize=525%2C300&ssl=1 1.5x, https:\/\/i0.wp.com\/www.wallendorff.com\/belogue\/wp-content\/uploads\/2015\/04\/201009241.jpg?resize=700%2C400&ssl=1 2x"},"classes":[]}],"_links":{"self":[{"href":"https:\/\/www.wallendorff.com\/belogue\/wp-json\/wp\/v2\/posts\/10889","targetHints":{"allow":["GET"]}}],"collection":[{"href":"https:\/\/www.wallendorff.com\/belogue\/wp-json\/wp\/v2\/posts"}],"about":[{"href":"https:\/\/www.wallendorff.com\/belogue\/wp-json\/wp\/v2\/types\/post"}],"author":[{"embeddable":true,"href":"https:\/\/www.wallendorff.com\/belogue\/wp-json\/wp\/v2\/users\/1"}],"replies":[{"embeddable":true,"href":"https:\/\/www.wallendorff.com\/belogue\/wp-json\/wp\/v2\/comments?post=10889"}],"version-history":[{"count":1,"href":"https:\/\/www.wallendorff.com\/belogue\/wp-json\/wp\/v2\/posts\/10889\/revisions"}],"predecessor-version":[{"id":18689,"href":"https:\/\/www.wallendorff.com\/belogue\/wp-json\/wp\/v2\/posts\/10889\/revisions\/18689"}],"wp:featuredmedia":[{"embeddable":true,"href":"https:\/\/www.wallendorff.com\/belogue\/wp-json\/wp\/v2\/media\/26021"}],"wp:attachment":[{"href":"https:\/\/www.wallendorff.com\/belogue\/wp-json\/wp\/v2\/media?parent=10889"}],"wp:term":[{"taxonomy":"category","embeddable":true,"href":"https:\/\/www.wallendorff.com\/belogue\/wp-json\/wp\/v2\/categories?post=10889"},{"taxonomy":"post_tag","embeddable":true,"href":"https:\/\/www.wallendorff.com\/belogue\/wp-json\/wp\/v2\/tags?post=10889"}],"curies":[{"name":"wp","href":"https:\/\/api.w.org\/{rel}","templated":true}]}}