{"id":1086,"date":"2007-11-20T09:12:38","date_gmt":"2007-11-20T09:12:38","guid":{"rendered":"http:\/\/www.po-l.com\/wordpress\/?p=1086"},"modified":"2013-10-23T19:08:01","modified_gmt":"2013-10-23T17:08:01","slug":"joe-satriani-the-extremist","status":"publish","type":"post","link":"https:\/\/www.wallendorff.com\/belogue\/2007\/11\/20\/joe-satriani-the-extremist\/","title":{"rendered":"Joe Satriani &ndash; The Extremist"},"content":{"rendered":"<div id=\"photo\">\n<p><img decoding=\"async\" src=\"https:\/\/www.wallendorff.com\/belogue\/photo\/autobiodisco\/016b.jpg\" \/><\/p>\n<\/div>\n<table style=\"border:none\" >\n<tr style=\"border:none\" >\n<td style=\"border:none;vertical-align:middle;width:200px\" ><img decoding=\"async\" src=\"https:\/\/www.wallendorff.com\/belogue\/photo\/autobiodisco\/016.jpg\" \/><\/td>\n<td style=\"border:none;vertical-align:middle\" >\n<p class=\"specs\"><strong>#27<br \/>\n        Label&nbsp;: <\/strong>Epic<br \/>\n        <strong>Sortie&nbsp;: <\/strong>21 juillet 1992<br \/>\n        <strong>Producteur&nbsp;:<\/strong> Joe Satriani, Andy Johns, John Cuniberti<\/p>\n<\/td>\n<\/tr>\n<\/table>\n<p>En vrai, sur la cassette de Sepultura que le  Lacaille m&rsquo;avait fil&eacute;e<sup>1<\/sup> figurait en face B cet album &agrave; l&rsquo;oppos&eacute; de l&rsquo;autre, aussi  fignol&eacute; et lisse que <em>Chaos AD<\/em> pouvait &ecirc;tre r&egrave;che et sauvage. <em>The  Extremist<\/em>. Une montagne de  guitare instrumentale pompeuse et stratosph&eacute;rique, taill&eacute;e pour accompagner des  films de bagnoles ou d&rsquo;avions, ou n&rsquo;importe quel autre monde &eacute;trange dans lequel peut  se projeter un mec de 15 ans. Joe Satriani, derri&egrave;re son nom de pizza&iuml;olo<sup>2<\/sup>, est surtout  l&rsquo;un des meilleurs guitaristes vivants, amen&eacute; &agrave; la guitare par la mort  d&rsquo;Hendrix et prof de mecs comme Steve Va&iuml; ou Kirk Hammett. &Agrave;  l&rsquo;&eacute;poque, la l&eacute;gende raconte que le mec joue tellement de notes &agrave; la seconde que  les tablatures de ses morceaux ne montrent que de grossiers paquets de chiffres  agglom&eacute;r&eacute;s en p&acirc;t&eacute;s<sup>3<\/sup>. &Eacute;patant.<\/p>\n<p>Quatri&egrave;me album d&rsquo;un  gratteux pareil, <em>The Extremist<\/em> c&rsquo;est forc&eacute;ment du lourd<sup>4<\/sup>. Tour &agrave; tour  a&eacute;rien, d&eacute;chir&eacute;, intime ou la t&ecirc;te dans le vent, <em>c&rsquo;<\/em>est une bande-son que  l&rsquo;on peut mettre &agrave; toutes les sauces, de la d&eacute;pression solitaire &agrave; l&rsquo;hyst&eacute;rie collective. Son ouverture dans un <em>Friends<\/em> pompeux &agrave; souhaits, grandiloquent et vaste, place un  hymne galvanisant qui tire vers le haut. <em>Why<\/em> me revoit toujours au fond  d&rsquo;un bus, quelque part sur la route qui m&egrave;ne de Bath &agrave; un ensemble de grottes  quelconques, d&eacute;primant devant la morne campagne du Somerset qui d&eacute;file sous la bruine.  Des <em>Cryin&rsquo;<\/em> ou <em>Tears in the Rain<\/em>, me replongent plut&ocirc;t dans tout  un tas de soir&eacute;es solitaires, la gueule dans la nuit &agrave; r&eacute;fl&eacute;chir &agrave; des sujets  grave comme ce que peut bien penser la fille du dortoir d&rsquo;&agrave; c&ocirc;t&eacute; ou quel sera  le meilleur moment pour commencer la dissertation d&rsquo;histoire que je dois rendre  le lendemain. &Agrave; l&rsquo;inverse, les cordes cristallines de <em>Rubina&rsquo;s Blue Sky  Happiness<\/em> vont plut&ocirc;t chercher vers des apr&egrave;s-midis de l&eacute;g&egrave;re insouciance,  pass&eacute;s &agrave; d&eacute;battre de sujets de fond comme, bien entendus, les indices de ce que  peut bien penser la fille du dortoir d&rsquo;&agrave; c&ocirc;t&eacute; ou quel est le meilleur moment  pour commencer une dissert&rsquo; d&rsquo;histoire devant &ecirc;tre rendue le lendemain&nbsp;;  mais aussi des controverses plus universelles comme qui est le plus fort entre  Slash et Lars Ulrich, est-on plus rock en 1993 avec des doc 14 trous qu&rsquo;avec des 11 et si embrasser sans la  langue &ccedil;a veut dire qu&rsquo;on sort ensemble. Quant &agrave; <em>Motorcycle Driver<\/em> et ses riffs en ronflements de moteur, j&rsquo;en ai fait fumer la 205 de joie.<\/p>\n<p>Puisque c&rsquo;est un album instrumental,  doubl&eacute; d&rsquo;une polyvalence atmosph&eacute;rique l&rsquo;adaptant &agrave; toute situation, <em>The  Extremist<\/em> colle &agrave; tous les moments et tous les lieux. Enfin, <em>collait<\/em>,  bien s&ucirc;r, parce que malgr&eacute; tout ses grosses guitares fignol&eacute;es, liss&eacute;es et  r&eacute;sonnantes, encore marqu&eacute;e d&rsquo;ann&eacute;es 80 au m&eacute;tal suant, font quelque peu  taches dans l&rsquo;&eacute;poque garage faussement brouillonne dans laquelle la fin des  ann&eacute;es 1990 nous a laiss&eacute;s&nbsp;: apr&egrave;s avoir loup&eacute; Satch<sup>5<\/sup> en 1993<sup>6<\/sup>,  je cherche &agrave; soigner ma frustration un 20 octobre 2004 &agrave; Ann Arbor. Pour m&rsquo;&ecirc;tre point&eacute; en retard au Michigan Theater, je ressors  de l&agrave; sans photo, apr&egrave;s deux heures pass&eacute;es assis au milieu d&rsquo;un public  impassible, &agrave; mater un Satriani au cr&acirc;ne ras&eacute; d&eacute;rouler son show sans une once  de flamme. Les rockeux, comme Samson, concentrent toute leur &eacute;nergie dans leurs  cheveux. Leurs doigts ne font que canaliser le trop-plein. Reste que <em>The Extremist<\/em> m&eacute;rite la visite rapide d&rsquo;une  oreille &eacute;mue, en l&rsquo;honneur du dernier poilu.<\/p>\n<div id=\"bas_note\">\n<p><sup>1<\/sup> Cf. <a href=\"https:\/\/www.wallendorff.com\/belogue\/2007\/10\/08\/sepultura-chaos-a-d\/\">ADB n<sup>o<\/sup> 15<\/a>.<\/p>\n<p><sup>2<\/sup> C&rsquo;est Risoli qui  l&rsquo;avait surnomm&eacute; comme &ccedil;a au Millionnaire, j&rsquo;avais &eacute;t&eacute; super-choqu&eacute;.<\/p>\n<p><sup>3<\/sup> L&eacute;gende que je n&rsquo;ai par ailleurs jamais  v&eacute;rifi&eacute;e.<\/p>\n<p><sup>4<\/sup> <em>Surfing with the Alien<\/em> en 1987 &eacute;tait pas mal non plus dans le genre, mais je ne l&rsquo;apprendrai que plus tard. <\/p>\n<p><sup>5<\/sup> Les fans de Satriani, qui sont des mecs cools  et tr&egrave;s rock n&rsquo;rolls &#8213;&nbsp;quoique portant des Converse 3 trous&nbsp;&#8213; le surnomment affectueusement Satch. <\/p>\n<p><sup>6<\/sup> Apr&egrave;s Depeche Mode (<a href=\"https:\/\/www.wallendorff.com\/belogue\/2007\/03\/19\/depeche-mode-101\/\">ADB n<sup>o<\/sup> 1<\/a>) et  avant les White Stripes (ADB n<sup>o<\/sup> x), l&rsquo;un de mes plus gros regrets  rock n&rsquo;roll sera d&rsquo;avoir fait le concert de Deep Purple du 13 octobre 1993  alors que, dix jours plus tard, Blackmore et Gillian se foutait une fois de plus sur  la gueule, Blackmore se barrait et Satriani &eacute;tait appel&eacute; &agrave; la  rescousse pour assurer l&rsquo;int&eacute;rim jusqu&rsquo;&agrave; la fin de la tourn&eacute;e.<\/p>\n<\/div>\n<h1>Extraits<\/h1>\n<ul>\n<li>#1 &#8211; <em>Friends<\/em><\/li>\n<li>#5 &ndash; <em>Rubina&rsquo;s Blue Sky Happiness<\/em><\/li>\n<li>#7 &ndash; <em>Tears in the Rain<\/em><\/li>\n<li>#8 &ndash; <em>Why<\/em><\/li>\n<li>#9 &ndash; <em>Motorcycle Driver<\/em><\/li>\n<\/ul>\n","protected":false},"excerpt":{"rendered":"<p>#27 Label&nbsp;: Epic Sortie&nbsp;: 21 juillet 1992 Producteur&nbsp;: Joe Satriani, Andy Johns, John Cuniberti En vrai, sur la cassette de Sepultura que le Lacaille m&rsquo;avait fil&eacute;e1 figurait en face B cet album &agrave; l&rsquo;oppos&eacute; de l&rsquo;autre, aussi fignol&eacute; et lisse que Chaos AD pouvait &ecirc;tre r&egrave;che et sauvage. The Extremist. Une montagne de guitare instrumentale&hellip;<\/p>\n","protected":false},"author":1,"featured_media":25014,"comment_status":"open","ping_status":"open","sticky":false,"template":"","format":"standard","meta":{"_acf_changed":false,"ngg_post_thumbnail":0,"jetpack_post_was_ever_published":false,"_jetpack_newsletter_access":"","_jetpack_dont_email_post_to_subs":false,"_jetpack_newsletter_tier_id":0,"_jetpack_memberships_contains_paywalled_content":false,"_jetpack_memberships_contains_paid_content":false,"footnotes":"","jetpack_publicize_message":"","jetpack_publicize_feature_enabled":true,"jetpack_social_post_already_shared":false,"jetpack_social_options":{"image_generator_settings":{"template":"highway","default_image_id":0,"font":"","enabled":false},"version":2}},"categories":[10],"tags":[],"class_list":["post-1086","post","type-post","status-publish","format-standard","has-post-thumbnail","hentry","category-autodiscobiographie"],"acf":[],"geo":null,"jetpack_publicize_connections":[],"jetpack_featured_media_url":"https:\/\/www.wallendorff.com\/belogue\/wp-content\/uploads\/2015\/04\/016b1.jpg","jetpack_shortlink":"https:\/\/wp.me\/p3b35P-hw","jetpack_sharing_enabled":true,"jetpack-related-posts":[{"id":10744,"url":"https:\/\/www.wallendorff.com\/belogue\/2010\/12\/14\/ca-digue-ou-la-destinee\/","url_meta":{"origin":1086,"position":0},"title":"\u00c7a digue [ou la destin\u00e9e].","author":"dpc","date":"14 d\u00e9cembre 2010","format":false,"excerpt":"Plage de Langoz, Loctudy, 31 octobre. Il est certes de fort mauvais go\u00fbt de poster en 2010 des bandes-sons avec des coiffures pareilles mais \u00e7a fait treize ans que ce truc me tombe dans la t\u00eate \u00e0 chaque fois que je croise une plage ensoleill\u00e9e et zut \u00e0 la fin\u2026","rel":"","context":"Dans &quot;DPC&quot;","block_context":{"text":"DPC","link":"https:\/\/www.wallendorff.com\/belogue\/category\/dpc\/"},"img":{"alt_text":"","src":"https:\/\/i0.wp.com\/www.wallendorff.com\/belogue\/wp-content\/uploads\/2015\/04\/201012141.jpg?resize=350%2C200&ssl=1","width":350,"height":200,"srcset":"https:\/\/i0.wp.com\/www.wallendorff.com\/belogue\/wp-content\/uploads\/2015\/04\/201012141.jpg?resize=350%2C200&ssl=1 1x, https:\/\/i0.wp.com\/www.wallendorff.com\/belogue\/wp-content\/uploads\/2015\/04\/201012141.jpg?resize=525%2C300&ssl=1 1.5x, https:\/\/i0.wp.com\/www.wallendorff.com\/belogue\/wp-content\/uploads\/2015\/04\/201012141.jpg?resize=700%2C400&ssl=1 2x"},"classes":[]},{"id":210,"url":"https:\/\/www.wallendorff.com\/belogue\/2006\/01\/23\/etre-re\/","url_meta":{"origin":1086,"position":1},"title":"&Ecirc;tre re1.","author":"dpc","date":"23 janvier 2006","format":false,"excerpt":"Temple de Garnison, Metz, 14 janvier, 09h48. Tu Recherches une bande-son matinale, tu Retrouves le disque, tu R\u00e9\u00e9coutes le disque et Tu Revis ton avril 94, tu Resillonnes l'Angleterre, tu Red\u00e9couvres les Pumpkins, tu Revois la campagne alors Tu Reprends un peu de pudding. \u00a0Joe Satriani \u2014 Rubina's Blue Sky\u2026","rel":"","context":"Dans &quot;DPC&quot;","block_context":{"text":"DPC","link":"https:\/\/www.wallendorff.com\/belogue\/category\/dpc\/"},"img":{"alt_text":"","src":"https:\/\/i0.wp.com\/www.wallendorff.com\/belogue\/wp-content\/uploads\/2015\/04\/200601231.jpg?resize=350%2C200&ssl=1","width":350,"height":200},"classes":[]},{"id":459,"url":"https:\/\/www.wallendorff.com\/belogue\/2005\/02\/20\/les-brames-en-tombes\/","url_meta":{"origin":1086,"position":2},"title":"Les br&acirc;mes en tombes.","author":"dpc","date":"20 f\u00e9vrier 2005","format":false,"excerpt":"Forest Hill Cemetery, Ann Arbor, 3 f\u00e9vrier. [Pass\u00e9 la soir\u00e9e devant le DVD de De Caunes. Replong\u00e9 en enfance. Ressorti mes tubes de l'\u00e9poque.] \u00a0Joe Satriani \u2014 Rubina (live)","rel":"","context":"Dans &quot;DPC&quot;","block_context":{"text":"DPC","link":"https:\/\/www.wallendorff.com\/belogue\/category\/dpc\/"},"img":{"alt_text":"","src":"https:\/\/i0.wp.com\/www.wallendorff.com\/belogue\/wp-content\/uploads\/2015\/04\/20050220-011.jpg?resize=350%2C200&ssl=1","width":350,"height":200},"classes":[]},{"id":41895,"url":"https:\/\/www.wallendorff.com\/belogue\/2019\/05\/27\/brad-dunstad-2-2\/","url_meta":{"origin":1086,"position":3},"title":"Brad d&rsquo;Unstad [2\/2].","author":"dpc","date":"27 mai 2019","format":false,"excerpt":"Unstad, 4 mars 2019. Day at the Beach (New Rays from an Ancient Sun)Joe Satriani","rel":"","context":"Dans &quot;DPC&quot;","block_context":{"text":"DPC","link":"https:\/\/www.wallendorff.com\/belogue\/category\/dpc\/"},"img":{"alt_text":"Ustad, 4 mars 2019.","src":"https:\/\/i0.wp.com\/www.wallendorff.com\/belogue\/wp-content\/uploads\/2019\/05\/20190527.jpg?resize=350%2C200&ssl=1","width":350,"height":200,"srcset":"https:\/\/i0.wp.com\/www.wallendorff.com\/belogue\/wp-content\/uploads\/2019\/05\/20190527.jpg?resize=350%2C200&ssl=1 1x, https:\/\/i0.wp.com\/www.wallendorff.com\/belogue\/wp-content\/uploads\/2019\/05\/20190527.jpg?resize=525%2C300&ssl=1 1.5x, https:\/\/i0.wp.com\/www.wallendorff.com\/belogue\/wp-content\/uploads\/2019\/05\/20190527.jpg?resize=700%2C400&ssl=1 2x, https:\/\/i0.wp.com\/www.wallendorff.com\/belogue\/wp-content\/uploads\/2019\/05\/20190527.jpg?resize=1050%2C600&ssl=1 3x"},"classes":[]},{"id":964,"url":"https:\/\/www.wallendorff.com\/belogue\/2007\/05\/30\/ugly-kid-joe-americas-least-wanted\/","url_meta":{"origin":1086,"position":4},"title":"Ugly Kid Joe &ndash; America&rsquo;s Least Wanted","author":"dpc","date":"30 mai 2007","format":false,"excerpt":"#17 Label\u00a0: Mercury Sortie\u00a0: juin 1992 Producteur\u00a0: Ugly Kid Joe, Mark Dodson, Michael Dodson, Ryan Dorn Le 28 octobre 1992 marque le d\u00e9but d'une nouvelle \u00e8re cin\u00e9matographique qui va chambouler l'ordre mondial. On ne le sait pas encore mais, tout comme il y eut un avant et un apr\u00e8s le\u2026","rel":"","context":"Dans &quot;Autodiscobiographie&quot;","block_context":{"text":"Autodiscobiographie","link":"https:\/\/www.wallendorff.com\/belogue\/category\/autodiscobiographie\/"},"img":{"alt_text":"","src":"https:\/\/i0.wp.com\/www.wallendorff.com\/belogue\/wp-content\/uploads\/2015\/04\/009b1.jpg?resize=350%2C200&ssl=1","width":350,"height":200,"srcset":"https:\/\/i0.wp.com\/www.wallendorff.com\/belogue\/wp-content\/uploads\/2015\/04\/009b1.jpg?resize=350%2C200&ssl=1 1x, https:\/\/i0.wp.com\/www.wallendorff.com\/belogue\/wp-content\/uploads\/2015\/04\/009b1.jpg?resize=525%2C300&ssl=1 1.5x, https:\/\/i0.wp.com\/www.wallendorff.com\/belogue\/wp-content\/uploads\/2015\/04\/009b1.jpg?resize=700%2C400&ssl=1 2x"},"classes":[]},{"id":1165,"url":"https:\/\/www.wallendorff.com\/belogue\/2008\/02\/19\/les-boules-hors-ondes-aidant\/","url_meta":{"origin":1086,"position":5},"title":"Les boules hors ondes aidant.","author":"dpc","date":"19 f\u00e9vrier 2008","format":false,"excerpt":"Gare Saint-Pancras, Londres, 18 f\u00e9vrier. Aller \u00e0 Londres c'est se choper de l'Hard-Fi dans la t\u00eate \u00e0 la vue du premier \u00ab\u00a0CCTV operating\u00a0\u00bb de la journ\u00e9e. Aller \u00e0 Londres c'est tomber nez \u00e0 nez avec KT Tunstall \u00e0 l'HMV du coin, reprenant The Drugs Don't Work en acoustique pour une\u2026","rel":"","context":"Dans &quot;DPC&quot;","block_context":{"text":"DPC","link":"https:\/\/www.wallendorff.com\/belogue\/category\/dpc\/"},"img":{"alt_text":"","src":"https:\/\/i0.wp.com\/www.wallendorff.com\/belogue\/wp-content\/uploads\/2015\/04\/200802191.jpg?resize=350%2C200&ssl=1","width":350,"height":200},"classes":[]}],"_links":{"self":[{"href":"https:\/\/www.wallendorff.com\/belogue\/wp-json\/wp\/v2\/posts\/1086","targetHints":{"allow":["GET"]}}],"collection":[{"href":"https:\/\/www.wallendorff.com\/belogue\/wp-json\/wp\/v2\/posts"}],"about":[{"href":"https:\/\/www.wallendorff.com\/belogue\/wp-json\/wp\/v2\/types\/post"}],"author":[{"embeddable":true,"href":"https:\/\/www.wallendorff.com\/belogue\/wp-json\/wp\/v2\/users\/1"}],"replies":[{"embeddable":true,"href":"https:\/\/www.wallendorff.com\/belogue\/wp-json\/wp\/v2\/comments?post=1086"}],"version-history":[{"count":9,"href":"https:\/\/www.wallendorff.com\/belogue\/wp-json\/wp\/v2\/posts\/1086\/revisions"}],"predecessor-version":[{"id":21916,"href":"https:\/\/www.wallendorff.com\/belogue\/wp-json\/wp\/v2\/posts\/1086\/revisions\/21916"}],"wp:featuredmedia":[{"embeddable":true,"href":"https:\/\/www.wallendorff.com\/belogue\/wp-json\/wp\/v2\/media\/25014"}],"wp:attachment":[{"href":"https:\/\/www.wallendorff.com\/belogue\/wp-json\/wp\/v2\/media?parent=1086"}],"wp:term":[{"taxonomy":"category","embeddable":true,"href":"https:\/\/www.wallendorff.com\/belogue\/wp-json\/wp\/v2\/categories?post=1086"},{"taxonomy":"post_tag","embeddable":true,"href":"https:\/\/www.wallendorff.com\/belogue\/wp-json\/wp\/v2\/tags?post=1086"}],"curies":[{"name":"wp","href":"https:\/\/api.w.org\/{rel}","templated":true}]}}