{"id":1083,"date":"2007-11-16T10:31:46","date_gmt":"2007-11-16T10:31:46","guid":{"rendered":"http:\/\/www.po-l.com\/wordpress\/?p=1083"},"modified":"2012-06-28T10:13:20","modified_gmt":"2012-06-28T08:13:20","slug":"previously-unreleased-73","status":"publish","type":"post","link":"https:\/\/www.wallendorff.com\/belogue\/2007\/11\/16\/previously-unreleased-73\/","title":{"rendered":"Previously unreleased #73\u00b9."},"content":{"rendered":"<div id=\"photo\">\n<p><img decoding=\"async\" src=\"https:\/\/www.wallendorff.com\/belogue\/photo\/2007\/11\/20071116.jpg\" \/><br \/>\n   Kings of Leon, le Bataclan, 26 juin.<\/p>\n<\/div>\n<p style=\"text-align:right\">Comprendre&nbsp;: &laquo;&nbsp;j&rsquo;&eacute;tais tellement bourr&eacute; au Beaujolais hier soir que j&rsquo;en suis sorti sans photo ce matin, ce qui m&rsquo;oblige &agrave; meubler avec le premier fond de tiroir venu.&nbsp;&raquo;<\/p>\n<p style=\"text-align:right\">J&rsquo;ai honte, oui.<\/p>\n<div id=\"bandeson\">\n<p><img decoding=\"async\" src=\"https:\/\/www.wallendorff.com\/belogue\/photo\/pochettes\/w\/white_stripes_the-icky_thump.jpg\" align=\"left\" \/>&nbsp;<a href=\"http:\/\/www.whitestripes.com\/\">The White Stripes<\/a> &ndash; <em>Bone Broke<\/em><\/p>\n<\/div>\n<div id=\"bas_note\">\n<p>_____<\/p>\n<p><sup>1<\/sup> Tradition fort jolie emprunt&eacute;e <a href=\"http:\/\/blog.julietterobert.com\">ici<\/a>.<\/p>\n<\/div>\n","protected":false},"excerpt":{"rendered":"<p>Kings of Leon, le Bataclan, 26 juin. Comprendre&nbsp;: &laquo;&nbsp;j&rsquo;&eacute;tais tellement bourr&eacute; au Beaujolais hier soir que j&rsquo;en suis sorti sans photo ce matin, ce qui m&rsquo;oblige &agrave; meubler avec le premier fond de tiroir venu.&nbsp;&raquo; J&rsquo;ai honte, oui. &nbsp;The White Stripes &ndash; Bone Broke _____ 1 Tradition fort jolie emprunt&eacute;e ici.<\/p>\n","protected":false},"author":1,"featured_media":25011,"comment_status":"open","ping_status":"open","sticky":false,"template":"","format":"standard","meta":{"_acf_changed":false,"ngg_post_thumbnail":0,"jetpack_post_was_ever_published":false,"_jetpack_newsletter_access":"","_jetpack_dont_email_post_to_subs":false,"_jetpack_newsletter_tier_id":0,"_jetpack_memberships_contains_paywalled_content":false,"_jetpack_memberships_contains_paid_content":false,"footnotes":"","jetpack_publicize_message":"","jetpack_publicize_feature_enabled":true,"jetpack_social_post_already_shared":false,"jetpack_social_options":{"image_generator_settings":{"template":"highway","default_image_id":0,"font":"","enabled":false},"version":2}},"categories":[5],"tags":[10134,10183,10084,2213,10169,4154,196,132,10120,4570,10121,582,10332,143,10098,10097],"class_list":["post-1083","post","type-post","status-publish","format-standard","has-post-thumbnail","hentry","category-previously-unreleased","tag-10134","tag-10183","tag-alive","tag-beaujolais","tag-biere","tag-bone-broke","tag-ef-28-70-mm-f28l-usm","tag-eos-20d","tag-france","tag-icky-thump-album","tag-ile-de-france","tag-kings-of-leon","tag-le-bataclan","tag-noir-et-blanc","tag-paris","tag-the-white-stripes"],"acf":[],"geo":{"latitude":48.8629417,"longitude":2.370445,"description":"1-15 Passage Saint-Pierre Amelot, 75011 Paris, France"},"jetpack_publicize_connections":[],"jetpack_featured_media_url":"https:\/\/www.wallendorff.com\/belogue\/wp-content\/uploads\/2015\/04\/200711161.jpg","jetpack_shortlink":"https:\/\/wp.me\/p3b35P-ht","jetpack_sharing_enabled":true,"jetpack-related-posts":[{"id":1020,"url":"https:\/\/www.wallendorff.com\/belogue\/2007\/08\/22\/previously-unreleased-69\/","url_meta":{"origin":1083,"position":0},"title":"Previously unreleased #69\u00b9","author":"dpc","date":"22 ao\u00fbt 2007","format":false,"excerpt":"Kings of Leon, le Bataclan, Paris, 26 juin. Et oui les enfants, il fut une \u00e9poque pas si lointaine o\u00f9 le Caleb Followill arbora fi\u00e8rement sur ses amples esgourdes une crini\u00e8re [de L\u00e9on, ahah] suscitant l'envie et le respect m\u00eame chez ses ennemis les plus mortels, tout en le pr\u00e9munissant\u2026","rel":"","context":"Dans &quot;Previously unreleased&quot;","block_context":{"text":"Previously unreleased","link":"https:\/\/www.wallendorff.com\/belogue\/category\/previously-unreleased\/"},"img":{"alt_text":"","src":"https:\/\/i0.wp.com\/www.wallendorff.com\/belogue\/wp-content\/uploads\/2015\/04\/20070822-11.jpg?resize=350%2C200&ssl=1","width":350,"height":200},"classes":[]},{"id":637,"url":"https:\/\/www.wallendorff.com\/belogue\/2006\/08\/15\/previously-unreleased-40\/","url_meta":{"origin":1083,"position":1},"title":"Previously Unreleased #40&sup1;.","author":"dpc","date":"15 ao\u00fbt 2006","format":false,"excerpt":"Arctic Monkeys, le Bataclan, Paris, 2 mai. \u00a0Peter Bj\u00f6rn and John \u2013 Young Folks","rel":"","context":"Dans &quot;Previously unreleased&quot;","block_context":{"text":"Previously unreleased","link":"https:\/\/www.wallendorff.com\/belogue\/category\/previously-unreleased\/"},"img":{"alt_text":"","src":"https:\/\/i0.wp.com\/www.wallendorff.com\/belogue\/wp-content\/uploads\/2015\/04\/200608151.jpg?resize=350%2C200&ssl=1","width":350,"height":200},"classes":[]},{"id":21073,"url":"https:\/\/www.wallendorff.com\/belogue\/2013\/06\/05\/previously-unreleased-91\/","url_meta":{"origin":1083,"position":2},"title":"Previously unreleased #91.","author":"dpc","date":"5 juin 2013","format":false,"excerpt":"Cold War Kids, le Bataclan, Paris, 24 avril. JailbirdsCold War Kids","rel":"","context":"Dans &quot;Previously unreleased&quot;","block_context":{"text":"Previously unreleased","link":"https:\/\/www.wallendorff.com\/belogue\/category\/previously-unreleased\/"},"img":{"alt_text":"","src":"https:\/\/i0.wp.com\/www.wallendorff.com\/belogue\/wp-content\/uploads\/2015\/04\/20130605.jpg?resize=350%2C200&ssl=1","width":350,"height":200,"srcset":"https:\/\/i0.wp.com\/www.wallendorff.com\/belogue\/wp-content\/uploads\/2015\/04\/20130605.jpg?resize=350%2C200&ssl=1 1x, https:\/\/i0.wp.com\/www.wallendorff.com\/belogue\/wp-content\/uploads\/2015\/04\/20130605.jpg?resize=525%2C300&ssl=1 1.5x, https:\/\/i0.wp.com\/www.wallendorff.com\/belogue\/wp-content\/uploads\/2015\/04\/20130605.jpg?resize=700%2C400&ssl=1 2x"},"classes":[]},{"id":838,"url":"https:\/\/www.wallendorff.com\/belogue\/2006\/11\/27\/previously-unreleased-47\/","url_meta":{"origin":1083,"position":3},"title":"Previously unreleased #47\u00b9.","author":"dpc","date":"27 novembre 2006","format":false,"excerpt":"Mathieu Ch\u00e9did, 40 ans Rock n'Folk, le Bataclan, Paris, 24 octobre. \u00a0Thunderbirds Are Now! \u2013 Eat This City _____ 1 Concept trop yeah chez cette jeune fille d\u00e9rob\u00e9.","rel":"","context":"Dans &quot;Previously unreleased&quot;","block_context":{"text":"Previously unreleased","link":"https:\/\/www.wallendorff.com\/belogue\/category\/previously-unreleased\/"},"img":{"alt_text":"","src":"https:\/\/i0.wp.com\/www.wallendorff.com\/belogue\/wp-content\/uploads\/2015\/04\/200611271.jpg?resize=350%2C200&ssl=1","width":350,"height":200},"classes":[]},{"id":159,"url":"https:\/\/www.wallendorff.com\/belogue\/2006\/05\/27\/previously-unreleased-34\/","url_meta":{"origin":1083,"position":4},"title":"Previously unreleased #34.","author":"dpc","date":"27 mai 2006","format":false,"excerpt":"Nada Surf, Le Bataclan, Paris, 25 avril. \u00a0Two Gallants \u2013 Las Cruces Jail","rel":"","context":"Dans &quot;Previously unreleased&quot;","block_context":{"text":"Previously unreleased","link":"https:\/\/www.wallendorff.com\/belogue\/category\/previously-unreleased\/"},"img":{"alt_text":"","src":"https:\/\/i0.wp.com\/www.wallendorff.com\/belogue\/wp-content\/uploads\/2015\/04\/200605272.jpg?resize=350%2C200&ssl=1","width":350,"height":200},"classes":[]},{"id":880,"url":"https:\/\/www.wallendorff.com\/belogue\/2007\/01\/23\/previously-unreleased-50\/","url_meta":{"origin":1083,"position":5},"title":"Previously unreleased #501.","author":"dpc","date":"23 janvier 2007","format":false,"excerpt":"The Killers, le Bataclan, Paris, 15 novembre 2006. \u00a0Cat Power \u2013 I Don't Blame You (live Austin City Limits) _____ 1 Tradition photographique emprunt\u00e9e \u00e0 cette dou\u00e9e de l'esth\u00e9tique.","rel":"","context":"Dans &quot;Previously unreleased&quot;","block_context":{"text":"Previously unreleased","link":"https:\/\/www.wallendorff.com\/belogue\/category\/previously-unreleased\/"},"img":{"alt_text":"","src":"https:\/\/i0.wp.com\/www.wallendorff.com\/belogue\/wp-content\/uploads\/2015\/04\/200701231.jpg?resize=350%2C200&ssl=1","width":350,"height":200},"classes":[]}],"_links":{"self":[{"href":"https:\/\/www.wallendorff.com\/belogue\/wp-json\/wp\/v2\/posts\/1083","targetHints":{"allow":["GET"]}}],"collection":[{"href":"https:\/\/www.wallendorff.com\/belogue\/wp-json\/wp\/v2\/posts"}],"about":[{"href":"https:\/\/www.wallendorff.com\/belogue\/wp-json\/wp\/v2\/types\/post"}],"author":[{"embeddable":true,"href":"https:\/\/www.wallendorff.com\/belogue\/wp-json\/wp\/v2\/users\/1"}],"replies":[{"embeddable":true,"href":"https:\/\/www.wallendorff.com\/belogue\/wp-json\/wp\/v2\/comments?post=1083"}],"version-history":[{"count":2,"href":"https:\/\/www.wallendorff.com\/belogue\/wp-json\/wp\/v2\/posts\/1083\/revisions"}],"predecessor-version":[{"id":17951,"href":"https:\/\/www.wallendorff.com\/belogue\/wp-json\/wp\/v2\/posts\/1083\/revisions\/17951"}],"wp:featuredmedia":[{"embeddable":true,"href":"https:\/\/www.wallendorff.com\/belogue\/wp-json\/wp\/v2\/media\/25011"}],"wp:attachment":[{"href":"https:\/\/www.wallendorff.com\/belogue\/wp-json\/wp\/v2\/media?parent=1083"}],"wp:term":[{"taxonomy":"category","embeddable":true,"href":"https:\/\/www.wallendorff.com\/belogue\/wp-json\/wp\/v2\/categories?post=1083"},{"taxonomy":"post_tag","embeddable":true,"href":"https:\/\/www.wallendorff.com\/belogue\/wp-json\/wp\/v2\/tags?post=1083"}],"curies":[{"name":"wp","href":"https:\/\/api.w.org\/{rel}","templated":true}]}}