{"id":1079,"date":"2007-11-12T10:44:14","date_gmt":"2007-11-12T10:44:14","guid":{"rendered":"http:\/\/www.po-l.com\/wordpress\/?p=1079"},"modified":"2011-10-25T15:21:58","modified_gmt":"2011-10-25T13:21:58","slug":"editors-la-cigale-paris","status":"publish","type":"post","link":"https:\/\/www.wallendorff.com\/belogue\/2007\/11\/12\/editors-la-cigale-paris\/","title":{"rendered":"Editors @ la Cigale, Paris."},"content":{"rendered":"<div id=\"photo\">\n<p><img decoding=\"async\" src=\"https:\/\/www.wallendorff.com\/belogue\/photo\/2007\/11\/20071112.jpg\" \/><\/p>\n<\/div>\n<ul>\n<li>Bones<\/li>\n<li>Bullets<\/li>\n<li>An End Has a Start<\/li>\n<li>The Weight of the World<\/li>\n<li>Blood<\/li>\n<li>A&iuml;e mon dos<\/li>\n<li>A&iuml;e mon dos<\/li>\n<li>A&iuml;e mon dos<\/li>\n<li>A&iuml;e mon dos<\/li>\n<li>A&iuml;e mon dos<\/li>\n<\/ul>\n<p><strong>Rappel<\/strong><\/p>\n<ul>\n<li>A&iuml;e mon dos<\/li>\n<li>A&iuml;e mon dos<\/li>\n<\/ul>\n<p align=\"right\">A&iuml;e mon dos, a&iuml;e mon dos, a&iuml;e mon dos, a&iuml;e mon dos.<\/p>\n<div id=\"bandeson\">\n<p><img decoding=\"async\" src=\"https:\/\/www.wallendorff.com\/belogue\/photo\/pochettes\/e\/editors-bullets.jpg\" align=\"left\" \/>&nbsp;<a href=\"http:\/\/www.editorsofficial.com\/\">Editors<\/a> &ndash; <em>You Are Fading<\/em><\/p>\n<\/div>\n","protected":false},"excerpt":{"rendered":"<p>Bones Bullets An End Has a Start The Weight of the World Blood A&iuml;e mon dos A&iuml;e mon dos A&iuml;e mon dos A&iuml;e mon dos A&iuml;e mon dos Rappel A&iuml;e mon dos A&iuml;e mon dos A&iuml;e mon dos, a&iuml;e mon dos, a&iuml;e mon dos, a&iuml;e mon dos. &nbsp;Editors &ndash; You Are Fading<\/p>\n","protected":false},"author":1,"featured_media":25007,"comment_status":"open","ping_status":"open","sticky":false,"template":"","format":"standard","meta":{"_acf_changed":false,"ngg_post_thumbnail":0,"jetpack_post_was_ever_published":false,"_jetpack_newsletter_access":"","_jetpack_dont_email_post_to_subs":false,"_jetpack_newsletter_tier_id":0,"_jetpack_memberships_contains_paywalled_content":false,"_jetpack_memberships_contains_paid_content":false,"footnotes":"","jetpack_publicize_message":"","jetpack_publicize_feature_enabled":true,"jetpack_social_post_already_shared":false,"jetpack_social_options":{"image_generator_settings":{"template":"highway","default_image_id":0,"font":"","enabled":false},"version":2}},"categories":[7],"tags":[10134,10143,10084,4516,181,187,10337,10136,3210,10466,10120,10121,10139,143,10098,2211],"class_list":["post-1079","post","type-post","status-publish","format-standard","has-post-thumbnail","hentry","category-alive","tag-10134","tag-10143","tag-alive","tag-boulevard-rochechouart","tag-ef-70-200-mm-f28l-usm","tag-eos-1d-mark-ii","tag-editors","tag-festival","tag-festival-des-inrocks-2007","tag-festival-des-inrockuptibles","tag-france","tag-ile-de-france","tag-la-cigale","tag-noir-et-blanc","tag-paris","tag-you-are-fading"],"acf":[],"geo":{"latitude":48.8822441,"longitude":2.340147,"description":"118-126 Boulevard de Rochechouart, 75018 Paris, France"},"jetpack_publicize_connections":[],"jetpack_featured_media_url":"https:\/\/www.wallendorff.com\/belogue\/wp-content\/uploads\/2015\/04\/200711121.jpg","jetpack_shortlink":"https:\/\/wp.me\/p3b35P-hp","jetpack_sharing_enabled":true,"jetpack-related-posts":[{"id":1080,"url":"https:\/\/www.wallendorff.com\/belogue\/2007\/11\/13\/bloc-party-i-m-from-barcelona-le-znith-paris\/","url_meta":{"origin":1079,"position":0},"title":"Bloc Party + I&rsquo;m From Barcelona @ le Z\u00e9nith, Paris.","author":"dpc","date":"13 novembre 2007","format":false,"excerpt":"L'ironie du sort, c'est quand tu arrives \u00e0 la bourre au Z\u00e9nith et qu'au moment o\u00f9 tu acc\u00e8des enfin \u00e0 la salle, qu'une bande de Su\u00e9dois compl\u00e8tement barr\u00e9s ont chang\u00e9e en un creuset o\u00f9 fusionnent tonnes de ballons et monceaux de confettis (photo l\u00e0) et que tu clopines comme un\u2026","rel":"","context":"Dans &quot;Alive&quot;","block_context":{"text":"Alive","link":"https:\/\/www.wallendorff.com\/belogue\/category\/alive\/"},"img":{"alt_text":"","src":"https:\/\/i0.wp.com\/www.wallendorff.com\/belogue\/wp-content\/uploads\/2015\/04\/200711131.jpg?resize=350%2C200&ssl=1","width":350,"height":200},"classes":[]},{"id":12799,"url":"https:\/\/www.wallendorff.com\/belogue\/2011\/05\/24\/aie-de-toile-bleue-ciel-tes-draps\/","url_meta":{"origin":1079,"position":1},"title":"Aie de toile bleue ciel tes draps.","author":"dpc","date":"24 mai 2011","format":false,"excerpt":"Port-Navalo, Arzon, 24 avril. Et demain on arr\u00eate les gens introspectifs de dos au bord de l'eau, promis. \u00a0The Antlers \u2013 Rolled Together","rel":"","context":"Dans &quot;DPC&quot;","block_context":{"text":"DPC","link":"https:\/\/www.wallendorff.com\/belogue\/category\/dpc\/"},"img":{"alt_text":"","src":"https:\/\/i0.wp.com\/www.wallendorff.com\/belogue\/wp-content\/uploads\/2015\/04\/201105241.jpg?resize=350%2C200&ssl=1","width":350,"height":200},"classes":[]},{"id":5470,"url":"https:\/\/www.wallendorff.com\/belogue\/2009\/12\/28\/en-3\/","url_meta":{"origin":1079,"position":2},"title":"2009 en&#8230; #3.","author":"dpc","date":"28 d\u00e9cembre 2009","format":false,"excerpt":"Rock en Seine, Saint-Cloud, 28 ao\u00fbt. et pr\u00e9sentent 2009 en 10 concerts qui arrach\u00e8rent tout Hors concours\u00a0: Oasis, Rock en Seine, Saint-Cloud, 28 ao\u00fbt. Parce que forc\u00e9ment, quand je serai vieux, grabataire et que je sentirai le renferm\u00e9, la seule soir\u00e9e de 2009 dont je me souviendrai vraiment et gr\u00e2ce\u2026","rel":"","context":"Dans &quot;DPC&quot;","block_context":{"text":"DPC","link":"https:\/\/www.wallendorff.com\/belogue\/category\/dpc\/"},"img":{"alt_text":"","src":"https:\/\/i0.wp.com\/www.wallendorff.com\/belogue\/wp-content\/uploads\/2015\/04\/20090829-1991.jpg?resize=350%2C200&ssl=1","width":350,"height":200},"classes":[]},{"id":999,"url":"https:\/\/www.wallendorff.com\/belogue\/2007\/07\/24\/le-dement-chat-boit-ma-kro\/","url_meta":{"origin":1079,"position":3},"title":"Le d\u00e9ment chat boit ma Kro.","author":"dpc","date":"24 juillet 2007","format":false,"excerpt":"\u00c9glise Sainte-Mireille, Haybes, 7 juillet. Finalement, les gens de dos, \u00e7a marche aussi bien dans les \u00e9glises que dans les ruelles. Sans compter que dans une \u00e9glise, il y a des orgues, alors que dans les ruelles non, donc avec une ruelle on ne peut poster de bande-son \u00e0 orgue\u2026","rel":"","context":"Dans &quot;DPC&quot;","block_context":{"text":"DPC","link":"https:\/\/www.wallendorff.com\/belogue\/category\/dpc\/"},"img":{"alt_text":"","src":"https:\/\/i0.wp.com\/www.wallendorff.com\/belogue\/wp-content\/uploads\/2015\/04\/200707241.jpg?resize=350%2C200&ssl=1","width":350,"height":200,"srcset":"https:\/\/i0.wp.com\/www.wallendorff.com\/belogue\/wp-content\/uploads\/2015\/04\/200707241.jpg?resize=350%2C200&ssl=1 1x, https:\/\/i0.wp.com\/www.wallendorff.com\/belogue\/wp-content\/uploads\/2015\/04\/200707241.jpg?resize=525%2C300&ssl=1 1.5x"},"classes":[]},{"id":1077,"url":"https:\/\/www.wallendorff.com\/belogue\/2007\/11\/10\/mon-cur-saigne-richard\/","url_meta":{"origin":1079,"position":4},"title":"Mon c\u0153ur saigne, Richard.","author":"dpc","date":"10 novembre 2007","format":false,"excerpt":"Hard-Fi, le Trabendo, 19 octobre. Hard-Fi \u00e9tait un groupe sympa. Deux albums tout jaunes, bons en live, un Richard Archer qui arbore des yeux d'un bleu glac\u00e9 et une banane des plus seyantes propre \u00e0 en rendre plus d'un jaloux. Tout pour plaire. Envie de les d\u00e9fendre, ils le m\u00e9ritent,\u2026","rel":"","context":"Dans &quot;DPC&quot;","block_context":{"text":"DPC","link":"https:\/\/www.wallendorff.com\/belogue\/category\/dpc\/"},"img":{"alt_text":"","src":"https:\/\/i0.wp.com\/www.wallendorff.com\/belogue\/wp-content\/uploads\/2015\/04\/200711102.jpg?resize=350%2C200&ssl=1","width":350,"height":200},"classes":[]},{"id":7322,"url":"https:\/\/www.wallendorff.com\/belogue\/2010\/03\/31\/and-welcome-people-to-your-town\/","url_meta":{"origin":1079,"position":5},"title":"And welcome people to your town.","author":"dpc","date":"31 mars 2010","format":false,"excerpt":"Station Pernety, Paris, 10 mars. Rock en Seine, ce festival auquel je n'irai pas cette ann\u00e9e car un camarade et n\u00e9anmoins ami n'a rien trouv\u00e9 de mieux que de tester mon respect envers lui en se mariant tr\u00e8s loin et tr\u00e8s le m\u00eame week-end, a donc invit\u00e9 entre autres gens\u2026","rel":"","context":"Dans &quot;DPC&quot;","block_context":{"text":"DPC","link":"https:\/\/www.wallendorff.com\/belogue\/category\/dpc\/"},"img":{"alt_text":"","src":"https:\/\/i0.wp.com\/www.wallendorff.com\/belogue\/wp-content\/uploads\/2015\/04\/201003311.jpg?resize=350%2C200&ssl=1","width":350,"height":200},"classes":[]}],"_links":{"self":[{"href":"https:\/\/www.wallendorff.com\/belogue\/wp-json\/wp\/v2\/posts\/1079","targetHints":{"allow":["GET"]}}],"collection":[{"href":"https:\/\/www.wallendorff.com\/belogue\/wp-json\/wp\/v2\/posts"}],"about":[{"href":"https:\/\/www.wallendorff.com\/belogue\/wp-json\/wp\/v2\/types\/post"}],"author":[{"embeddable":true,"href":"https:\/\/www.wallendorff.com\/belogue\/wp-json\/wp\/v2\/users\/1"}],"replies":[{"embeddable":true,"href":"https:\/\/www.wallendorff.com\/belogue\/wp-json\/wp\/v2\/comments?post=1079"}],"version-history":[{"count":1,"href":"https:\/\/www.wallendorff.com\/belogue\/wp-json\/wp\/v2\/posts\/1079\/revisions"}],"predecessor-version":[{"id":14020,"href":"https:\/\/www.wallendorff.com\/belogue\/wp-json\/wp\/v2\/posts\/1079\/revisions\/14020"}],"wp:featuredmedia":[{"embeddable":true,"href":"https:\/\/www.wallendorff.com\/belogue\/wp-json\/wp\/v2\/media\/25007"}],"wp:attachment":[{"href":"https:\/\/www.wallendorff.com\/belogue\/wp-json\/wp\/v2\/media?parent=1079"}],"wp:term":[{"taxonomy":"category","embeddable":true,"href":"https:\/\/www.wallendorff.com\/belogue\/wp-json\/wp\/v2\/categories?post=1079"},{"taxonomy":"post_tag","embeddable":true,"href":"https:\/\/www.wallendorff.com\/belogue\/wp-json\/wp\/v2\/tags?post=1079"}],"curies":[{"name":"wp","href":"https:\/\/api.w.org\/{rel}","templated":true}]}}