{"id":10744,"date":"2010-12-14T12:24:56","date_gmt":"2010-12-14T11:24:56","guid":{"rendered":"http:\/\/www.po-l.com\/belogue\/?p=10744"},"modified":"2012-08-15T19:20:51","modified_gmt":"2012-08-15T17:20:51","slug":"ca-digue-ou-la-destinee","status":"publish","type":"post","link":"https:\/\/www.wallendorff.com\/belogue\/2010\/12\/14\/ca-digue-ou-la-destinee\/","title":{"rendered":"\u00c7a digue [ou la destin\u00e9e]."},"content":{"rendered":"\n<div id=\"photo\">\n<p><img decoding=\"async\" src=\"https:\/\/www.wallendorff.com\/belogue\/photo\/2010\/12\/20101214.jpg\" \/><br \/>\nPlage de Langoz, Loctudy, 31 octobre.<\/p>\n<\/p><\/div>\n<p style=\"text-align:right\">Il est certes de fort mauvais go&ucirc;t de poster en 2010 des bandes-sons avec <a href=\"https:\/\/www.wallendorff.com\/belogue\/photo\/2010\/12\/20101214-01.jpg\">des coiffures pareilles<\/a> mais &ccedil;a fait treize ans que ce truc me tombe dans la t&ecirc;te &agrave; chaque fois que je croise une plage ensoleill&eacute;e et zut &agrave; la fin fallait bien que je craquasse un jour, tu vois.<\/p>\n<p>Blague &agrave; part, chaque &eacute;vocation de Satriani me rappelle cette \u00e9mission du Millionnaire o\u00f9 un candidat chevelu venu avec sa guitare se vit interroger par Philippe Risoli au sujet de son guitariste favori et que le gars avait r&eacute;pondu que c&rsquo;\u00e9tait Joe Satriani et l&agrave; Risoli goguenard avait demand&eacute; si c&rsquo;&eacute;tait le pizza&iuml;olo de son quartier.<\/p>\n<p style=\"text-align:right\">Alors, pour la premi&egrave;re fois de ma vie, je distinguai clairement dans l&rsquo;&oelig;il d&rsquo;un homme l&rsquo;irr&eacute;sistible envie d&#8217;empaler son interlocuteur sur le manche de sa guitare.<\/p>\n<p style=\"text-align:right\">Le candidat se rappela toutefois le cinqui&egrave;me Commandement<sup>1<\/sup> et refreina finalement sa pulsion, ce que, quelques ann&eacute;es plus tard, nous regrett&acirc;mes tous quand sortit <a href=\"http:\/\/www.youtube.com\/watch?v=EoS-FHbiUJE\">le plus grand succ&egrave;s du dit Risoli<\/a><sup>2<\/sup>.<\/p>\n<p style=\"text-align:right\">Hum.<\/p>\n<p style=\"text-align:right\">Je crois que je me suis encore &eacute;parpill&eacute;.<\/p>\n<div id=\"bandeson\">\n<p><img decoding=\"async\" src=\"https:\/\/www.wallendorff.com\/belogue\/photo\/pochettes\/s\/satriani_joe-flying_in_a_blue_dream.jpg\" align=\"left\" \/><a href=\"http:\/\/www.satriani.com\/\">Joe Satriani<\/a> &ndash; <em>Day at the Beach (New Rays from an Ancient Sun)<\/em><\/p>\n<\/p><\/div>\n<p>_____<\/p>\n<div id=\"bas_note\">\n<p><sup>1<\/sup> &laquo;&nbsp;Meurtre et scandale &eacute;viteras, haine, col&egrave;re et empalement sur une guitare &eacute;galement&nbsp;&raquo;.<\/p>\n<p><sup>2<\/sup> Enfin pas tous puisqu&rsquo;un James Brown enthousiaste quoique passablement g&acirc;teux ne put s&#8217;emp&ecirc;cher de le <a href=\"http:\/\/www.youtube.com\/watch?v=rgZ4f1FmrgM\">reprendre aussit&ocirc;t<\/a>.<\/p>\n<\/p><\/div>\n","protected":false},"excerpt":{"rendered":"<p>Plage de Langoz, Loctudy, 31 octobre. Il est certes de fort mauvais go&ucirc;t de poster en 2010 des bandes-sons avec des coiffures pareilles mais &ccedil;a fait treize ans que ce truc me tombe dans la t&ecirc;te &agrave; chaque fois que je croise une plage ensoleill&eacute;e et zut &agrave; la fin fallait bien que je craquasse&hellip;<\/p>\n","protected":false},"author":1,"featured_media":26017,"comment_status":"open","ping_status":"open","sticky":false,"template":"","format":"standard","meta":{"_acf_changed":false,"ngg_post_thumbnail":0,"jetpack_post_was_ever_published":false,"_jetpack_newsletter_access":"","_jetpack_dont_email_post_to_subs":false,"_jetpack_newsletter_tier_id":0,"_jetpack_memberships_contains_paywalled_content":false,"_jetpack_memberships_contains_paid_content":false,"footnotes":"","jetpack_publicize_message":"","jetpack_publicize_feature_enabled":true,"jetpack_social_post_already_shared":false,"jetpack_social_options":{"image_generator_settings":{"template":"highway","default_image_id":0,"font":"","enabled":false},"version":2}},"categories":[3],"tags":[10791,2571,2615,10144,4514,10484,4157,10120,10719,845,4164,4156,10483,10599,4163,10714,4269],"class_list":["post-10744","post","type-post","status-publish","format-standard","has-post-thumbnail","hentry","category-dpc","tag-bretagne","tag-ef-16-35-mm-f28l-ii-usm","tag-eos-5d-mark-ii","tag-ciel","tag-day-at-the-beach-new-rays-from-an-ancient-sun","tag-eau","tag-finistere","tag-france","tag-jetee","tag-joe-satriani","tag-langoz","tag-loctudy","tag-mer","tag-nuage","tag-ocean-atlantique","tag-plage","tag-sable"],"acf":[],"geo":{"latitude":47.8323936,"longitude":-4.1605029,"description":"19-398 Rue du Phare, 29750 Loctudy, France"},"jetpack_publicize_connections":[],"jetpack_featured_media_url":"https:\/\/www.wallendorff.com\/belogue\/wp-content\/uploads\/2015\/04\/201012141.jpg","jetpack_shortlink":"https:\/\/wp.me\/p3b35P-2Ni","jetpack_sharing_enabled":true,"jetpack-related-posts":[{"id":10810,"url":"https:\/\/www.wallendorff.com\/belogue\/2010\/12\/16\/dead-in-the-water-its-not-a-paid-vacation\/","url_meta":{"origin":10744,"position":0},"title":"Dead in the water it&rsquo;s not a paid vacation.","author":"dpc","date":"16 d\u00e9cembre 2010","format":false,"excerpt":"Plage de Langoz, Loctudy, 31 octobre. MGMT \u2013 Congratulations","rel":"","context":"Dans &quot;DPC&quot;","block_context":{"text":"DPC","link":"https:\/\/www.wallendorff.com\/belogue\/category\/dpc\/"},"img":{"alt_text":"","src":"https:\/\/i0.wp.com\/www.wallendorff.com\/belogue\/wp-content\/uploads\/2015\/04\/201012161.jpg?resize=350%2C200&ssl=1","width":350,"height":200},"classes":[]},{"id":10613,"url":"https:\/\/www.wallendorff.com\/belogue\/2010\/12\/13\/i-need-the-darkness-someone-please-cut-the-lights\/","url_meta":{"origin":10744,"position":1},"title":"I need the darkness, someone please cut the lights.","author":"dpc","date":"13 d\u00e9cembre 2010","format":false,"excerpt":"Plage de Langoz, Loctudy, 31 octobre. Arcade Fire \u2013 Sprawl II (Mountains Beyond Mountains)","rel":"","context":"Dans &quot;DPC&quot;","block_context":{"text":"DPC","link":"https:\/\/www.wallendorff.com\/belogue\/category\/dpc\/"},"img":{"alt_text":"","src":"https:\/\/i0.wp.com\/www.wallendorff.com\/belogue\/wp-content\/uploads\/2015\/04\/201012131.jpg?resize=350%2C200&ssl=1","width":350,"height":200},"classes":[]},{"id":8561,"url":"https:\/\/www.wallendorff.com\/belogue\/2010\/09\/07\/as-the-days-they-come-but-the-years-they-go\/","url_meta":{"origin":10744,"position":2},"title":"As the days they come but the years they go.","author":"dpc","date":"7 septembre 2010","format":false,"excerpt":"Plage de Langoz, Loctudy, 24 juillet. Alors oui c'est un vieux tas de rochers qui n'apporte pas grand chose \u00e0 l'histoire visuo-artistique de l'univers qui nous entoure, peut-\u00eatre, mais ce sont MES rochers. En fait \u00e7a sonnerait mieux en anglais pour faire introspection nostalgique mais pas trop qui garde un\u2026","rel":"","context":"Dans &quot;DPC&quot;","block_context":{"text":"DPC","link":"https:\/\/www.wallendorff.com\/belogue\/category\/dpc\/"},"img":{"alt_text":"","src":"https:\/\/i0.wp.com\/www.wallendorff.com\/belogue\/wp-content\/uploads\/2015\/04\/201009071.jpg?resize=350%2C200&ssl=1","width":350,"height":200},"classes":[]},{"id":22858,"url":"https:\/\/www.wallendorff.com\/belogue\/2014\/06\/01\/dix-ans-au-bord-de-leau\/","url_meta":{"origin":10744,"position":3},"title":"Dix ans au bord de l&rsquo;eau.","author":"dpc","date":"1 juin 2014","format":false,"excerpt":"10 ans de contemplation et de mers calmes. 10 ans de plage et d'\u00e9t\u00e9s mouill\u00e9s. 10 ans \u00e0 regarder loin devant soi. Be quiet and dive. Orchard Lake, West Bloomfield, 24 septembre 2004. \u00a0 Quatre gla\u00e7ons dans le vent Lac Sainte-Claire, D\u00e9troit, 8 janvier 2005. \u00a0 Digue\u00a0! H\u00f8norbrygga, R\u00e5dhusplassen, Oslo,\u2026","rel":"","context":"Dans &quot;DPC&quot;","block_context":{"text":"DPC","link":"https:\/\/www.wallendorff.com\/belogue\/category\/dpc\/"},"img":{"alt_text":"","src":"https:\/\/i0.wp.com\/www.wallendorff.com\/belogue\/wp-content\/uploads\/2015\/04\/201208033.jpg?resize=350%2C200&ssl=1","width":350,"height":200,"srcset":"https:\/\/i0.wp.com\/www.wallendorff.com\/belogue\/wp-content\/uploads\/2015\/04\/201208033.jpg?resize=350%2C200&ssl=1 1x, https:\/\/i0.wp.com\/www.wallendorff.com\/belogue\/wp-content\/uploads\/2015\/04\/201208033.jpg?resize=525%2C300&ssl=1 1.5x, https:\/\/i0.wp.com\/www.wallendorff.com\/belogue\/wp-content\/uploads\/2015\/04\/201208033.jpg?resize=700%2C400&ssl=1 2x"},"classes":[]},{"id":1086,"url":"https:\/\/www.wallendorff.com\/belogue\/2007\/11\/20\/joe-satriani-the-extremist\/","url_meta":{"origin":10744,"position":4},"title":"Joe Satriani &ndash; The Extremist","author":"dpc","date":"20 novembre 2007","format":false,"excerpt":"#27 Label\u00a0: Epic Sortie\u00a0: 21 juillet 1992 Producteur\u00a0: Joe Satriani, Andy Johns, John Cuniberti En vrai, sur la cassette de Sepultura que le Lacaille m'avait fil\u00e9e1 figurait en face B cet album \u00e0 l'oppos\u00e9 de l'autre, aussi fignol\u00e9 et lisse que Chaos AD pouvait \u00eatre r\u00e8che et sauvage. The Extremist.\u2026","rel":"","context":"Dans &quot;Autodiscobiographie&quot;","block_context":{"text":"Autodiscobiographie","link":"https:\/\/www.wallendorff.com\/belogue\/category\/autodiscobiographie\/"},"img":{"alt_text":"","src":"https:\/\/i0.wp.com\/www.wallendorff.com\/belogue\/wp-content\/uploads\/2015\/04\/016b1.jpg?resize=350%2C200&ssl=1","width":350,"height":200,"srcset":"https:\/\/i0.wp.com\/www.wallendorff.com\/belogue\/wp-content\/uploads\/2015\/04\/016b1.jpg?resize=350%2C200&ssl=1 1x, https:\/\/i0.wp.com\/www.wallendorff.com\/belogue\/wp-content\/uploads\/2015\/04\/016b1.jpg?resize=525%2C300&ssl=1 1.5x, https:\/\/i0.wp.com\/www.wallendorff.com\/belogue\/wp-content\/uploads\/2015\/04\/016b1.jpg?resize=700%2C400&ssl=1 2x"},"classes":[]},{"id":41895,"url":"https:\/\/www.wallendorff.com\/belogue\/2019\/05\/27\/brad-dunstad-2-2\/","url_meta":{"origin":10744,"position":5},"title":"Brad d&rsquo;Unstad [2\/2].","author":"dpc","date":"27 mai 2019","format":false,"excerpt":"Unstad, 4 mars 2019. Day at the Beach (New Rays from an Ancient Sun)Joe Satriani","rel":"","context":"Dans &quot;DPC&quot;","block_context":{"text":"DPC","link":"https:\/\/www.wallendorff.com\/belogue\/category\/dpc\/"},"img":{"alt_text":"Ustad, 4 mars 2019.","src":"https:\/\/i0.wp.com\/www.wallendorff.com\/belogue\/wp-content\/uploads\/2019\/05\/20190527.jpg?resize=350%2C200&ssl=1","width":350,"height":200,"srcset":"https:\/\/i0.wp.com\/www.wallendorff.com\/belogue\/wp-content\/uploads\/2019\/05\/20190527.jpg?resize=350%2C200&ssl=1 1x, https:\/\/i0.wp.com\/www.wallendorff.com\/belogue\/wp-content\/uploads\/2019\/05\/20190527.jpg?resize=525%2C300&ssl=1 1.5x, https:\/\/i0.wp.com\/www.wallendorff.com\/belogue\/wp-content\/uploads\/2019\/05\/20190527.jpg?resize=700%2C400&ssl=1 2x, https:\/\/i0.wp.com\/www.wallendorff.com\/belogue\/wp-content\/uploads\/2019\/05\/20190527.jpg?resize=1050%2C600&ssl=1 3x"},"classes":[]}],"_links":{"self":[{"href":"https:\/\/www.wallendorff.com\/belogue\/wp-json\/wp\/v2\/posts\/10744","targetHints":{"allow":["GET"]}}],"collection":[{"href":"https:\/\/www.wallendorff.com\/belogue\/wp-json\/wp\/v2\/posts"}],"about":[{"href":"https:\/\/www.wallendorff.com\/belogue\/wp-json\/wp\/v2\/types\/post"}],"author":[{"embeddable":true,"href":"https:\/\/www.wallendorff.com\/belogue\/wp-json\/wp\/v2\/users\/1"}],"replies":[{"embeddable":true,"href":"https:\/\/www.wallendorff.com\/belogue\/wp-json\/wp\/v2\/comments?post=10744"}],"version-history":[{"count":1,"href":"https:\/\/www.wallendorff.com\/belogue\/wp-json\/wp\/v2\/posts\/10744\/revisions"}],"predecessor-version":[{"id":18655,"href":"https:\/\/www.wallendorff.com\/belogue\/wp-json\/wp\/v2\/posts\/10744\/revisions\/18655"}],"wp:featuredmedia":[{"embeddable":true,"href":"https:\/\/www.wallendorff.com\/belogue\/wp-json\/wp\/v2\/media\/26017"}],"wp:attachment":[{"href":"https:\/\/www.wallendorff.com\/belogue\/wp-json\/wp\/v2\/media?parent=10744"}],"wp:term":[{"taxonomy":"category","embeddable":true,"href":"https:\/\/www.wallendorff.com\/belogue\/wp-json\/wp\/v2\/categories?post=10744"},{"taxonomy":"post_tag","embeddable":true,"href":"https:\/\/www.wallendorff.com\/belogue\/wp-json\/wp\/v2\/tags?post=10744"}],"curies":[{"name":"wp","href":"https:\/\/api.w.org\/{rel}","templated":true}]}}