{"id":106,"date":"2006-03-20T21:02:54","date_gmt":"2006-03-20T21:02:54","guid":{"rendered":"http:\/\/www.po-l.com\/wordpress\/?p=106"},"modified":"2012-02-19T17:49:28","modified_gmt":"2012-02-19T15:49:28","slug":"ne-passe-enfer","status":"publish","type":"post","link":"https:\/\/www.wallendorff.com\/belogue\/2006\/03\/20\/ne-passe-enfer\/","title":{"rendered":"Ne passe enfer."},"content":{"rendered":"\n<div id=\"photo\">\n<p><img decoding=\"async\" src=\"http:\/\/www.po-L.com\/belogue\/photo\/2006\/03\/20060320.jpg\" \/><br \/>\n          Gare du Nord, Paris, 14 mars, 22h05.<\/p>\n<\/div>\n<p style=\"text-align:right\">&Ecirc;tre rock en 2006, c&rsquo;est d&eacute;tourer des poubelles et des rugbymen et finir au pieu avec les Stereophonics, des amis sur qui on peut Comt&eacute;.<\/p>\n<div id=\"bandeson\">\n<p><img decoding=\"async\" src=\"https:\/\/www.wallendorff.com\/belogue\/photo\/pochettes\/z\/zita_swoon-a_band_in_a_box.jpg\" align=\"left\" \/>&nbsp;<a href=\"http:\/\/www.zitaswoon.com\/\">Zita Swoon<\/a> &ndash; <em>Moving Through Life as Prey<\/em> (live)<\/p>\n<\/div>\n","protected":false},"excerpt":{"rendered":"<p>Gare du Nord, Paris, 14 mars, 22h05. &Ecirc;tre rock en 2006, c&rsquo;est d&eacute;tourer des poubelles et des rugbymen et finir au pieu avec les Stereophonics, des amis sur qui on peut Comt&eacute;. &nbsp;Zita Swoon &ndash; Moving Through Life as Prey (live)<\/p>\n","protected":false},"author":1,"featured_media":24040,"comment_status":"closed","ping_status":"closed","sticky":false,"template":"","format":"standard","meta":{"_acf_changed":false,"ngg_post_thumbnail":0,"jetpack_post_was_ever_published":false,"_jetpack_newsletter_access":"","_jetpack_dont_email_post_to_subs":false,"_jetpack_newsletter_tier_id":0,"_jetpack_memberships_contains_paywalled_content":false,"_jetpack_memberships_contains_paid_content":false,"footnotes":"","jetpack_publicize_message":"","jetpack_publicize_feature_enabled":true,"jetpack_social_post_already_shared":false,"jetpack_social_options":{"image_generator_settings":{"template":"highway","default_image_id":0,"font":"","enabled":false},"version":2}},"categories":[3],"tags":[10267,142,132,1243,1502,10120,10247,1519,10121,1520,143,10098,10197],"class_list":["post-106","post","type-post","status-publish","format-standard","has-post-thumbnail","hentry","category-dpc","tag-10267","tag-ef-s-10-22-mm-f35-45-usm","tag-eos-20d","tag-carre","tag-etre-rock","tag-france","tag-gare","tag-gare-du-nord","tag-ile-de-france","tag-moving-through-life-as-prey","tag-noir-et-blanc","tag-paris","tag-zita-swoon"],"acf":[],"geo":{"latitude":48.8804588,"longitude":2.3549581,"description":null},"jetpack_publicize_connections":[],"jetpack_featured_media_url":"https:\/\/www.wallendorff.com\/belogue\/wp-content\/uploads\/2015\/04\/200603201.jpg","jetpack_shortlink":"https:\/\/wp.me\/p3b35P-1I","jetpack_sharing_enabled":true,"jetpack-related-posts":[{"id":1143,"url":"https:\/\/www.wallendorff.com\/belogue\/2008\/01\/21\/trains-voiles-debouts-daims\/","url_meta":{"origin":106,"position":0},"title":"Trains, voiles \u00e0 debouts daims\u00b9.","author":"dpc","date":"21 janvier 2008","format":false,"excerpt":"Gare du Nord, Paris, 1er janvier. Pfff. \u00a0Eliott Smith \u2013 Somebody That I Used to Know _____ 1 Titre pertinent dans la mesure o\u00f9 l'on suppose que des daims sont effectivement planqu\u00e9s derri\u00e8re ceux de la photo, bien s\u00fbr.","rel":"","context":"Dans &quot;DPC&quot;","block_context":{"text":"DPC","link":"https:\/\/www.wallendorff.com\/belogue\/category\/dpc\/"},"img":{"alt_text":"","src":"https:\/\/i0.wp.com\/www.wallendorff.com\/belogue\/wp-content\/uploads\/2015\/04\/200801211.jpg?resize=350%2C200&ssl=1","width":350,"height":200,"srcset":"https:\/\/i0.wp.com\/www.wallendorff.com\/belogue\/wp-content\/uploads\/2015\/04\/200801211.jpg?resize=350%2C200&ssl=1 1x, https:\/\/i0.wp.com\/www.wallendorff.com\/belogue\/wp-content\/uploads\/2015\/04\/200801211.jpg?resize=525%2C300&ssl=1 1.5x, https:\/\/i0.wp.com\/www.wallendorff.com\/belogue\/wp-content\/uploads\/2015\/04\/200801211.jpg?resize=700%2C400&ssl=1 2x"},"classes":[]},{"id":1158,"url":"https:\/\/www.wallendorff.com\/belogue\/2008\/02\/08\/zita-swoon-le-zbre-de-belleville-paris\/","url_meta":{"origin":106,"position":1},"title":"Zita Swoon @ le Z\u00e8bre de Belleville, Paris.","author":"dpc","date":"8 f\u00e9vrier 2008","format":false,"excerpt":"Forc\u00e9ment, quand t'as lu Pennac en boucle pendant toute ta jeunesse, mettre pour la premi\u00e8re fois les pieds dans le Z\u00e8bre de Monsieur Malauss\u00e8ne, c'est d\u00e9j\u00e0 un \u00e9v\u00e9nement en soi. L'\u00e9merveillement pass\u00e9, pos\u00e9 sur la mezzanine avec un Bordeaux et l'Eos \u00e0 l'aff\u00fbt devant toi, c'est Zita Swoon, son nouveau\u2026","rel":"","context":"Dans &quot;Alive&quot;","block_context":{"text":"Alive","link":"https:\/\/www.wallendorff.com\/belogue\/category\/alive\/"},"img":{"alt_text":"","src":"https:\/\/i0.wp.com\/www.wallendorff.com\/belogue\/wp-content\/uploads\/2015\/04\/200802081.jpg?resize=350%2C200&ssl=1","width":350,"height":200,"srcset":"https:\/\/i0.wp.com\/www.wallendorff.com\/belogue\/wp-content\/uploads\/2015\/04\/200802081.jpg?resize=350%2C200&ssl=1 1x, https:\/\/i0.wp.com\/www.wallendorff.com\/belogue\/wp-content\/uploads\/2015\/04\/200802081.jpg?resize=525%2C300&ssl=1 1.5x, https:\/\/i0.wp.com\/www.wallendorff.com\/belogue\/wp-content\/uploads\/2015\/04\/200802081.jpg?resize=700%2C400&ssl=1 2x"},"classes":[]},{"id":20603,"url":"https:\/\/www.wallendorff.com\/belogue\/2013\/03\/14\/noir-du-gore\/","url_meta":{"origin":106,"position":2},"title":"Noir du gore.","author":"dpc","date":"14 mars 2013","format":false,"excerpt":"Gare du Nord, Paris, 20 janvier. StepsonFoals","rel":"","context":"Dans &quot;DPC&quot;","block_context":{"text":"DPC","link":"https:\/\/www.wallendorff.com\/belogue\/category\/dpc\/"},"img":{"alt_text":"","src":"https:\/\/i0.wp.com\/www.wallendorff.com\/belogue\/wp-content\/uploads\/2015\/04\/20130314.jpg?resize=350%2C200&ssl=1","width":350,"height":200,"srcset":"https:\/\/i0.wp.com\/www.wallendorff.com\/belogue\/wp-content\/uploads\/2015\/04\/20130314.jpg?resize=350%2C200&ssl=1 1x, https:\/\/i0.wp.com\/www.wallendorff.com\/belogue\/wp-content\/uploads\/2015\/04\/20130314.jpg?resize=525%2C300&ssl=1 1.5x, https:\/\/i0.wp.com\/www.wallendorff.com\/belogue\/wp-content\/uploads\/2015\/04\/20130314.jpg?resize=700%2C400&ssl=1 2x"},"classes":[]},{"id":108,"url":"https:\/\/www.wallendorff.com\/belogue\/2006\/03\/23\/va-ciller\/","url_meta":{"origin":106,"position":3},"title":"Va ciller.","author":"dpc","date":"23 mars 2006","format":false,"excerpt":"Gare du Nord, Paris, 14 mars, 22h12. [Wherever you might be, happy eighty-three.] Direction Metz, son IV, sa Com', ses Ar\u00eanes, ses cravates, son muguet, ses ronds de chapeaux et son Ricard. Retour dimanche ou bien. \u201cAlice died, In the night, I've been learning to drive My whole life.\u201d \u00a0Arcade\u2026","rel":"","context":"Dans &quot;DPC&quot;","block_context":{"text":"DPC","link":"https:\/\/www.wallendorff.com\/belogue\/category\/dpc\/"},"img":{"alt_text":"","src":"https:\/\/i0.wp.com\/www.wallendorff.com\/belogue\/wp-content\/uploads\/2015\/04\/200603231.jpg?resize=350%2C200&ssl=1","width":350,"height":200},"classes":[]},{"id":21218,"url":"https:\/\/www.wallendorff.com\/belogue\/2013\/06\/26\/noir-du-gore-ii\/","url_meta":{"origin":106,"position":4},"title":"Noir du gore [II].","author":"dpc","date":"26 juin 2013","format":false,"excerpt":"Gare du Nord, Paris, 25 mai. Worm Tamer (Grinderman cover)Primal Scream","rel":"","context":"Dans &quot;DPC&quot;","block_context":{"text":"DPC","link":"https:\/\/www.wallendorff.com\/belogue\/category\/dpc\/"},"img":{"alt_text":"","src":"https:\/\/i0.wp.com\/www.wallendorff.com\/belogue\/wp-content\/uploads\/2015\/04\/20130626.jpg?resize=350%2C200&ssl=1","width":350,"height":200,"srcset":"https:\/\/i0.wp.com\/www.wallendorff.com\/belogue\/wp-content\/uploads\/2015\/04\/20130626.jpg?resize=350%2C200&ssl=1 1x, https:\/\/i0.wp.com\/www.wallendorff.com\/belogue\/wp-content\/uploads\/2015\/04\/20130626.jpg?resize=525%2C300&ssl=1 1.5x"},"classes":[]},{"id":1228,"url":"https:\/\/www.wallendorff.com\/belogue\/2008\/05\/16\/gare-du-nrd\/","url_meta":{"origin":106,"position":5},"title":"Gare du n\u00f8rd.","author":"dpc","date":"16 mai 2008","format":false,"excerpt":"Lillestr\u00f8m, 2 avril. Fatigu\u00e9. Tr\u00e8s fatigu\u00e9. \u00a0Nada Surf \u2013 In the Mirror","rel":"","context":"Dans &quot;DPC&quot;","block_context":{"text":"DPC","link":"https:\/\/www.wallendorff.com\/belogue\/category\/dpc\/"},"img":{"alt_text":"","src":"https:\/\/i0.wp.com\/www.wallendorff.com\/belogue\/wp-content\/uploads\/2015\/04\/200805161.jpg?resize=350%2C200&ssl=1","width":350,"height":200},"classes":[]}],"_links":{"self":[{"href":"https:\/\/www.wallendorff.com\/belogue\/wp-json\/wp\/v2\/posts\/106","targetHints":{"allow":["GET"]}}],"collection":[{"href":"https:\/\/www.wallendorff.com\/belogue\/wp-json\/wp\/v2\/posts"}],"about":[{"href":"https:\/\/www.wallendorff.com\/belogue\/wp-json\/wp\/v2\/types\/post"}],"author":[{"embeddable":true,"href":"https:\/\/www.wallendorff.com\/belogue\/wp-json\/wp\/v2\/users\/1"}],"replies":[{"embeddable":true,"href":"https:\/\/www.wallendorff.com\/belogue\/wp-json\/wp\/v2\/comments?post=106"}],"version-history":[{"count":1,"href":"https:\/\/www.wallendorff.com\/belogue\/wp-json\/wp\/v2\/posts\/106\/revisions"}],"predecessor-version":[{"id":15941,"href":"https:\/\/www.wallendorff.com\/belogue\/wp-json\/wp\/v2\/posts\/106\/revisions\/15941"}],"wp:featuredmedia":[{"embeddable":true,"href":"https:\/\/www.wallendorff.com\/belogue\/wp-json\/wp\/v2\/media\/24040"}],"wp:attachment":[{"href":"https:\/\/www.wallendorff.com\/belogue\/wp-json\/wp\/v2\/media?parent=106"}],"wp:term":[{"taxonomy":"category","embeddable":true,"href":"https:\/\/www.wallendorff.com\/belogue\/wp-json\/wp\/v2\/categories?post=106"},{"taxonomy":"post_tag","embeddable":true,"href":"https:\/\/www.wallendorff.com\/belogue\/wp-json\/wp\/v2\/tags?post=106"}],"curies":[{"name":"wp","href":"https:\/\/api.w.org\/{rel}","templated":true}]}}