{"id":1059,"date":"2007-10-16T01:05:56","date_gmt":"2007-10-16T01:05:56","guid":{"rendered":"http:\/\/www.po-l.com\/wordpress\/?p=1059"},"modified":"2014-03-06T18:22:45","modified_gmt":"2014-03-06T16:22:45","slug":"spots-hauts-roses","status":"publish","type":"post","link":"https:\/\/www.wallendorff.com\/belogue\/2007\/10\/16\/spots-hauts-roses\/","title":{"rendered":"Spots hauts roses."},"content":{"rendered":"<div id=\"photo\">\n<p><img decoding=\"async\" src=\"https:\/\/www.wallendorff.com\/belogue\/photo\/2007\/10\/20071016.jpg\" \/><br \/>\n   Maison de la Radio, Paris, 17 septembre.<\/p>\n<\/div>\n<p style=\"text-align:right\">Mais forc&eacute;ment, en noir et blanc &ccedil;a donne &laquo;&nbsp;Spots hauts blancs&nbsp;&raquo;, ce qui est ma foi fort super moins dr&ocirc;le.<\/p>\n<p style=\"text-align:center\">&#8230;<\/p>\n<p>Ou alors aurais-je pu m&rsquo;en tirer en supposant que les luminaires ci-dessus seraient tout de fer faits, permettant un \u00ab&nbsp;Spots iron&nbsp;\u00bb de bon aloi.<\/p>\n<p style=\"text-align:center\">Hum.<\/p>\n<p style=\"text-align:right\">Je crois que je vais plut&ocirc;t retourner me coucher, finalement.<\/p>\n<div id=\"bandeson\">\n<p><img decoding=\"async\" src=\"https:\/\/www.wallendorff.com\/belogue\/photo\/pochettes\/g\/gonzalez_jose-in_our_nature.jpg\" align=\"left\" \/>&nbsp;<a href=\"http:\/\/www.jose-gonzalez.com\/\">Jos&eacute; Gonz&aacute;lez<\/a> &ndash; <em>Teardrop<\/em> (Massive Attack cover)<\/p>\n<\/div>\n","protected":false},"excerpt":{"rendered":"<p>Maison de la Radio, Paris, 17 septembre. Mais forc&eacute;ment, en noir et blanc &ccedil;a donne &laquo;&nbsp;Spots hauts blancs&nbsp;&raquo;, ce qui est ma foi fort super moins dr&ocirc;le. &#8230; Ou alors aurais-je pu m&rsquo;en tirer en supposant que les luminaires ci-dessus seraient tout de fer faits, permettant un \u00ab&nbsp;Spots iron&nbsp;\u00bb de bon aloi. Hum. Je crois&hellip;<\/p>\n","protected":false},"author":1,"featured_media":24988,"comment_status":"open","ping_status":"open","sticky":false,"template":"","format":"standard","meta":{"_acf_changed":false,"ngg_post_thumbnail":0,"jetpack_post_was_ever_published":false,"_jetpack_newsletter_access":"","_jetpack_dont_email_post_to_subs":false,"_jetpack_newsletter_tier_id":0,"_jetpack_memberships_contains_paywalled_content":false,"_jetpack_memberships_contains_paid_content":false,"footnotes":"","jetpack_publicize_message":"","jetpack_publicize_feature_enabled":true,"jetpack_social_post_already_shared":false,"jetpack_social_options":{"image_generator_settings":{"template":"highway","default_image_id":0,"font":"","enabled":false},"version":2}},"categories":[3],"tags":[10372,181,187,10120,10121,10448,10401,2163,10369,10168,143,10098,10365,364],"class_list":["post-1059","post","type-post","status-publish","format-standard","has-post-thumbnail","hentry","category-dpc","tag-10372","tag-ef-70-200-mm-f28l-usm","tag-eos-1d-mark-ii","tag-france","tag-ile-de-france","tag-jose-gonzalez","tag-lampe","tag-le-mouv","tag-maison-de-la-radio","tag-massive-attack","tag-noir-et-blanc","tag-paris","tag-studio","tag-teardrop"],"acf":[],"geo":{"latitude":48.8520584,"longitude":2.2778714,"description":"2 Rue de Boulainvilliers, 75016 Paris, France"},"jetpack_publicize_connections":[],"jetpack_featured_media_url":"https:\/\/www.wallendorff.com\/belogue\/wp-content\/uploads\/2015\/04\/20071016.jpg","jetpack_shortlink":"https:\/\/wp.me\/p3b35P-h5","jetpack_sharing_enabled":true,"jetpack-related-posts":[{"id":1170,"url":"https:\/\/www.wallendorff.com\/belogue\/2008\/02\/25\/jos-gonzlez-la-cigale-paris\/","url_meta":{"origin":1059,"position":0},"title":"Jos\u00e9 Gonz\u00e1lez @ la Cigale, Paris.","author":"dpc","date":"25 f\u00e9vrier 2008","format":false,"excerpt":"Derri\u00e8re la premi\u00e8re partie prometteuse \u2013\u00a0mais g\u00e2ch\u00e9e par un son de basse pourri\u00a0\u2013 de Caribou, Jos\u00e9 Gonz\u00e1lez s\u2019approprie la Cigale enti\u00e8re d\u00e8s que le rideau rouge du th\u00e9\u00e2tre s\u2019ouvre sur lui. Assis au milieu de la sc\u00e8ne comme Ben Harper l\u2019aurait fait, le songwriter d\u00e9roule devant une toile de fond\u2026","rel":"","context":"Dans &quot;Alive&quot;","block_context":{"text":"Alive","link":"https:\/\/www.wallendorff.com\/belogue\/category\/alive\/"},"img":{"alt_text":"","src":"https:\/\/i0.wp.com\/www.wallendorff.com\/belogue\/wp-content\/uploads\/2015\/04\/200802251.jpg?resize=350%2C200&ssl=1","width":350,"height":200},"classes":[]},{"id":1002,"url":"https:\/\/www.wallendorff.com\/belogue\/2007\/07\/27\/pas-perdus\/","url_meta":{"origin":1059,"position":1},"title":"Pas perdus.","author":"dpc","date":"27 juillet 2007","format":false,"excerpt":"Charing Cross Station1, Londres, 10 juin. \u00a0Jos\u00e9 Gonz\u00e1lez \u2013 Love Will Tear Us Apart (Joy Division cover) _____ 1 Je sais, vous savez lire, je sais.","rel":"","context":"Dans &quot;DPC&quot;","block_context":{"text":"DPC","link":"https:\/\/www.wallendorff.com\/belogue\/category\/dpc\/"},"img":{"alt_text":"","src":"https:\/\/i0.wp.com\/www.wallendorff.com\/belogue\/wp-content\/uploads\/2015\/04\/200707271.jpg?resize=350%2C200&ssl=1","width":350,"height":200},"classes":[]},{"id":1210,"url":"https:\/\/www.wallendorff.com\/belogue\/2008\/04\/18\/the-wombats-black-session-maison-de-la-radio-paris-21-janvier\/","url_meta":{"origin":1059,"position":2},"title":"The Wombats @ Black Session 275, Maison de la Radio, Paris, 21 janvier.","author":"dpc","date":"18 avril 2008","format":false,"excerpt":"\u00a0The Kooks \u2013 Tick of Time","rel":"","context":"Dans &quot;Alive&quot;","block_context":{"text":"Alive","link":"https:\/\/www.wallendorff.com\/belogue\/category\/alive\/"},"img":{"alt_text":"","src":"https:\/\/i0.wp.com\/www.wallendorff.com\/belogue\/wp-content\/uploads\/2015\/04\/200804181.jpg?resize=350%2C200&ssl=1","width":350,"height":200,"srcset":"https:\/\/i0.wp.com\/www.wallendorff.com\/belogue\/wp-content\/uploads\/2015\/04\/200804181.jpg?resize=350%2C200&ssl=1 1x, https:\/\/i0.wp.com\/www.wallendorff.com\/belogue\/wp-content\/uploads\/2015\/04\/200804181.jpg?resize=525%2C300&ssl=1 1.5x, https:\/\/i0.wp.com\/www.wallendorff.com\/belogue\/wp-content\/uploads\/2015\/04\/200804181.jpg?resize=700%2C400&ssl=1 2x"},"classes":[]},{"id":1140,"url":"https:\/\/www.wallendorff.com\/belogue\/2008\/01\/16\/cime-et-prendre\/","url_meta":{"origin":1059,"position":3},"title":"\u00c0 cime et prendre.","author":"dpc","date":"16 janvier 2008","format":false,"excerpt":"Rue Jean-Pierre-Timbaud, Paris, 31 d\u00e9cembre 2007. Ou pas. \u00a0Jos\u00e9 Gonz\u00e1lez \u2013 Love Will Tear Us Apart (Joy Division cover)","rel":"","context":"Dans &quot;Guit'Art&quot;","block_context":{"text":"Guit'Art","link":"https:\/\/www.wallendorff.com\/belogue\/category\/guit-art\/"},"img":{"alt_text":"","src":"https:\/\/i0.wp.com\/www.wallendorff.com\/belogue\/wp-content\/uploads\/2015\/04\/200801161.jpg?resize=350%2C200&ssl=1","width":350,"height":200},"classes":[]},{"id":1112,"url":"https:\/\/www.wallendorff.com\/belogue\/2007\/12\/19\/spare-l\/","url_meta":{"origin":1059,"position":4},"title":"S\u00e9pare l\u00e0.","author":"dpc","date":"19 d\u00e9cembre 2007","format":false,"excerpt":"Rue des Couronnes, Paris, 17 novembre. Too blind to know your best Hurrying through the forks without regrets Different now, every step feels like a mile All the lights seem to flash and pass you by. \u00a0Jos\u00e9 Gonz\u00e1lez \u2013 Cycling Trivialities","rel":"","context":"Dans &quot;DPC&quot;","block_context":{"text":"DPC","link":"https:\/\/www.wallendorff.com\/belogue\/category\/dpc\/"},"img":{"alt_text":"","src":"https:\/\/i0.wp.com\/www.wallendorff.com\/belogue\/wp-content\/uploads\/2015\/04\/200712191.jpg?resize=350%2C200&ssl=1","width":350,"height":200,"srcset":"https:\/\/i0.wp.com\/www.wallendorff.com\/belogue\/wp-content\/uploads\/2015\/04\/200712191.jpg?resize=350%2C200&ssl=1 1x, https:\/\/i0.wp.com\/www.wallendorff.com\/belogue\/wp-content\/uploads\/2015\/04\/200712191.jpg?resize=525%2C300&ssl=1 1.5x"},"classes":[]},{"id":1065,"url":"https:\/\/www.wallendorff.com\/belogue\/2007\/10\/24\/shooting-people-17\/","url_meta":{"origin":1059,"position":5},"title":"Shooting people #17.","author":"dpc","date":"24 octobre 2007","format":false,"excerpt":"Maison de la Radio, Paris, 17 septembre. Je suis fatigu\u00e9 et je suis malade. J'ai une habitude que je ne peux tout simplement pas perdre, j'ai la gueule de bois et je suis tout amoureux. Quand les lumi\u00e8res s'\u00e9teindront je vais tous les buter. Mais tout va bien, pas de\u2026","rel":"","context":"Dans &quot;Portraits&quot;","block_context":{"text":"Portraits","link":"https:\/\/www.wallendorff.com\/belogue\/category\/portraits\/"},"img":{"alt_text":"","src":"https:\/\/i0.wp.com\/www.wallendorff.com\/belogue\/wp-content\/uploads\/2015\/04\/200710241.jpg?resize=350%2C200&ssl=1","width":350,"height":200,"srcset":"https:\/\/i0.wp.com\/www.wallendorff.com\/belogue\/wp-content\/uploads\/2015\/04\/200710241.jpg?resize=350%2C200&ssl=1 1x, https:\/\/i0.wp.com\/www.wallendorff.com\/belogue\/wp-content\/uploads\/2015\/04\/200710241.jpg?resize=525%2C300&ssl=1 1.5x, https:\/\/i0.wp.com\/www.wallendorff.com\/belogue\/wp-content\/uploads\/2015\/04\/200710241.jpg?resize=700%2C400&ssl=1 2x"},"classes":[]}],"_links":{"self":[{"href":"https:\/\/www.wallendorff.com\/belogue\/wp-json\/wp\/v2\/posts\/1059","targetHints":{"allow":["GET"]}}],"collection":[{"href":"https:\/\/www.wallendorff.com\/belogue\/wp-json\/wp\/v2\/posts"}],"about":[{"href":"https:\/\/www.wallendorff.com\/belogue\/wp-json\/wp\/v2\/types\/post"}],"author":[{"embeddable":true,"href":"https:\/\/www.wallendorff.com\/belogue\/wp-json\/wp\/v2\/users\/1"}],"replies":[{"embeddable":true,"href":"https:\/\/www.wallendorff.com\/belogue\/wp-json\/wp\/v2\/comments?post=1059"}],"version-history":[{"count":2,"href":"https:\/\/www.wallendorff.com\/belogue\/wp-json\/wp\/v2\/posts\/1059\/revisions"}],"predecessor-version":[{"id":22574,"href":"https:\/\/www.wallendorff.com\/belogue\/wp-json\/wp\/v2\/posts\/1059\/revisions\/22574"}],"wp:featuredmedia":[{"embeddable":true,"href":"https:\/\/www.wallendorff.com\/belogue\/wp-json\/wp\/v2\/media\/24988"}],"wp:attachment":[{"href":"https:\/\/www.wallendorff.com\/belogue\/wp-json\/wp\/v2\/media?parent=1059"}],"wp:term":[{"taxonomy":"category","embeddable":true,"href":"https:\/\/www.wallendorff.com\/belogue\/wp-json\/wp\/v2\/categories?post=1059"},{"taxonomy":"post_tag","embeddable":true,"href":"https:\/\/www.wallendorff.com\/belogue\/wp-json\/wp\/v2\/tags?post=1059"}],"curies":[{"name":"wp","href":"https:\/\/api.w.org\/{rel}","templated":true}]}}