{"id":1052,"date":"2007-10-05T00:41:57","date_gmt":"2007-10-05T00:41:57","guid":{"rendered":"http:\/\/www.po-l.com\/wordpress\/?p=1052"},"modified":"2012-06-02T21:16:32","modified_gmt":"2012-06-02T19:16:32","slug":"shooting-people-16","status":"publish","type":"post","link":"https:\/\/www.wallendorff.com\/belogue\/2007\/10\/05\/shooting-people-16\/","title":{"rendered":"Shooting people #16."},"content":{"rendered":"<div id=\"photo\">\n<p><img decoding=\"async\" src=\"https:\/\/www.wallendorff.com\/belogue\/photo\/2007\/10\/20071005.jpg\" \/><br \/>\n Studio 130, Saint-Denis, 13 septembre.<\/p>\n<\/div>\n<p style=\"text-align:right\">Bon, pas obtenu 20&nbsp;000 connexion hier. La prochaine fois j&rsquo;essaie avec un chaton. <\/p>\n<div id=\"bandeson\">\n<p><img decoding=\"async\" src=\"https:\/\/www.wallendorff.com\/belogue\/photo\/pochettes\/n\/nash_kate-made_of_bricks.jpg\" align=\"left\">&nbsp;<a href=\"http:\/\/www.katenash.co.uk\">Kate Nash<\/a> \u2013 <em>Mouthwash<\/em><\/p>\n<\/div>\n","protected":false},"excerpt":{"rendered":"<p>Studio 130, Saint-Denis, 13 septembre. Bon, pas obtenu 20&nbsp;000 connexion hier. La prochaine fois j&rsquo;essaie avec un chaton. &nbsp;Kate Nash \u2013 Mouthwash<\/p>\n","protected":false},"author":1,"featured_media":24981,"comment_status":"open","ping_status":"open","sticky":false,"template":"","format":"standard","meta":{"_acf_changed":false,"ngg_post_thumbnail":0,"jetpack_post_was_ever_published":false,"_jetpack_newsletter_access":"","_jetpack_dont_email_post_to_subs":false,"_jetpack_newsletter_tier_id":0,"_jetpack_memberships_contains_paywalled_content":false,"_jetpack_memberships_contains_paid_content":false,"footnotes":"","jetpack_publicize_message":"","jetpack_publicize_feature_enabled":true,"jetpack_social_post_already_shared":false,"jetpack_social_options":{"image_generator_settings":{"template":"highway","default_image_id":0,"font":"","enabled":false},"version":2}},"categories":[8],"tags":[142,132,10120,10121,10453,2160,10272,770,10457,10398,10365,2158],"class_list":["post-1052","post","type-post","status-publish","format-standard","has-post-thumbnail","hentry","category-portraits","tag-ef-s-10-22-mm-f35-45-usm","tag-eos-20d","tag-france","tag-ile-de-france","tag-kate-nash","tag-mouthwash","tag-portrait","tag-rouge","tag-saint-denis","tag-seine-saint-denis","tag-studio","tag-studio-130"],"acf":[],"geo":{"latitude":48.9046402,"longitude":2.3652148,"description":"Rue Num\u00e9ro Treize, 93210 Saint-Denis, France"},"jetpack_publicize_connections":[],"jetpack_featured_media_url":"https:\/\/www.wallendorff.com\/belogue\/wp-content\/uploads\/2015\/04\/200710051.jpg","jetpack_shortlink":"https:\/\/wp.me\/p3b35P-gY","jetpack_sharing_enabled":true,"jetpack-related-posts":[{"id":1150,"url":"https:\/\/www.wallendorff.com\/belogue\/2008\/01\/29\/des-sans-t-oses-en-faire\/","url_meta":{"origin":1052,"position":0},"title":"Des sans, t&rsquo;oses en faire.","author":"dpc","date":"29 janvier 2008","format":false,"excerpt":"Studio 130, Saint Denis, 16 janvier. Think outside the bun. \u00a0The White Stripes \u2013 Party of Special Things to Do (Captain Beefheart cover)","rel":"","context":"Dans &quot;DPC&quot;","block_context":{"text":"DPC","link":"https:\/\/www.wallendorff.com\/belogue\/category\/dpc\/"},"img":{"alt_text":"","src":"https:\/\/i0.wp.com\/www.wallendorff.com\/belogue\/wp-content\/uploads\/2015\/04\/200801291.jpg?resize=350%2C200&ssl=1","width":350,"height":200},"classes":[]},{"id":7617,"url":"https:\/\/www.wallendorff.com\/belogue\/2010\/06\/02\/kate-nash-la-cigale-paris\/","url_meta":{"origin":1052,"position":1},"title":"Kate Nash @ la Cigale, Paris.","author":"dpc","date":"2 juin 2010","format":false,"excerpt":"Entre nous, c'est quand m\u00eame plus facile quand la rock star sourit tout le temps. [Et dans une belle robe en forme de drapeau breton qu'on se croirait d\u00e9j\u00e0 en pleine saison des festivals, c'est encore mieux.] \u00a0Kate Nash \u2013 Mouthwash","rel":"","context":"Dans &quot;Alive&quot;","block_context":{"text":"Alive","link":"https:\/\/www.wallendorff.com\/belogue\/category\/alive\/"},"img":{"alt_text":"","src":"https:\/\/i0.wp.com\/www.wallendorff.com\/belogue\/wp-content\/uploads\/2015\/04\/201006021.jpg?resize=350%2C200&ssl=1","width":350,"height":200,"srcset":"https:\/\/i0.wp.com\/www.wallendorff.com\/belogue\/wp-content\/uploads\/2015\/04\/201006021.jpg?resize=350%2C200&ssl=1 1x, https:\/\/i0.wp.com\/www.wallendorff.com\/belogue\/wp-content\/uploads\/2015\/04\/201006021.jpg?resize=525%2C300&ssl=1 1.5x, https:\/\/i0.wp.com\/www.wallendorff.com\/belogue\/wp-content\/uploads\/2015\/04\/201006021.jpg?resize=700%2C400&ssl=1 2x"},"classes":[]},{"id":1054,"url":"https:\/\/www.wallendorff.com\/belogue\/2007\/10\/09\/so-ternes\/","url_meta":{"origin":1052,"position":2},"title":"Tout vin t&rsquo;a point.","author":"dpc","date":"9 octobre 2007","format":false,"excerpt":"Studio 130, Saint-Denis, 13 septembre. C'est pas simple de juger un album \u00e0 sa sortie. C'est comme go\u00fbter un vin en s'en enfilant une pleine boutanche cul-sec. Un album il faut que \u00e7a vive, que \u00e7a s'a\u00e8re un peu une fois d\u00e9bouch\u00e9, et surtout que \u00e7a trouve son biotope. Ta\u2026","rel":"","context":"Dans &quot;DPC&quot;","block_context":{"text":"DPC","link":"https:\/\/www.wallendorff.com\/belogue\/category\/dpc\/"},"img":{"alt_text":"","src":"https:\/\/i0.wp.com\/www.wallendorff.com\/belogue\/wp-content\/uploads\/2015\/04\/200710091.jpg?resize=350%2C200&ssl=1","width":350,"height":200,"srcset":"https:\/\/i0.wp.com\/www.wallendorff.com\/belogue\/wp-content\/uploads\/2015\/04\/200710091.jpg?resize=350%2C200&ssl=1 1x, https:\/\/i0.wp.com\/www.wallendorff.com\/belogue\/wp-content\/uploads\/2015\/04\/200710091.jpg?resize=525%2C300&ssl=1 1.5x, https:\/\/i0.wp.com\/www.wallendorff.com\/belogue\/wp-content\/uploads\/2015\/04\/200710091.jpg?resize=700%2C400&ssl=1 2x"},"classes":[]},{"id":3375,"url":"https:\/\/www.wallendorff.com\/belogue\/2008\/09\/04\/the-raconteurs-rock-en-seine-domaine-national-de-saint-cloud-29-aout\/","url_meta":{"origin":1052,"position":3},"title":"The Raconteurs @ Rock en Seine, Domaine National de Saint-Cloud, 29 ao\u00fbt.","author":"dpc","date":"4 septembre 2008","format":false,"excerpt":"Jack White est beau. Kate Nash \u2013 I'm Not Gonna Teach Your Boyfriend How To Dance With You (Black Kids cover)","rel":"","context":"Dans &quot;Alive&quot;","block_context":{"text":"Alive","link":"https:\/\/www.wallendorff.com\/belogue\/category\/alive\/"},"img":{"alt_text":"","src":"https:\/\/i0.wp.com\/www.wallendorff.com\/belogue\/wp-content\/uploads\/2015\/04\/200809041.jpg?resize=350%2C200&ssl=1","width":350,"height":200,"srcset":"https:\/\/i0.wp.com\/www.wallendorff.com\/belogue\/wp-content\/uploads\/2015\/04\/200809041.jpg?resize=350%2C200&ssl=1 1x, https:\/\/i0.wp.com\/www.wallendorff.com\/belogue\/wp-content\/uploads\/2015\/04\/200809041.jpg?resize=525%2C300&ssl=1 1.5x, https:\/\/i0.wp.com\/www.wallendorff.com\/belogue\/wp-content\/uploads\/2015\/04\/200809041.jpg?resize=700%2C400&ssl=1 2x"},"classes":[]},{"id":21205,"url":"https:\/\/www.wallendorff.com\/belogue\/2013\/06\/24\/muse-stade-de-france-saint-denis-21-juin\/","url_meta":{"origin":1052,"position":4},"title":"Muse @ Stade de France, Saint-Denis, 21 juin.","author":"dpc","date":"24 juin 2013","format":false,"excerpt":"Intro: The 2nd Law: Unsustainable | Supremacy | Supermassive Black Hole | Panic Station | Bliss | Resistance | Animals | Knights of Cydonia | Dracula Mountain (Lightning Bolt) | Sunburn | Interlude | Hysteria | Monty Jam | Feeling Good (Nina Simone) | Follow Me | Liquid State |\u2026","rel":"","context":"Dans &quot;Alive&quot;","block_context":{"text":"Alive","link":"https:\/\/www.wallendorff.com\/belogue\/category\/alive\/"},"img":{"alt_text":"","src":"https:\/\/i0.wp.com\/www.wallendorff.com\/belogue\/wp-content\/uploads\/2015\/04\/20130624.jpg?resize=350%2C200&ssl=1","width":350,"height":200,"srcset":"https:\/\/i0.wp.com\/www.wallendorff.com\/belogue\/wp-content\/uploads\/2015\/04\/20130624.jpg?resize=350%2C200&ssl=1 1x, https:\/\/i0.wp.com\/www.wallendorff.com\/belogue\/wp-content\/uploads\/2015\/04\/20130624.jpg?resize=525%2C300&ssl=1 1.5x, https:\/\/i0.wp.com\/www.wallendorff.com\/belogue\/wp-content\/uploads\/2015\/04\/20130624.jpg?resize=700%2C400&ssl=1 2x"},"classes":[]},{"id":1051,"url":"https:\/\/www.wallendorff.com\/belogue\/2007\/10\/04\/le-jeu-du-jour\/","url_meta":{"origin":1052,"position":5},"title":"Le jeu du jour.","author":"dpc","date":"4 octobre 2007","format":false,"excerpt":"Je vais me la tenter La\u00fbrelle 5 minutes pour voir si \u00e7a m'attire 22\u00a0469 connexions par jour, plein de preums et un chapeau en vache, tiens. J'offre un exemplaire d\u00e9dicac\u00e9 de mon premier album de BD1, un badge de mon groupe2 et une photo de mes seins3 au premier ou\u2026","rel":"","context":"Dans &quot;DPC&quot;","block_context":{"text":"DPC","link":"https:\/\/www.wallendorff.com\/belogue\/category\/dpc\/"},"img":{"alt_text":"","src":"https:\/\/i0.wp.com\/www.wallendorff.com\/belogue\/wp-content\/uploads\/2015\/04\/200710041.jpg?resize=350%2C200&ssl=1","width":350,"height":200},"classes":[]}],"_links":{"self":[{"href":"https:\/\/www.wallendorff.com\/belogue\/wp-json\/wp\/v2\/posts\/1052","targetHints":{"allow":["GET"]}}],"collection":[{"href":"https:\/\/www.wallendorff.com\/belogue\/wp-json\/wp\/v2\/posts"}],"about":[{"href":"https:\/\/www.wallendorff.com\/belogue\/wp-json\/wp\/v2\/types\/post"}],"author":[{"embeddable":true,"href":"https:\/\/www.wallendorff.com\/belogue\/wp-json\/wp\/v2\/users\/1"}],"replies":[{"embeddable":true,"href":"https:\/\/www.wallendorff.com\/belogue\/wp-json\/wp\/v2\/comments?post=1052"}],"version-history":[{"count":1,"href":"https:\/\/www.wallendorff.com\/belogue\/wp-json\/wp\/v2\/posts\/1052\/revisions"}],"predecessor-version":[{"id":17555,"href":"https:\/\/www.wallendorff.com\/belogue\/wp-json\/wp\/v2\/posts\/1052\/revisions\/17555"}],"wp:featuredmedia":[{"embeddable":true,"href":"https:\/\/www.wallendorff.com\/belogue\/wp-json\/wp\/v2\/media\/24981"}],"wp:attachment":[{"href":"https:\/\/www.wallendorff.com\/belogue\/wp-json\/wp\/v2\/media?parent=1052"}],"wp:term":[{"taxonomy":"category","embeddable":true,"href":"https:\/\/www.wallendorff.com\/belogue\/wp-json\/wp\/v2\/categories?post=1052"},{"taxonomy":"post_tag","embeddable":true,"href":"https:\/\/www.wallendorff.com\/belogue\/wp-json\/wp\/v2\/tags?post=1052"}],"curies":[{"name":"wp","href":"https:\/\/api.w.org\/{rel}","templated":true}]}}