{"id":1051,"date":"2007-10-04T01:54:27","date_gmt":"2007-10-04T01:54:27","guid":{"rendered":"http:\/\/www.po-l.com\/wordpress\/?p=1051"},"modified":"2012-06-01T09:41:25","modified_gmt":"2012-06-01T07:41:25","slug":"le-jeu-du-jour","status":"publish","type":"post","link":"https:\/\/www.wallendorff.com\/belogue\/2007\/10\/04\/le-jeu-du-jour\/","title":{"rendered":"Le jeu du jour."},"content":{"rendered":"<p>Je vais me la tenter La&ucirc;relle 5 minutes pour voir si &ccedil;a m&rsquo;attire 22&nbsp;469 connexions par jour, plein de preums et un chapeau en vache, tiens.<\/p>\n<p> J&rsquo;offre un exemplaire d&eacute;dicac&eacute; de mon premier album de BD<sup>1<\/sup>, un badge de mon groupe<sup>2<\/sup> et une photo de mes seins<sup>3<\/sup> au premier ou &agrave; la premi&egrave;re qui r&eacute;pond &agrave; la question&nbsp;:<\/p>\n<p style=\"text-align:center\" class=\"gros\">&laquo;&nbsp;Qu&rsquo;est-ce que o&ugrave; &ccedil;a peut bien-t-il &ecirc;tre donc&nbsp;?&nbsp;&raquo;  <\/p>\n<div id=\"photo\">\n<p><img decoding=\"async\" src=\"https:\/\/www.wallendorff.com\/belogue\/photo\/2007\/10\/20071004.jpg\" \/><br \/>\n 13 septembre.<\/p>\n<\/div>\n<p>Il est &eacute;vident que ceux que je sais qu&rsquo;ils savent n&rsquo;ont pas le droit de jouer, hein, on n&rsquo;est pas chez m&eacute;m&eacute;.<\/p>\n<div id=\"bandeson\">\n<p><img decoding=\"async\" src=\"https:\/\/www.wallendorff.com\/belogue\/photo\/pochettes\/b\/babyshambles-shotters_nation.jpg\" align=\"left\" \/>&nbsp;<a href=\"http:\/\/www.babyshambles.net\/\">Babyshambles<\/a> &ndash; <em>Lost Art of Murder<\/em> [Ce n&rsquo;est pas un indice]<\/p>\n<\/div>\n<div id=\"bas_note\">\n<p>_____<\/p>\n<p><sup>1<\/sup> D&egrave;s qu&rsquo;il sort.<\/p>\n<p><sup>2<\/sup> D&egrave;s qu&rsquo;il existe.<\/p>\n<p><sup>3<\/sup> D&egrave;s qu&rsquo;ils poussent.<\/p>\n<\/div>\n<p>\/Edit: Si quelqu&rsquo;un peut m&rsquo;expliquer pourquoi, r\u00e9guli\u00e8rement, mes bandes-sons se jouent \u00e0 2 \u00e0 l&rsquo;heure, je suis fichtrement preneur.<\/p>\n","protected":false},"excerpt":{"rendered":"<p>Je vais me la tenter La&ucirc;relle 5 minutes pour voir si &ccedil;a m&rsquo;attire 22&nbsp;469 connexions par jour, plein de preums et un chapeau en vache, tiens. J&rsquo;offre un exemplaire d&eacute;dicac&eacute; de mon premier album de BD1, un badge de mon groupe2 et une photo de mes seins3 au premier ou &agrave; la premi&egrave;re qui r&eacute;pond&hellip;<\/p>\n","protected":false},"author":1,"featured_media":24980,"comment_status":"open","ping_status":"open","sticky":false,"template":"","format":"standard","meta":{"_acf_changed":false,"ngg_post_thumbnail":0,"jetpack_post_was_ever_published":false,"_jetpack_newsletter_access":"","_jetpack_dont_email_post_to_subs":false,"_jetpack_newsletter_tier_id":0,"_jetpack_memberships_contains_paywalled_content":false,"_jetpack_memberships_contains_paid_content":false,"footnotes":"","jetpack_publicize_message":"","jetpack_publicize_feature_enabled":true,"jetpack_social_post_already_shared":false,"jetpack_social_options":{"image_generator_settings":{"template":"highway","default_image_id":0,"font":"","enabled":false},"version":2}},"categories":[3],"tags":[2156,1438,132,10120,10121,10456,143,10398,10365,2158,2154,2157],"class_list":["post-1051","post","type-post","status-publish","format-standard","has-post-thumbnail","hentry","category-dpc","tag-babyshambles","tag-ef-50-mm-f14-usm","tag-eos-20d","tag-france","tag-ile-de-france","tag-micro","tag-noir-et-blanc","tag-seine-saint-denis","tag-studio","tag-studio-130","tag-taratata","tag-the-lost-art-of-murder"],"acf":[],"geo":{"latitude":48.9046402,"longitude":2.3652148,"description":"Rue Num\u00e9ro Treize, 93210 Saint-Denis, France"},"jetpack_publicize_connections":[],"jetpack_featured_media_url":"https:\/\/www.wallendorff.com\/belogue\/wp-content\/uploads\/2015\/04\/200710041.jpg","jetpack_shortlink":"https:\/\/wp.me\/p3b35P-gX","jetpack_sharing_enabled":true,"jetpack-related-posts":[{"id":1252,"url":"https:\/\/www.wallendorff.com\/belogue\/2008\/06\/18\/des-hans-bullent-thouars\/","url_meta":{"origin":1051,"position":0},"title":"Des hans bullent \u00e0 Thouars\u00b9.","author":"dpc","date":"18 juin 2008","format":false,"excerpt":"Exposition Vivo In Typo, espace Topographie de l'Art, Paris, 19 avril. Histoire de f\u00eater la naissance de ce journal \u00e9lectronique \u00e0 qui l'on souhaite longue vie et parce que j'ai chop\u00e9 le CD hier, rem\u00e9morons-nous de rocambolesques Rock en Seine au son de l'\u0153uvre d'exception qui rythma cet \u00e9t\u00e9 2005,\u2026","rel":"","context":"Dans &quot;DPC&quot;","block_context":{"text":"DPC","link":"https:\/\/www.wallendorff.com\/belogue\/category\/dpc\/"},"img":{"alt_text":"","src":"https:\/\/i0.wp.com\/www.wallendorff.com\/belogue\/wp-content\/uploads\/2015\/04\/200806181.jpg?resize=350%2C200&ssl=1","width":350,"height":200},"classes":[]},{"id":5118,"url":"https:\/\/www.wallendorff.com\/belogue\/2009\/11\/20\/pas-laides-aigles-as\/","url_meta":{"origin":1051,"position":1},"title":"Pas laides aigles as.","author":"dpc","date":"20 novembre 2009","format":false,"excerpt":"Op\u00e9ra Garnier, Paris, 31 juillet. \u00a0The Dandy Warhols \u2013 Talk Radio [Total respect au \u00ab\u00a0\u00a0\u00bb qui m'a fait cracher mon caf\u00e9 sur la liste des mots-cl\u00e9s d'hier.] C'est quand m\u00eame fou que le jour-m\u00eame o\u00f9 je poste un bout du premier Interpol, leur batteur annonce que le quatri\u00e8me album sortira\u2026","rel":"","context":"Dans &quot;DPC&quot;","block_context":{"text":"DPC","link":"https:\/\/www.wallendorff.com\/belogue\/category\/dpc\/"},"img":{"alt_text":"","src":"https:\/\/i0.wp.com\/www.wallendorff.com\/belogue\/wp-content\/uploads\/2015\/04\/200911201.jpg?resize=350%2C200&ssl=1","width":350,"height":200},"classes":[]},{"id":176,"url":"https:\/\/www.wallendorff.com\/belogue\/2006\/06\/20\/calling-all-stations\/","url_meta":{"origin":1051,"position":2},"title":"Calling All Stations.","author":"dpc","date":"20 juin 2006","format":false,"excerpt":"Villejust, 9 juin. Chez Radioblogclub, ils ont mis une chouette nouvelle fonctionnalit\u00e9 qui permet de poster n'importe quel titre pourvu qu'il soit dans leur base de donn\u00e9e, le tout sans avoir \u00e0 t\u00e9l\u00e9charger du mp3 ill\u00e9galement en changeant son extension pour ne pas que les mouchards du service info le\u2026","rel":"","context":"Dans &quot;DPC&quot;","block_context":{"text":"DPC","link":"https:\/\/www.wallendorff.com\/belogue\/category\/dpc\/"},"img":{"alt_text":"","src":"https:\/\/i0.wp.com\/www.wallendorff.com\/belogue\/wp-content\/uploads\/2015\/04\/200606201.jpg?resize=350%2C200&ssl=1","width":350,"height":200},"classes":[]},{"id":130417,"url":"https:\/\/www.wallendorff.com\/belogue\/2024\/08\/29\/there-we-were-now-here-we-are\/","url_meta":{"origin":1051,"position":3},"title":"There we were, now here we are.","author":"dpc","date":"29 ao\u00fbt 2024","format":false,"excerpt":"Rock en Seine, Domaine national de Saint-Cloud, 28 ao\u00fbt 2009.J\u2019ai photographi\u00e9 ces trois jeunes filles du premier rang du public de Rock en Seine le 28 ao\u00fbt 2009 \u00e0 21 h 59 min 41 s, juste avant le concert d\u2019Oasis, juste avant l\u2019annonce de la plus fameuse baston-\u00e0-coups-de-guitares-en- loges\u00b9 de\u2026","rel":"","context":"Dans &quot;Alive&quot;","block_context":{"text":"Alive","link":"https:\/\/www.wallendorff.com\/belogue\/category\/alive\/"},"img":{"alt_text":"","src":"https:\/\/i0.wp.com\/www.wallendorff.com\/belogue\/wp-content\/uploads\/2024\/08\/20240829-01.jpg?resize=350%2C200&ssl=1","width":350,"height":200,"srcset":"https:\/\/i0.wp.com\/www.wallendorff.com\/belogue\/wp-content\/uploads\/2024\/08\/20240829-01.jpg?resize=350%2C200&ssl=1 1x, https:\/\/i0.wp.com\/www.wallendorff.com\/belogue\/wp-content\/uploads\/2024\/08\/20240829-01.jpg?resize=525%2C300&ssl=1 1.5x, https:\/\/i0.wp.com\/www.wallendorff.com\/belogue\/wp-content\/uploads\/2024\/08\/20240829-01.jpg?resize=700%2C400&ssl=1 2x, https:\/\/i0.wp.com\/www.wallendorff.com\/belogue\/wp-content\/uploads\/2024\/08\/20240829-01.jpg?resize=1050%2C600&ssl=1 3x"},"classes":[]},{"id":1068,"url":"https:\/\/www.wallendorff.com\/belogue\/2007\/10\/29\/piles-hippies-lient\/","url_meta":{"origin":1051,"position":4},"title":"Piles hippies lient.","author":"dpc","date":"29 octobre 2007","format":false,"excerpt":"59 et 90, Sugar Land, 26 septembre. Rendons hommage aujourd'hui au fier Eos 20D qui ne me quitte plus depuis le 29 octobre 2004, jour o\u00f9 je le trouvais nonchalamment abandonn\u00e9 par le mec d'UPS sur le perron de la m\u00e9m\u00e8re qui me logeait \u00e0 l'\u00e9poque. Je l'avais charg\u00e9 tout\u2026","rel":"","context":"Dans &quot;DPC&quot;","block_context":{"text":"DPC","link":"https:\/\/www.wallendorff.com\/belogue\/category\/dpc\/"},"img":{"alt_text":"","src":"https:\/\/i0.wp.com\/www.wallendorff.com\/belogue\/wp-content\/uploads\/2015\/04\/200710291.jpg?resize=350%2C200&ssl=1","width":350,"height":200},"classes":[]},{"id":86,"url":"https:\/\/www.wallendorff.com\/belogue\/2006\/02\/23\/pas-cense-long-heurte-tant\/","url_meta":{"origin":1051,"position":5},"title":"Pas cens\u00e9 long heurt de temps.","author":"dpc","date":"23 f\u00e9vrier 2006","format":false,"excerpt":"Studios Ferber, Paris, 31 janvier, 22h03. R\u00e9sumons. Je suis debout dans une trav\u00e9e de Bercy, entour\u00e9 par ma s\u0153ur et mon p\u00e8re, 4 concerts de Depeche Mode au compteur chacun, et \u00e0 une centaine de m\u00e8tre de l\u00e0, un Gahan torse nu braille \u00e0 qui veut l'entendre [c'est-\u00e0-dire tout le\u2026","rel":"","context":"Dans &quot;DPC&quot;","block_context":{"text":"DPC","link":"https:\/\/www.wallendorff.com\/belogue\/category\/dpc\/"},"img":{"alt_text":"","src":"https:\/\/i0.wp.com\/www.wallendorff.com\/belogue\/wp-content\/uploads\/2015\/04\/200602231.jpg?resize=350%2C200&ssl=1","width":350,"height":200},"classes":[]}],"_links":{"self":[{"href":"https:\/\/www.wallendorff.com\/belogue\/wp-json\/wp\/v2\/posts\/1051","targetHints":{"allow":["GET"]}}],"collection":[{"href":"https:\/\/www.wallendorff.com\/belogue\/wp-json\/wp\/v2\/posts"}],"about":[{"href":"https:\/\/www.wallendorff.com\/belogue\/wp-json\/wp\/v2\/types\/post"}],"author":[{"embeddable":true,"href":"https:\/\/www.wallendorff.com\/belogue\/wp-json\/wp\/v2\/users\/1"}],"replies":[{"embeddable":true,"href":"https:\/\/www.wallendorff.com\/belogue\/wp-json\/wp\/v2\/comments?post=1051"}],"version-history":[{"count":1,"href":"https:\/\/www.wallendorff.com\/belogue\/wp-json\/wp\/v2\/posts\/1051\/revisions"}],"predecessor-version":[{"id":17531,"href":"https:\/\/www.wallendorff.com\/belogue\/wp-json\/wp\/v2\/posts\/1051\/revisions\/17531"}],"wp:featuredmedia":[{"embeddable":true,"href":"https:\/\/www.wallendorff.com\/belogue\/wp-json\/wp\/v2\/media\/24980"}],"wp:attachment":[{"href":"https:\/\/www.wallendorff.com\/belogue\/wp-json\/wp\/v2\/media?parent=1051"}],"wp:term":[{"taxonomy":"category","embeddable":true,"href":"https:\/\/www.wallendorff.com\/belogue\/wp-json\/wp\/v2\/categories?post=1051"},{"taxonomy":"post_tag","embeddable":true,"href":"https:\/\/www.wallendorff.com\/belogue\/wp-json\/wp\/v2\/tags?post=1051"}],"curies":[{"name":"wp","href":"https:\/\/api.w.org\/{rel}","templated":true}]}}