{"id":1039,"date":"2007-09-18T01:56:05","date_gmt":"2007-09-18T01:56:05","guid":{"rendered":"http:\/\/www.po-l.com\/wordpress\/?p=1039"},"modified":"2012-05-22T09:42:37","modified_gmt":"2012-05-22T07:42:37","slug":"champ-paumis","status":"publish","type":"post","link":"https:\/\/www.wallendorff.com\/belogue\/2007\/09\/18\/champ-paumis\/","title":{"rendered":"Champ paumis\u00b9."},"content":{"rendered":"<div id=\"photo\">\n<p><img decoding=\"async\" src=\"https:\/\/www.wallendorff.com\/belogue\/photo\/2007\/09\/20070918.jpg\" \/><br \/>\nRock en Seine, Paris, 24 ao&ucirc;t.<\/p>\n<\/div>\n<div id=\"bandeson\">\n<p><img decoding=\"async\" src=\"https:\/\/www.wallendorff.com\/belogue\/photo\/pochettes\/a\/air_traffic-fractured_life.jpg\" align=\"left\" \/>&nbsp;<a href=\"http:\/\/www.airtraffic.co.uk\">Air Traffic<\/a> &ndash; <em>Get in Line<\/em><\/p>\n<\/p><\/div>\n<div id=\"bas_note\">\n<p>_____<\/p>\n<p><sup>1<\/sup> Paumir&nbsp;: v. t. &#8213; (vieill.) Parsemer de paumes. A donn&eacute; son nom au jeu de paumis, sport en vogue durant la R&eacute;volution Fran&ccedil;aise, o&ugrave; deux adversaires se jettaient mutuellement des paumes &agrave; la figure. D&rsquo;apr&egrave;s la l&eacute;gende, un paumis massif serait &agrave; l&rsquo;origine de la disparition de la Pang&eacute;e, d&eacute;j&agrave; mal en point&nbsp;: &laquo;&nbsp;Pang&eacute;e s&rsquo;&eacute;triquer, paumir c&rsquo;est pire&nbsp;&raquo; (<em>proverbe ha&iuml;tien<\/em>).<\/p>\n<\/div>\n","protected":false},"excerpt":{"rendered":"<p>Rock en Seine, Paris, 24 ao&ucirc;t. &nbsp;Air Traffic &ndash; Get in Line _____ 1 Paumir&nbsp;: v. t. &#8213; (vieill.) Parsemer de paumes. A donn&eacute; son nom au jeu de paumis, sport en vogue durant la R&eacute;volution Fran&ccedil;aise, o&ugrave; deux adversaires se jettaient mutuellement des paumes &agrave; la figure. D&rsquo;apr&egrave;s la l&eacute;gende, un paumis massif serait&hellip;<\/p>\n","protected":false},"author":1,"featured_media":24969,"comment_status":"open","ping_status":"open","sticky":false,"template":"","format":"standard","meta":{"_acf_changed":false,"ngg_post_thumbnail":0,"jetpack_post_was_ever_published":false,"_jetpack_newsletter_access":"","_jetpack_dont_email_post_to_subs":false,"_jetpack_newsletter_tier_id":0,"_jetpack_memberships_contains_paywalled_content":false,"_jetpack_memberships_contains_paid_content":false,"footnotes":"","jetpack_publicize_message":"","jetpack_publicize_feature_enabled":true,"jetpack_social_post_already_shared":false,"jetpack_social_options":{"image_generator_settings":{"template":"highway","default_image_id":0,"font":"","enabled":false},"version":2}},"categories":[3],"tags":[10134,2138,10084,181,187,10136,10120,2139,10121,143,10135,10133,3032],"class_list":["post-1039","post","type-post","status-publish","format-standard","has-post-thumbnail","hentry","category-dpc","tag-10134","tag-air-traffic","tag-alive","tag-ef-70-200-mm-f28l-usm","tag-eos-1d-mark-ii","tag-festival","tag-france","tag-get-in-line","tag-ile-de-france","tag-noir-et-blanc","tag-public","tag-rock-en-seine","tag-rock-en-seine-2007"],"acf":[],"geo":{"latitude":48.831131,"longitude":2.2215343,"description":"Parc de Saint-Cloud, 92210 Saint-Cloud, France"},"jetpack_publicize_connections":[],"jetpack_featured_media_url":"https:\/\/www.wallendorff.com\/belogue\/wp-content\/uploads\/2015\/04\/200709181.jpg","jetpack_shortlink":"https:\/\/wp.me\/p3b35P-gL","jetpack_sharing_enabled":true,"jetpack-related-posts":[{"id":1202,"url":"https:\/\/www.wallendorff.com\/belogue\/2008\/04\/10\/lustre-eut-crux\/","url_meta":{"origin":1039,"position":0},"title":"Lustre eut cr\u00fb.","author":"dpc","date":"10 avril 2008","format":false,"excerpt":"\u00c9glise Sainte Clotilde, Paris, 21 f\u00e9vrier. Mouarf. \u00a0Air Traffic \u2013 No More Running Away","rel":"","context":"Dans &quot;DPC&quot;","block_context":{"text":"DPC","link":"https:\/\/www.wallendorff.com\/belogue\/category\/dpc\/"},"img":{"alt_text":"","src":"https:\/\/i0.wp.com\/www.wallendorff.com\/belogue\/wp-content\/uploads\/2015\/04\/200804101.jpg?resize=350%2C200&ssl=1","width":350,"height":200},"classes":[]},{"id":1069,"url":"https:\/\/www.wallendorff.com\/belogue\/2007\/10\/30\/aube-rigua-d-eau\/","url_meta":{"origin":1039,"position":1},"title":"Aube rigua d&rsquo;eau.","author":"dpc","date":"30 octobre 2007","format":false,"excerpt":"Sugar Land, 28 septembre. Relayons les niouzes des Blogoteux pour annoncer la naissance du bel\u00f6gue des Eurock\u00e9ennes de Belfort, un m\u00e9dium d'avenir de ce nouveau mill\u00e9naire rugissant qui se posera cette ann\u00e9e en source privil\u00e9gi\u00e9e de fi\u00e9vreuses rumeurs festivali\u00e8res francs-comtoises jusqu'aux derni\u00e8res secondes du 3 juillet 2008. Enfin, si j'ai\u2026","rel":"","context":"Dans &quot;DPC&quot;","block_context":{"text":"DPC","link":"https:\/\/www.wallendorff.com\/belogue\/category\/dpc\/"},"img":{"alt_text":"","src":"https:\/\/i0.wp.com\/www.wallendorff.com\/belogue\/wp-content\/uploads\/2015\/04\/20071030.jpg?resize=350%2C200&ssl=1","width":350,"height":200},"classes":[]},{"id":1023,"url":"https:\/\/www.wallendorff.com\/belogue\/2007\/08\/25\/pendant-ce-temps-rock-en-seine\/","url_meta":{"origin":1039,"position":2},"title":"Et pendant ce temps, \u00e0 Rock en Seine.","author":"dpc","date":"25 ao\u00fbt 2007","format":false,"excerpt":"On se r\u00e9chauffe comme on peut. \u00a0The Hives \u2013 Tick Tick Boom","rel":"","context":"Dans &quot;Alive&quot;","block_context":{"text":"Alive","link":"https:\/\/www.wallendorff.com\/belogue\/category\/alive\/"},"img":{"alt_text":"","src":"https:\/\/i0.wp.com\/www.wallendorff.com\/belogue\/wp-content\/uploads\/2015\/04\/200708251.jpg?resize=350%2C200&ssl=1","width":350,"height":200,"srcset":"https:\/\/i0.wp.com\/www.wallendorff.com\/belogue\/wp-content\/uploads\/2015\/04\/200708251.jpg?resize=350%2C200&ssl=1 1x, https:\/\/i0.wp.com\/www.wallendorff.com\/belogue\/wp-content\/uploads\/2015\/04\/200708251.jpg?resize=525%2C300&ssl=1 1.5x, https:\/\/i0.wp.com\/www.wallendorff.com\/belogue\/wp-content\/uploads\/2015\/04\/200708251.jpg?resize=700%2C400&ssl=1 2x"},"classes":[]},{"id":1388,"url":"https:\/\/www.wallendorff.com\/belogue\/2007\/08\/26\/et-pendant-ce-temps-a-rock-en-seine-3\/","url_meta":{"origin":1039,"position":3},"title":"Et pendant ce temps, \u00e0 Rock en Seine.","author":"dpc","date":"26 ao\u00fbt 2007","format":false,"excerpt":"Il fait beau. \u00a0The Fratellis \u2013 Chealsea Dagger","rel":"","context":"Dans &quot;Alive&quot;","block_context":{"text":"Alive","link":"https:\/\/www.wallendorff.com\/belogue\/category\/alive\/"},"img":{"alt_text":"","src":"https:\/\/i0.wp.com\/www.wallendorff.com\/belogue\/wp-content\/uploads\/2015\/04\/200708261.jpg?resize=350%2C200&ssl=1","width":350,"height":200,"srcset":"https:\/\/i0.wp.com\/www.wallendorff.com\/belogue\/wp-content\/uploads\/2015\/04\/200708261.jpg?resize=350%2C200&ssl=1 1x, https:\/\/i0.wp.com\/www.wallendorff.com\/belogue\/wp-content\/uploads\/2015\/04\/200708261.jpg?resize=525%2C300&ssl=1 1.5x, https:\/\/i0.wp.com\/www.wallendorff.com\/belogue\/wp-content\/uploads\/2015\/04\/200708261.jpg?resize=700%2C400&ssl=1 2x"},"classes":[]},{"id":1392,"url":"https:\/\/www.wallendorff.com\/belogue\/2007\/08\/27\/et-pendant-ce-temps-a-rock-en-seine-4\/","url_meta":{"origin":1039,"position":4},"title":"Et pendant ce temps, \u00e0 Rock en Seine.","author":"dpc","date":"27 ao\u00fbt 2007","format":false,"excerpt":"C'est la pause. \u00a0Hard-Fi \u2013 Suburban Knights","rel":"","context":"Dans &quot;Alive&quot;","block_context":{"text":"Alive","link":"https:\/\/www.wallendorff.com\/belogue\/category\/alive\/"},"img":{"alt_text":"","src":"https:\/\/i0.wp.com\/www.wallendorff.com\/belogue\/wp-content\/uploads\/2015\/04\/200708271.jpg?resize=350%2C200&ssl=1","width":350,"height":200,"srcset":"https:\/\/i0.wp.com\/www.wallendorff.com\/belogue\/wp-content\/uploads\/2015\/04\/200708271.jpg?resize=350%2C200&ssl=1 1x, https:\/\/i0.wp.com\/www.wallendorff.com\/belogue\/wp-content\/uploads\/2015\/04\/200708271.jpg?resize=525%2C300&ssl=1 1.5x, https:\/\/i0.wp.com\/www.wallendorff.com\/belogue\/wp-content\/uploads\/2015\/04\/200708271.jpg?resize=700%2C400&ssl=1 2x"},"classes":[]},{"id":1037,"url":"https:\/\/www.wallendorff.com\/belogue\/2007\/09\/14\/tentes-htives\/","url_meta":{"origin":1039,"position":5},"title":"Tentes h\u00e2tives.","author":"dpc","date":"14 septembre 2007","format":false,"excerpt":"Rock en Seine, Paris, 24 ao\u00fbt. [Nouveau Warlocks le 23 octobre, extrait en bande-son.] \u00a0The Warlocks \u2013 So Paranoid \/Edit : Supernana est morte. C'est un bout de ma jeunesse qui s'en va.","rel":"","context":"Dans &quot;DPC&quot;","block_context":{"text":"DPC","link":"https:\/\/www.wallendorff.com\/belogue\/category\/dpc\/"},"img":{"alt_text":"","src":"https:\/\/i0.wp.com\/www.wallendorff.com\/belogue\/wp-content\/uploads\/2015\/04\/200709141.jpg?resize=350%2C200&ssl=1","width":350,"height":200},"classes":[]}],"_links":{"self":[{"href":"https:\/\/www.wallendorff.com\/belogue\/wp-json\/wp\/v2\/posts\/1039","targetHints":{"allow":["GET"]}}],"collection":[{"href":"https:\/\/www.wallendorff.com\/belogue\/wp-json\/wp\/v2\/posts"}],"about":[{"href":"https:\/\/www.wallendorff.com\/belogue\/wp-json\/wp\/v2\/types\/post"}],"author":[{"embeddable":true,"href":"https:\/\/www.wallendorff.com\/belogue\/wp-json\/wp\/v2\/users\/1"}],"replies":[{"embeddable":true,"href":"https:\/\/www.wallendorff.com\/belogue\/wp-json\/wp\/v2\/comments?post=1039"}],"version-history":[{"count":1,"href":"https:\/\/www.wallendorff.com\/belogue\/wp-json\/wp\/v2\/posts\/1039\/revisions"}],"predecessor-version":[{"id":17399,"href":"https:\/\/www.wallendorff.com\/belogue\/wp-json\/wp\/v2\/posts\/1039\/revisions\/17399"}],"wp:featuredmedia":[{"embeddable":true,"href":"https:\/\/www.wallendorff.com\/belogue\/wp-json\/wp\/v2\/media\/24969"}],"wp:attachment":[{"href":"https:\/\/www.wallendorff.com\/belogue\/wp-json\/wp\/v2\/media?parent=1039"}],"wp:term":[{"taxonomy":"category","embeddable":true,"href":"https:\/\/www.wallendorff.com\/belogue\/wp-json\/wp\/v2\/categories?post=1039"},{"taxonomy":"post_tag","embeddable":true,"href":"https:\/\/www.wallendorff.com\/belogue\/wp-json\/wp\/v2\/tags?post=1039"}],"curies":[{"name":"wp","href":"https:\/\/api.w.org\/{rel}","templated":true}]}}