{"id":1034,"date":"2007-09-11T00:39:03","date_gmt":"2007-09-11T00:39:03","guid":{"rendered":"http:\/\/www.po-l.com\/wordpress\/?p=1034"},"modified":"2012-05-20T16:53:55","modified_gmt":"2012-05-20T14:53:55","slug":"sordide-ce-cours","status":"publish","type":"post","link":"https:\/\/www.wallendorff.com\/belogue\/2007\/09\/11\/sordide-ce-cours\/","title":{"rendered":"Sordide ce cours."},"content":{"rendered":"<div id=\"photo\">\n<p><img decoding=\"async\" src=\"https:\/\/www.wallendorff.com\/belogue\/photo\/2007\/09\/20070911.jpg\" \/><br \/>Entrepotdok, Amsterdam, 14 ao&ucirc;t<\/p>\n<\/div>\n<p style=\"text-align:right\"> &ldquo;<em>There&rsquo;s a city in my mind<br \/>\n Come along and take that ride.<\/em>&rdquo;<\/p>\n<div id=\"bandeson\">\n<p><img decoding=\"async\" src=\"https:\/\/www.wallendorff.com\/belogue\/photo\/pochettes\/blank.jpg\" align=\"left\" \/>&nbsp;<a href=\"http:\/\/www.editorsofficial.com\/\">Editors<\/a> &ndash; <em>Road to Nowhere<\/em> (Talking Heads cover)<\/p>\n<\/div>\n","protected":false},"excerpt":{"rendered":"<p>Entrepotdok, Amsterdam, 14 ao&ucirc;t &ldquo;There&rsquo;s a city in my mind Come along and take that ride.&rdquo; &nbsp;Editors &ndash; Road to Nowhere (Talking Heads cover)<\/p>\n","protected":false},"author":1,"featured_media":24964,"comment_status":"open","ping_status":"open","sticky":false,"template":"","format":"standard","meta":{"_acf_changed":false,"ngg_post_thumbnail":0,"jetpack_post_was_ever_published":false,"_jetpack_newsletter_access":"","_jetpack_dont_email_post_to_subs":false,"_jetpack_newsletter_tier_id":0,"_jetpack_memberships_contains_paywalled_content":false,"_jetpack_memberships_contains_paid_content":false,"footnotes":"","jetpack_publicize_message":"","jetpack_publicize_feature_enabled":true,"jetpack_social_post_already_shared":false,"jetpack_social_options":{"image_generator_settings":{"template":"highway","default_image_id":0,"font":"","enabled":false},"version":2}},"categories":[3],"tags":[711,132,4043,10337,2125,10210,4040,143,414,2126,173],"class_list":["post-1034","post","type-post","status-publish","format-standard","has-post-thumbnail","hentry","category-dpc","tag-amsterdam","tag-eos-20d","tag-centrum","tag-editors","tag-entrepotdok","tag-escalier","tag-hollande-septentrionale","tag-noir-et-blanc","tag-pays-bas","tag-road-to-nowhere","tag-sigma-28-70-mm-f28-dg-ex"],"acf":[],"geo":{"latitude":52.3683357,"longitude":4.9156094,"description":null},"jetpack_publicize_connections":[],"jetpack_featured_media_url":"https:\/\/www.wallendorff.com\/belogue\/wp-content\/uploads\/2015\/04\/200709111.jpg","jetpack_shortlink":"https:\/\/wp.me\/p3b35P-gG","jetpack_sharing_enabled":true,"jetpack-related-posts":[{"id":32657,"url":"https:\/\/www.wallendorff.com\/belogue\/2016\/10\/18\/into-the-wide-80\/","url_meta":{"origin":1034,"position":0},"title":"Into the wide #80.","author":"dpc","date":"18 octobre 2016","format":false,"excerpt":"Keisersgracht, Amsterdam, 14 ao\u00fbt. No Sound but the Wind (full band version) Editors","rel":"","context":"Dans &quot;Into the wide&quot;","block_context":{"text":"Into the wide","link":"https:\/\/www.wallendorff.com\/belogue\/category\/into-the-wide\/"},"img":{"alt_text":"","src":"https:\/\/i0.wp.com\/www.wallendorff.com\/belogue\/wp-content\/uploads\/2016\/10\/20161018.jpg?resize=350%2C200&ssl=1","width":350,"height":200,"srcset":"https:\/\/i0.wp.com\/www.wallendorff.com\/belogue\/wp-content\/uploads\/2016\/10\/20161018.jpg?resize=350%2C200&ssl=1 1x, https:\/\/i0.wp.com\/www.wallendorff.com\/belogue\/wp-content\/uploads\/2016\/10\/20161018.jpg?resize=525%2C300&ssl=1 1.5x, https:\/\/i0.wp.com\/www.wallendorff.com\/belogue\/wp-content\/uploads\/2016\/10\/20161018.jpg?resize=700%2C400&ssl=1 2x, https:\/\/i0.wp.com\/www.wallendorff.com\/belogue\/wp-content\/uploads\/2016\/10\/20161018.jpg?resize=1050%2C600&ssl=1 3x"},"classes":[]},{"id":1029,"url":"https:\/\/www.wallendorff.com\/belogue\/2007\/09\/04\/dans-le-mme-palier-tous-les-yeux\/","url_meta":{"origin":1034,"position":1},"title":"Dans le m\u00eame palier [tous les yeux].","author":"dpc","date":"4 septembre 2007","format":false,"excerpt":"Prinsengracht, Amsterdam, 13 ao\u00fbt. [Y a des jours o\u00f9 c'est pas simple, la vie de titreur de haut vol.] \u00a0Editors \u2013 When Anger Shows","rel":"","context":"Dans &quot;DPC&quot;","block_context":{"text":"DPC","link":"https:\/\/www.wallendorff.com\/belogue\/category\/dpc\/"},"img":{"alt_text":"","src":"https:\/\/i0.wp.com\/www.wallendorff.com\/belogue\/wp-content\/uploads\/2015\/04\/200709041.jpg?resize=350%2C200&ssl=1","width":350,"height":200,"srcset":"https:\/\/i0.wp.com\/www.wallendorff.com\/belogue\/wp-content\/uploads\/2015\/04\/200709041.jpg?resize=350%2C200&ssl=1 1x, https:\/\/i0.wp.com\/www.wallendorff.com\/belogue\/wp-content\/uploads\/2015\/04\/200709041.jpg?resize=525%2C300&ssl=1 1.5x, https:\/\/i0.wp.com\/www.wallendorff.com\/belogue\/wp-content\/uploads\/2015\/04\/200709041.jpg?resize=700%2C400&ssl=1 2x"},"classes":[]},{"id":36828,"url":"https:\/\/www.wallendorff.com\/belogue\/2017\/12\/28\/2017-en-1\/","url_meta":{"origin":1034,"position":2},"title":"2017 en&#8230; #1.","author":"dpc","date":"28 d\u00e9cembre 2017","format":false,"excerpt":"2017 en 10 concerts. Le set d'Arcade Fire aux Eurock\u00e9ennes fut inoubliable\u00a0: temps id\u00e9al, public dingue et final \u00e9tir\u00e9 \u00e0 un point tel que le feu d'artifice qui cl\u00f4t traditionnellement le festival d\u00fbt d\u00e9marrer avant la fin de Wake Up. L'image de Win Butler qui continue son morceau sans se\u2026","rel":"","context":"Dans &quot;DPC&quot;","block_context":{"text":"DPC","link":"https:\/\/www.wallendorff.com\/belogue\/category\/dpc\/"},"img":{"alt_text":"","src":"https:\/\/i0.wp.com\/www.wallendorff.com\/belogue\/wp-content\/uploads\/2017\/11\/20171130-33.jpg?resize=350%2C200&ssl=1","width":350,"height":200,"srcset":"https:\/\/i0.wp.com\/www.wallendorff.com\/belogue\/wp-content\/uploads\/2017\/11\/20171130-33.jpg?resize=350%2C200&ssl=1 1x, https:\/\/i0.wp.com\/www.wallendorff.com\/belogue\/wp-content\/uploads\/2017\/11\/20171130-33.jpg?resize=525%2C300&ssl=1 1.5x, https:\/\/i0.wp.com\/www.wallendorff.com\/belogue\/wp-content\/uploads\/2017\/11\/20171130-33.jpg?resize=700%2C400&ssl=1 2x"},"classes":[]},{"id":128393,"url":"https:\/\/www.wallendorff.com\/belogue\/2024\/06\/16\/cetait-2008\/","url_meta":{"origin":1034,"position":3},"title":"C&rsquo;\u00e9tait 2008.","author":"dpc","date":"16 juin 2024","format":false,"excerpt":"2008, fin de cycles. KillerPilze @ le Trabendo, Paris, 12 janvier 2008. Linkin Park @ le Galaxie, Amn\u00e9ville, 17 janvier 2008. Paris, 27 janvier 2008. Mademoiselle K @ studios Jet, Bruxelles, 16 f\u00e9vrier 2008. Londres, 18 f\u00e9vrier 2008. Amsterdam, 2 avril 2008. Editors @ le Bataclan, Paris, 07 avril 2008\u2026","rel":"","context":"Dans &quot;DPC&quot;","block_context":{"text":"DPC","link":"https:\/\/www.wallendorff.com\/belogue\/category\/dpc\/"},"img":{"alt_text":"","src":"https:\/\/i0.wp.com\/www.wallendorff.com\/belogue\/wp-content\/uploads\/2024\/06\/20240616-04.jpg?resize=350%2C200&ssl=1","width":350,"height":200,"srcset":"https:\/\/i0.wp.com\/www.wallendorff.com\/belogue\/wp-content\/uploads\/2024\/06\/20240616-04.jpg?resize=350%2C200&ssl=1 1x, https:\/\/i0.wp.com\/www.wallendorff.com\/belogue\/wp-content\/uploads\/2024\/06\/20240616-04.jpg?resize=525%2C300&ssl=1 1.5x, https:\/\/i0.wp.com\/www.wallendorff.com\/belogue\/wp-content\/uploads\/2024\/06\/20240616-04.jpg?resize=700%2C400&ssl=1 2x, https:\/\/i0.wp.com\/www.wallendorff.com\/belogue\/wp-content\/uploads\/2024\/06\/20240616-04.jpg?resize=1050%2C600&ssl=1 3x"},"classes":[]},{"id":5427,"url":"https:\/\/www.wallendorff.com\/belogue\/2009\/12\/25\/those-were-the-00s-22\/","url_meta":{"origin":1034,"position":4},"title":"Those were the 00s [2\/2]","author":"dpc","date":"25 d\u00e9cembre 2009","format":false,"excerpt":"En fait je n'ai jamais vraiment su \u00e9viter l'amalgame entre ce qu'entendent mes yeux et ce que voient mes oreilles. Alors quand est venu le moment de faire un classement des albums qui auront marqu\u00e9 ma d\u00e9cennie, plut\u00f4t que de faire une bafouille sur chaque disque expliquant \u00e0 quel point\u2026","rel":"","context":"Dans &quot;DPC&quot;","block_context":{"text":"DPC","link":"https:\/\/www.wallendorff.com\/belogue\/category\/dpc\/"},"img":{"alt_text":"","src":"","width":0,"height":0},"classes":[]},{"id":40755,"url":"https:\/\/www.wallendorff.com\/belogue\/2018\/12\/29\/2018-en-1\/","url_meta":{"origin":1034,"position":5},"title":"2018 en&#8230; #1.","author":"dpc","date":"29 d\u00e9cembre 2018","format":false,"excerpt":"2018 en 10 concerts. On me r\u00e9torquera \u2013\u00a0\u00e0 juste titre\u00a0\u2013 que, de toute fa\u00e7on, d\u00e8s que Pearl Jam surgissent dans mon programme, ils finissent concert de l'ann\u00e9e comme en 2012, 2010 et (... ah tiens non, pas en) 2006. Et on aura bien raison. Le fait est que, de tous\u2026","rel":"","context":"Dans &quot;DPC&quot;","block_context":{"text":"DPC","link":"https:\/\/www.wallendorff.com\/belogue\/category\/dpc\/"},"img":{"alt_text":"","src":"https:\/\/i0.wp.com\/www.wallendorff.com\/belogue\/wp-content\/uploads\/2018\/07\/20180727-50.jpg?resize=350%2C200&ssl=1","width":350,"height":200,"srcset":"https:\/\/i0.wp.com\/www.wallendorff.com\/belogue\/wp-content\/uploads\/2018\/07\/20180727-50.jpg?resize=350%2C200&ssl=1 1x, https:\/\/i0.wp.com\/www.wallendorff.com\/belogue\/wp-content\/uploads\/2018\/07\/20180727-50.jpg?resize=525%2C300&ssl=1 1.5x, https:\/\/i0.wp.com\/www.wallendorff.com\/belogue\/wp-content\/uploads\/2018\/07\/20180727-50.jpg?resize=700%2C400&ssl=1 2x, https:\/\/i0.wp.com\/www.wallendorff.com\/belogue\/wp-content\/uploads\/2018\/07\/20180727-50.jpg?resize=1050%2C600&ssl=1 3x"},"classes":[]}],"_links":{"self":[{"href":"https:\/\/www.wallendorff.com\/belogue\/wp-json\/wp\/v2\/posts\/1034","targetHints":{"allow":["GET"]}}],"collection":[{"href":"https:\/\/www.wallendorff.com\/belogue\/wp-json\/wp\/v2\/posts"}],"about":[{"href":"https:\/\/www.wallendorff.com\/belogue\/wp-json\/wp\/v2\/types\/post"}],"author":[{"embeddable":true,"href":"https:\/\/www.wallendorff.com\/belogue\/wp-json\/wp\/v2\/users\/1"}],"replies":[{"embeddable":true,"href":"https:\/\/www.wallendorff.com\/belogue\/wp-json\/wp\/v2\/comments?post=1034"}],"version-history":[{"count":1,"href":"https:\/\/www.wallendorff.com\/belogue\/wp-json\/wp\/v2\/posts\/1034\/revisions"}],"predecessor-version":[{"id":17356,"href":"https:\/\/www.wallendorff.com\/belogue\/wp-json\/wp\/v2\/posts\/1034\/revisions\/17356"}],"wp:featuredmedia":[{"embeddable":true,"href":"https:\/\/www.wallendorff.com\/belogue\/wp-json\/wp\/v2\/media\/24964"}],"wp:attachment":[{"href":"https:\/\/www.wallendorff.com\/belogue\/wp-json\/wp\/v2\/media?parent=1034"}],"wp:term":[{"taxonomy":"category","embeddable":true,"href":"https:\/\/www.wallendorff.com\/belogue\/wp-json\/wp\/v2\/categories?post=1034"},{"taxonomy":"post_tag","embeddable":true,"href":"https:\/\/www.wallendorff.com\/belogue\/wp-json\/wp\/v2\/tags?post=1034"}],"curies":[{"name":"wp","href":"https:\/\/api.w.org\/{rel}","templated":true}]}}