{"id":1033,"date":"2007-09-10T11:02:14","date_gmt":"2007-09-10T11:02:14","guid":{"rendered":"http:\/\/www.po-l.com\/wordpress\/?p=1033"},"modified":"2012-05-20T16:51:11","modified_gmt":"2012-05-20T14:51:11","slug":"don-t-look-bac-in-anger","status":"publish","type":"post","link":"https:\/\/www.wallendorff.com\/belogue\/2007\/09\/10\/don-t-look-bac-in-anger\/","title":{"rendered":"Don&rsquo;t look Bac [in anger]."},"content":{"rendered":"<div id=\"photo\">\n<p><img decoding=\"async\" src=\"https:\/\/www.wallendorff.com\/belogue\/photo\/2007\/09\/20070910.jpg\" \/><br \/>Leidsestraat, Amsterdam, 13 ao&ucirc;t.<\/p>\n<\/div>\n<p>En 10 ans j&rsquo;ai connu 8 apparts, v&eacute;cu dans 2 pays, travaill&eacute; dans 3, pass&eacute; 6 ann&eacute;es en cours, puis une &agrave; glander et 3 autres &agrave; bosser, us&eacute; 4 voitures et 4 ordinateurs, pris 29 avions, visit&eacute; quelques bras, doubl&eacute; une fois, entass&eacute; 40&nbsp;Go de photos, squatt&eacute; 2 centrales nucl&eacute;aires, une usine de t&ocirc;les, un atelier de pares-brises, deux centres techniques, un CAT presque alsacien, connu 3 radios, &eacute;dit&eacute; 40 num&eacute;ros de magazine &eacute;tudiant, sonoris&eacute; 47 soir&eacute;es, cousu 5 &eacute;crous, ouvert 7 sites dont 5 ont ferm&eacute;, dessin&eacute; 22 T-shirts, 17 affiches de soir&eacute;es et 1 voiture, connu 7 mariages, 1 double-bapt&ecirc;me et 3 enterrements, gagn&eacute; 20&nbsp;cm de cheveux, obtenu un dipl&ocirc;me, achet&eacute; 412 disques, amass&eacute; 4 fotoapparaten, vu 314 groupes jouer dans 209 concerts et festivals, chant&eacute; dans 1 seul, chop&eacute; 119 passes photos, d&eacute;velopp&eacute; un syndr&ocirc;me de polonophilie aigu&euml;, tra&icirc;n&eacute; dans 4 studios de t&eacute;l&eacute;, &eacute;crit dans 38 num&eacute;ros de magazine pas &eacute;tudiant, fum&eacute; trop de clopes et bu trop de bi&egrave;res. J&rsquo;ai chang&eacute;, tout a chang&eacute;, mais ce qui me rassure c&rsquo;est que, dans les grandes lignes, &ccedil;a avance bien.<\/p>\n<p style=\"text-align:right\">Et je suis pas plus gros qu&rsquo;en 1997. &Ccedil;a c&rsquo;est pas rien.<\/p>\n<div id=\"bandeson\">\n<p><img decoding=\"async\" src=\"https:\/\/www.wallendorff.com\/belogue\/photo\/pochettes\/o\/oasis-some_might_say.jpg\" align=\"left\" \/>&nbsp;<a href=\"http:\/\/www.oasininet.com\/\">Oasis<\/a> &ndash; <em>Acquiesce<\/em><\/p>\n<\/div>\n","protected":false},"excerpt":{"rendered":"<p>Leidsestraat, Amsterdam, 13 ao&ucirc;t. En 10 ans j&rsquo;ai connu 8 apparts, v&eacute;cu dans 2 pays, travaill&eacute; dans 3, pass&eacute; 6 ann&eacute;es en cours, puis une &agrave; glander et 3 autres &agrave; bosser, us&eacute; 4 voitures et 4 ordinateurs, pris 29 avions, visit&eacute; quelques bras, doubl&eacute; une fois, entass&eacute; 40&nbsp;Go de photos, squatt&eacute; 2 centrales nucl&eacute;aires,&hellip;<\/p>\n","protected":false},"author":1,"featured_media":24963,"comment_status":"open","ping_status":"open","sticky":false,"template":"","format":"standard","meta":{"_acf_changed":false,"ngg_post_thumbnail":0,"jetpack_post_was_ever_published":false,"_jetpack_newsletter_access":"","_jetpack_dont_email_post_to_subs":false,"_jetpack_newsletter_tier_id":0,"_jetpack_memberships_contains_paywalled_content":false,"_jetpack_memberships_contains_paid_content":false,"footnotes":"","jetpack_publicize_message":"","jetpack_publicize_feature_enabled":true,"jetpack_social_post_already_shared":false,"jetpack_social_options":{"image_generator_settings":{"template":"highway","default_image_id":0,"font":"","enabled":false},"version":2}},"categories":[3],"tags":[2124,711,10131,132,4043,4040,2123,143,10147,408,414,10779,10351,173,10150,10778],"class_list":["post-1033","post","type-post","status-publish","format-standard","has-post-thumbnail","hentry","category-dpc","tag-acquiesce","tag-amsterdam","tag-anniversaire","tag-eos-20d","tag-centrum","tag-hollande-septentrionale","tag-leidsestraat","tag-noir-et-blanc","tag-nuit","tag-oasis","tag-pays-bas","tag-rail","tag-rue","tag-sigma-28-70-mm-f28-dg-ex","tag-train","tag-tramway"],"acf":[],"geo":{"latitude":52.3657913,"longitude":4.8860998,"description":null},"jetpack_publicize_connections":[],"jetpack_featured_media_url":"https:\/\/www.wallendorff.com\/belogue\/wp-content\/uploads\/2015\/04\/200709101.jpg","jetpack_shortlink":"https:\/\/wp.me\/p3b35P-gF","jetpack_sharing_enabled":true,"jetpack-related-posts":[{"id":7005,"url":"https:\/\/www.wallendorff.com\/belogue\/2010\/03\/04\/mon-pair-ce-heros\/","url_meta":{"origin":1033,"position":0},"title":"Mon pair ce h\u00e9ros.","author":"dpc","date":"4 mars 2010","format":false,"excerpt":"Station R\u00e9publique, Paris, 2 mars. C'est la troisi\u00e8me ann\u00e9e que le Jean-Pierre Dupire appara\u00eet fier comme Artaban sur les affiches du m\u00e9tro et plus \u00e7a va, plus je me dis qu'un gars... Venant de mon pays Arborant une bien cocasse coiffure Cultivant un go\u00fbt certain pour les photos avec du\u2026","rel":"","context":"Dans &quot;DPC&quot;","block_context":{"text":"DPC","link":"https:\/\/www.wallendorff.com\/belogue\/category\/dpc\/"},"img":{"alt_text":"","src":"https:\/\/i0.wp.com\/www.wallendorff.com\/belogue\/wp-content\/uploads\/2015\/04\/201003041.jpg?resize=350%2C200&ssl=1","width":350,"height":200},"classes":[]},{"id":8265,"url":"https:\/\/www.wallendorff.com\/belogue\/2010\/08\/25\/phil-harmonie\/","url_meta":{"origin":1033,"position":1},"title":"Phil-harmonie.","author":"dpc","date":"25 ao\u00fbt 2010","format":false,"excerpt":"Zoutsteeg, Amsterdam, 19 juillet. [J'ai vraiment un probl\u00e8me d'obsession crocheti\u00e8re, oui.] Cette charmante Ama-L m'a envoy\u00e9 \u2015\u00a0ainsi qu'au reste de son entourage d'esth\u00e8tes musicaux\u00a0\u2015 par le biais d'un r\u00e9seau social par trop connu, un maillon de cha\u00eene m'intimant les ordres suivants\u00a0: \u00ab\u00a0La r\u00e8gle : ne prenez pas trop de temps\u2026","rel":"","context":"Dans &quot;DPC&quot;","block_context":{"text":"DPC","link":"https:\/\/www.wallendorff.com\/belogue\/category\/dpc\/"},"img":{"alt_text":"","src":"https:\/\/i0.wp.com\/www.wallendorff.com\/belogue\/wp-content\/uploads\/2015\/04\/201008251.jpg?resize=350%2C200&ssl=1","width":350,"height":200},"classes":[]},{"id":907,"url":"https:\/\/www.wallendorff.com\/belogue\/2007\/03\/05\/malibu-stacy-l-ancienne-belgique-bruxelles\/","url_meta":{"origin":1033,"position":2},"title":"Malibu Stacy @ l&rsquo;Ancienne Belgique, Bruxelles.","author":"dpc","date":"5 mars 2007","format":false,"excerpt":"En th\u00e9orie le concept est louable\u00a0: la Communaut\u00e9 Wallonne et sa cons\u0153ur Flamande d\u00e9cident de se m\u00e9langer un peu en organisant deux soir\u00e9es \u00e0 l'AB \u2015\u00a0financ\u00e9 par les Flamands\u00a0\u2015 et au Botanique \u2015\u00a0soutenu par les Wallons\u00a0\u2015, avec des groupes des deux provinces et par cons\u00e9quent leurs publics associ\u00e9s, deux soirs\u2026","rel":"","context":"Dans &quot;Alive&quot;","block_context":{"text":"Alive","link":"https:\/\/www.wallendorff.com\/belogue\/category\/alive\/"},"img":{"alt_text":"","src":"https:\/\/i0.wp.com\/www.wallendorff.com\/belogue\/wp-content\/uploads\/2015\/04\/200703031.jpg?resize=350%2C200&ssl=1","width":350,"height":200},"classes":[]},{"id":29629,"url":"https:\/\/www.wallendorff.com\/belogue\/2015\/11\/08\/garbage-le-zenith-paris\/","url_meta":{"origin":1033,"position":3},"title":"Garbage @ le Z\u00e9nith, Paris.","author":"dpc","date":"8 novembre 2015","format":false,"excerpt":"Alien Sex Fiend (20 Years Queer video intro) | Subhuman | Supervixen | Queer | Girl Don't Come | As Heaven Is Wide | The Butterfly Collector (The Jam) | Not My Idea | Trip My Wire | Milk | Fix Me Now | My Lover's Box | Sleep |\u2026","rel":"","context":"Dans &quot;Alive&quot;","block_context":{"text":"Alive","link":"https:\/\/www.wallendorff.com\/belogue\/category\/alive\/"},"img":{"alt_text":"","src":"https:\/\/i0.wp.com\/www.wallendorff.com\/belogue\/wp-content\/uploads\/2015\/11\/20151108-281.jpg?resize=350%2C200&ssl=1","width":350,"height":200,"srcset":"https:\/\/i0.wp.com\/www.wallendorff.com\/belogue\/wp-content\/uploads\/2015\/11\/20151108-281.jpg?resize=350%2C200&ssl=1 1x, https:\/\/i0.wp.com\/www.wallendorff.com\/belogue\/wp-content\/uploads\/2015\/11\/20151108-281.jpg?resize=525%2C300&ssl=1 1.5x, https:\/\/i0.wp.com\/www.wallendorff.com\/belogue\/wp-content\/uploads\/2015\/11\/20151108-281.jpg?resize=700%2C400&ssl=1 2x"},"classes":[]},{"id":5177,"url":"https:\/\/www.wallendorff.com\/belogue\/2009\/11\/27\/franz-ferdinand-the-cribs-john-and-jehn-le-zenith-paris\/","url_meta":{"origin":1033,"position":4},"title":"Franz Ferdinand + The Cribs + John and Jehn @ le Z\u00e9nith, Paris.","author":"dpc","date":"27 novembre 2009","format":false,"excerpt":"\u00a0Franz Ferdinand \u2013 Take Me Out (live Pal\u00e9o 2009) (pour rester dans l'ambiance) J'aurai donc vu Franz Ferdinand six fois. Trois fois au \u00c9tats-Unis, trois fois en France, quatre fois au complet, une fois avec un bassiste alimentairement intoxiqu\u00e9, une fois avec un guitariste \u00e9clop\u00e9, une fois avec un batteur\u2026","rel":"","context":"Dans &quot;Alive&quot;","block_context":{"text":"Alive","link":"https:\/\/www.wallendorff.com\/belogue\/category\/alive\/"},"img":{"alt_text":"","src":"https:\/\/i0.wp.com\/www.wallendorff.com\/belogue\/wp-content\/uploads\/2015\/04\/200911271.jpg?resize=350%2C200&ssl=1","width":350,"height":200,"srcset":"https:\/\/i0.wp.com\/www.wallendorff.com\/belogue\/wp-content\/uploads\/2015\/04\/200911271.jpg?resize=350%2C200&ssl=1 1x, https:\/\/i0.wp.com\/www.wallendorff.com\/belogue\/wp-content\/uploads\/2015\/04\/200911271.jpg?resize=525%2C300&ssl=1 1.5x, https:\/\/i0.wp.com\/www.wallendorff.com\/belogue\/wp-content\/uploads\/2015\/04\/200911271.jpg?resize=700%2C400&ssl=1 2x"},"classes":[]},{"id":813,"url":"https:\/\/www.wallendorff.com\/belogue\/2006\/10\/25\/the-40-ans-of-the-rock-n-fluque-le-bataclan-paris\/","url_meta":{"origin":1033,"position":5},"title":"The 40 ans of the Rock &#038; Fluque @ Le Bataclan, Paris.","author":"dpc","date":"25 octobre 2006","format":false,"excerpt":"Gr\u00e2ce soit rendue pour les 23 prochaines g\u00e9n\u00e9rations \u00e0 Ath-les-bons-tuyaux pour le pr\u00eat du matos. Appel\u00e9 au dernier moment, Arriv\u00e9e pour le gros tube des Nazes1, bar ouvert2, discours d'entr\u00e9e du Man\u0153uvre qui d\u00e9cid\u00e9ment est le plus dou\u00e9 imitateur de Man\u0153uvre au monde, Jacno insipide, super-groupe \u00e0 base de Natasha-d'AS-Dragon,\u2026","rel":"","context":"Dans &quot;Alive&quot;","block_context":{"text":"Alive","link":"https:\/\/www.wallendorff.com\/belogue\/category\/alive\/"},"img":{"alt_text":"","src":"https:\/\/i0.wp.com\/www.wallendorff.com\/belogue\/wp-content\/uploads\/2015\/04\/20061025-11.jpg?resize=350%2C200&ssl=1","width":350,"height":200,"srcset":"https:\/\/i0.wp.com\/www.wallendorff.com\/belogue\/wp-content\/uploads\/2015\/04\/20061025-11.jpg?resize=350%2C200&ssl=1 1x, https:\/\/i0.wp.com\/www.wallendorff.com\/belogue\/wp-content\/uploads\/2015\/04\/20061025-11.jpg?resize=525%2C300&ssl=1 1.5x"},"classes":[]}],"_links":{"self":[{"href":"https:\/\/www.wallendorff.com\/belogue\/wp-json\/wp\/v2\/posts\/1033","targetHints":{"allow":["GET"]}}],"collection":[{"href":"https:\/\/www.wallendorff.com\/belogue\/wp-json\/wp\/v2\/posts"}],"about":[{"href":"https:\/\/www.wallendorff.com\/belogue\/wp-json\/wp\/v2\/types\/post"}],"author":[{"embeddable":true,"href":"https:\/\/www.wallendorff.com\/belogue\/wp-json\/wp\/v2\/users\/1"}],"replies":[{"embeddable":true,"href":"https:\/\/www.wallendorff.com\/belogue\/wp-json\/wp\/v2\/comments?post=1033"}],"version-history":[{"count":1,"href":"https:\/\/www.wallendorff.com\/belogue\/wp-json\/wp\/v2\/posts\/1033\/revisions"}],"predecessor-version":[{"id":17355,"href":"https:\/\/www.wallendorff.com\/belogue\/wp-json\/wp\/v2\/posts\/1033\/revisions\/17355"}],"wp:featuredmedia":[{"embeddable":true,"href":"https:\/\/www.wallendorff.com\/belogue\/wp-json\/wp\/v2\/media\/24963"}],"wp:attachment":[{"href":"https:\/\/www.wallendorff.com\/belogue\/wp-json\/wp\/v2\/media?parent=1033"}],"wp:term":[{"taxonomy":"category","embeddable":true,"href":"https:\/\/www.wallendorff.com\/belogue\/wp-json\/wp\/v2\/categories?post=1033"},{"taxonomy":"post_tag","embeddable":true,"href":"https:\/\/www.wallendorff.com\/belogue\/wp-json\/wp\/v2\/tags?post=1033"}],"curies":[{"name":"wp","href":"https:\/\/api.w.org\/{rel}","templated":true}]}}