{"id":1032,"date":"2007-09-07T09:26:05","date_gmt":"2007-09-07T09:26:05","guid":{"rendered":"http:\/\/www.po-l.com\/wordpress\/?p=1032"},"modified":"2012-05-16T09:56:48","modified_gmt":"2012-05-16T07:56:48","slug":"train-trinque-aux-dits-tiens","status":"publish","type":"post","link":"https:\/\/www.wallendorff.com\/belogue\/2007\/09\/07\/train-trinque-aux-dits-tiens\/","title":{"rendered":"Train trinque aux dits tiens."},"content":{"rendered":"<div id=\"photo\">\n<p><img decoding=\"async\" src=\"https:\/\/www.wallendorff.com\/belogue\/photo\/2007\/09\/20070907.jpg\" \/><br \/>\nStation Charonne, Paris, 5 septembre.<\/p>\n<\/div>\n<p>Metz Metz Metz Metz Metz Metz Metz Metz Metz Metz Metz Metz Metz Metz Metz Metz Metz Metz Metz Metz Metz Metz Metz Metz Metz Metz Metz Metz Metz Metz Metz Metz Metz Metz Metz Metz Metz Metz Metz Metz Metz Metz Metz Metz Metz Metz Metz Metz Metz Metz Metz Metz Metz Metz Metz Metz<\/p>\n<p>[See you in Metz]<\/p>\n<div id=\"bandeson\">\n<p><img decoding=\"async\" src=\"https:\/\/www.wallendorff.com\/belogue\/photo\/pochettes\/b\/blanche-little_amber_bottles.jpg\" align=\"left\" \/>&nbsp;<a href=\"http:\/\/www.blanchemusic.com\/\">Blanche<\/a> &ndash; <em>I Can&rsquo;t Sit Down<\/em><\/p>\n<\/div>\n","protected":false},"excerpt":{"rendered":"<p>Station Charonne, Paris, 5 septembre. Metz Metz Metz Metz Metz Metz Metz Metz Metz Metz Metz Metz Metz Metz Metz Metz Metz Metz Metz Metz Metz Metz Metz Metz Metz Metz Metz Metz Metz Metz Metz Metz Metz Metz Metz Metz Metz Metz Metz Metz Metz Metz Metz Metz Metz Metz Metz Metz Metz Metz&hellip;<\/p>\n","protected":false},"author":1,"featured_media":24962,"comment_status":"open","ping_status":"open","sticky":false,"template":"","format":"standard","meta":{"_acf_changed":false,"ngg_post_thumbnail":0,"jetpack_post_was_ever_published":false,"_jetpack_newsletter_access":"","_jetpack_dont_email_post_to_subs":false,"_jetpack_newsletter_tier_id":0,"_jetpack_memberships_contains_paywalled_content":false,"_jetpack_memberships_contains_paid_content":false,"footnotes":"","jetpack_publicize_message":"","jetpack_publicize_feature_enabled":true,"jetpack_social_post_already_shared":false,"jetpack_social_options":{"image_generator_settings":{"template":"highway","default_image_id":0,"font":"","enabled":false},"version":2}},"categories":[3],"tags":[10183,77,142,132,2119,10120,2121,10121,10454,10119,10173,143,10098],"class_list":["post-1032","post","type-post","status-publish","format-standard","has-post-thumbnail","hentry","category-dpc","tag-10183","tag-blanche","tag-ef-s-10-22-mm-f35-45-usm","tag-eos-20d","tag-charonne","tag-france","tag-i-cant-sit-down","tag-ile-de-france","tag-ligne-9","tag-metro","tag-metz","tag-noir-et-blanc","tag-paris"],"acf":[],"geo":{"latitude":48.8551254,"longitude":2.3847413,"description":null},"jetpack_publicize_connections":[],"jetpack_featured_media_url":"https:\/\/www.wallendorff.com\/belogue\/wp-content\/uploads\/2015\/04\/200709071.jpg","jetpack_shortlink":"https:\/\/wp.me\/p3b35P-gE","jetpack_sharing_enabled":true,"jetpack-related-posts":[{"id":131991,"url":"https:\/\/www.wallendorff.com\/belogue\/2025\/03\/26\/metz-de-noel\/","url_meta":{"origin":1032,"position":0},"title":"Metz de No\u00ebl.","author":"dpc","date":"26 mars 2025","format":false,"excerpt":"","rel":"","context":"Dans &quot;DPC&quot;","block_context":{"text":"DPC","link":"https:\/\/www.wallendorff.com\/belogue\/category\/dpc\/"},"img":{"alt_text":"","src":"https:\/\/i0.wp.com\/www.wallendorff.com\/belogue\/wp-content\/uploads\/2025\/03\/20250326-04.jpg?resize=350%2C200&ssl=1","width":350,"height":200,"srcset":"https:\/\/i0.wp.com\/www.wallendorff.com\/belogue\/wp-content\/uploads\/2025\/03\/20250326-04.jpg?resize=350%2C200&ssl=1 1x, https:\/\/i0.wp.com\/www.wallendorff.com\/belogue\/wp-content\/uploads\/2025\/03\/20250326-04.jpg?resize=525%2C300&ssl=1 1.5x, https:\/\/i0.wp.com\/www.wallendorff.com\/belogue\/wp-content\/uploads\/2025\/03\/20250326-04.jpg?resize=700%2C400&ssl=1 2x"},"classes":[]},{"id":119227,"url":"https:\/\/www.wallendorff.com\/belogue\/2023\/02\/17\/metz-noire\/","url_meta":{"origin":1032,"position":1},"title":"Metz noire.","author":"dpc","date":"17 f\u00e9vrier 2023","format":false,"excerpt":"Place du Pont-des-Roches, 27 d\u00e9cembre 2022. Toute ressemblance avec la photo du 13 janvier 2014 tout \u00e7a tout \u00e7a.","rel":"","context":"Dans &quot;DPC&quot;","block_context":{"text":"DPC","link":"https:\/\/www.wallendorff.com\/belogue\/category\/dpc-en\/"},"img":{"alt_text":"","src":"https:\/\/i0.wp.com\/www.wallendorff.com\/belogue\/wp-content\/uploads\/2023\/02\/20230217.jpg?resize=350%2C200&ssl=1","width":350,"height":200,"srcset":"https:\/\/i0.wp.com\/www.wallendorff.com\/belogue\/wp-content\/uploads\/2023\/02\/20230217.jpg?resize=350%2C200&ssl=1 1x, https:\/\/i0.wp.com\/www.wallendorff.com\/belogue\/wp-content\/uploads\/2023\/02\/20230217.jpg?resize=525%2C300&ssl=1 1.5x, https:\/\/i0.wp.com\/www.wallendorff.com\/belogue\/wp-content\/uploads\/2023\/02\/20230217.jpg?resize=700%2C400&ssl=1 2x, https:\/\/i0.wp.com\/www.wallendorff.com\/belogue\/wp-content\/uploads\/2023\/02\/20230217.jpg?resize=1050%2C600&ssl=1 3x"},"classes":[]},{"id":135693,"url":"https:\/\/www.wallendorff.com\/belogue\/2026\/03\/27\/tcho-metz\/","url_meta":{"origin":1032,"position":2},"title":"Tch\u00f4 Metz.","author":"dpc","date":"27 mars 2026","format":false,"excerpt":"","rel":"","context":"Dans &quot;DPC&quot;","block_context":{"text":"DPC","link":"https:\/\/www.wallendorff.com\/belogue\/category\/dpc\/"},"img":{"alt_text":"","src":"https:\/\/i0.wp.com\/www.wallendorff.com\/belogue\/wp-content\/uploads\/2026\/03\/20260327-10.jpg?resize=350%2C200&ssl=1","width":350,"height":200,"srcset":"https:\/\/i0.wp.com\/www.wallendorff.com\/belogue\/wp-content\/uploads\/2026\/03\/20260327-10.jpg?resize=350%2C200&ssl=1 1x, https:\/\/i0.wp.com\/www.wallendorff.com\/belogue\/wp-content\/uploads\/2026\/03\/20260327-10.jpg?resize=525%2C300&ssl=1 1.5x, https:\/\/i0.wp.com\/www.wallendorff.com\/belogue\/wp-content\/uploads\/2026\/03\/20260327-10.jpg?resize=700%2C400&ssl=1 2x, https:\/\/i0.wp.com\/www.wallendorff.com\/belogue\/wp-content\/uploads\/2026\/03\/20260327-10.jpg?resize=1050%2C600&ssl=1 3x"},"classes":[]},{"id":126836,"url":"https:\/\/www.wallendorff.com\/belogue\/2023\/12\/08\/metz-du-dimanche\/","url_meta":{"origin":1032,"position":3},"title":"Metz du dimanche.","author":"dpc","date":"8 d\u00e9cembre 2023","format":false,"excerpt":"","rel":"","context":"Dans &quot;DPC&quot;","block_context":{"text":"DPC","link":"https:\/\/www.wallendorff.com\/belogue\/category\/dpc\/"},"img":{"alt_text":"","src":"https:\/\/i0.wp.com\/www.wallendorff.com\/belogue\/wp-content\/uploads\/2023\/12\/20231208-02.jpg?resize=350%2C200&ssl=1","width":350,"height":200,"srcset":"https:\/\/i0.wp.com\/www.wallendorff.com\/belogue\/wp-content\/uploads\/2023\/12\/20231208-02.jpg?resize=350%2C200&ssl=1 1x, https:\/\/i0.wp.com\/www.wallendorff.com\/belogue\/wp-content\/uploads\/2023\/12\/20231208-02.jpg?resize=525%2C300&ssl=1 1.5x, https:\/\/i0.wp.com\/www.wallendorff.com\/belogue\/wp-content\/uploads\/2023\/12\/20231208-02.jpg?resize=700%2C400&ssl=1 2x"},"classes":[]},{"id":123940,"url":"https:\/\/www.wallendorff.com\/belogue\/2023\/02\/27\/dans-laire-du-temple\/","url_meta":{"origin":1032,"position":4},"title":"Dans l&rsquo;aire du temple.","author":"dpc","date":"27 f\u00e9vrier 2023","format":false,"excerpt":"Place de la Com\u00e9die, Metz, 28 d\u00e9cembre 2022.","rel":"","context":"Dans &quot;DPC&quot;","block_context":{"text":"DPC","link":"https:\/\/www.wallendorff.com\/belogue\/category\/dpc-en\/"},"img":{"alt_text":"","src":"https:\/\/i0.wp.com\/www.wallendorff.com\/belogue\/wp-content\/uploads\/2023\/02\/20230227.jpg?resize=350%2C200&ssl=1","width":350,"height":200,"srcset":"https:\/\/i0.wp.com\/www.wallendorff.com\/belogue\/wp-content\/uploads\/2023\/02\/20230227.jpg?resize=350%2C200&ssl=1 1x, https:\/\/i0.wp.com\/www.wallendorff.com\/belogue\/wp-content\/uploads\/2023\/02\/20230227.jpg?resize=525%2C300&ssl=1 1.5x, https:\/\/i0.wp.com\/www.wallendorff.com\/belogue\/wp-content\/uploads\/2023\/02\/20230227.jpg?resize=700%2C400&ssl=1 2x, https:\/\/i0.wp.com\/www.wallendorff.com\/belogue\/wp-content\/uploads\/2023\/02\/20230227.jpg?resize=1050%2C600&ssl=1 3x"},"classes":[]},{"id":20405,"url":"https:\/\/www.wallendorff.com\/belogue\/2013\/02\/08\/metz-le-point-ephemere-paris\/","url_meta":{"origin":1032,"position":5},"title":"METZ @ le Point \u00c9ph\u00e9m\u00e8re, Paris.","author":"dpc","date":"8 f\u00e9vrier 2013","format":false,"excerpt":"Ces gens sont fous. Headache METZ \u00a0","rel":"","context":"Dans &quot;Alive&quot;","block_context":{"text":"Alive","link":"https:\/\/www.wallendorff.com\/belogue\/category\/alive\/"},"img":{"alt_text":"","src":"https:\/\/i0.wp.com\/www.wallendorff.com\/belogue\/wp-content\/uploads\/2015\/04\/20130208.jpg?resize=350%2C200&ssl=1","width":350,"height":200,"srcset":"https:\/\/i0.wp.com\/www.wallendorff.com\/belogue\/wp-content\/uploads\/2015\/04\/20130208.jpg?resize=350%2C200&ssl=1 1x, https:\/\/i0.wp.com\/www.wallendorff.com\/belogue\/wp-content\/uploads\/2015\/04\/20130208.jpg?resize=525%2C300&ssl=1 1.5x, https:\/\/i0.wp.com\/www.wallendorff.com\/belogue\/wp-content\/uploads\/2015\/04\/20130208.jpg?resize=700%2C400&ssl=1 2x"},"classes":[]}],"_links":{"self":[{"href":"https:\/\/www.wallendorff.com\/belogue\/wp-json\/wp\/v2\/posts\/1032","targetHints":{"allow":["GET"]}}],"collection":[{"href":"https:\/\/www.wallendorff.com\/belogue\/wp-json\/wp\/v2\/posts"}],"about":[{"href":"https:\/\/www.wallendorff.com\/belogue\/wp-json\/wp\/v2\/types\/post"}],"author":[{"embeddable":true,"href":"https:\/\/www.wallendorff.com\/belogue\/wp-json\/wp\/v2\/users\/1"}],"replies":[{"embeddable":true,"href":"https:\/\/www.wallendorff.com\/belogue\/wp-json\/wp\/v2\/comments?post=1032"}],"version-history":[{"count":1,"href":"https:\/\/www.wallendorff.com\/belogue\/wp-json\/wp\/v2\/posts\/1032\/revisions"}],"predecessor-version":[{"id":17326,"href":"https:\/\/www.wallendorff.com\/belogue\/wp-json\/wp\/v2\/posts\/1032\/revisions\/17326"}],"wp:featuredmedia":[{"embeddable":true,"href":"https:\/\/www.wallendorff.com\/belogue\/wp-json\/wp\/v2\/media\/24962"}],"wp:attachment":[{"href":"https:\/\/www.wallendorff.com\/belogue\/wp-json\/wp\/v2\/media?parent=1032"}],"wp:term":[{"taxonomy":"category","embeddable":true,"href":"https:\/\/www.wallendorff.com\/belogue\/wp-json\/wp\/v2\/categories?post=1032"},{"taxonomy":"post_tag","embeddable":true,"href":"https:\/\/www.wallendorff.com\/belogue\/wp-json\/wp\/v2\/tags?post=1032"}],"curies":[{"name":"wp","href":"https:\/\/api.w.org\/{rel}","templated":true}]}}