{"id":1024,"date":"2007-08-28T10:30:11","date_gmt":"2007-08-28T10:30:11","guid":{"rendered":"http:\/\/www.po-l.com\/wordpress\/?p=1024"},"modified":"2012-05-08T11:53:58","modified_gmt":"2012-05-08T09:53:58","slug":"craie-a-son-isthme","status":"publish","type":"post","link":"https:\/\/www.wallendorff.com\/belogue\/2007\/08\/28\/craie-a-son-isthme\/","title":{"rendered":"Craie a son isthme."},"content":{"rendered":"<div id=\"photo\">\n<p><img decoding=\"async\" src=\"https:\/\/www.wallendorff.com\/belogue\/photo\/2007\/08\/20070828.jpg\" \/><br \/>Damstraat, Amsterdam, 12 ao&ucirc;t.<\/p>\n<\/div>\n<p>En attendant les vacances dans le Dorset qu&rsquo;elle nous a promises pour le 24 septembre, l&rsquo;avant-go&ucirc;t du jour&nbsp;:<\/p>\n<div id=\"bandeson\">\n<p><img decoding=\"async\" src=\"https:\/\/www.wallendorff.com\/belogue\/photo\/pochettes\/h\/harvey_pj-white_chalk.jpg\" align=\"left\" \/>&nbsp;<a href=\"http:\/\/www.pjharvey.net\/\">PJ Harvey<\/a> &ndash; <em>Ouen Under Ezer<\/em><\/p>\n<\/div>\n","protected":false},"excerpt":{"rendered":"<p>Damstraat, Amsterdam, 12 ao&ucirc;t. En attendant les vacances dans le Dorset qu&rsquo;elle nous a promises pour le 24 septembre, l&rsquo;avant-go&ucirc;t du jour&nbsp;: &nbsp;PJ Harvey &ndash; Ouen Under Ezer<\/p>\n","protected":false},"author":1,"featured_media":24954,"comment_status":"open","ping_status":"open","sticky":false,"template":"","format":"standard","meta":{"_acf_changed":false,"ngg_post_thumbnail":0,"jetpack_post_was_ever_published":false,"_jetpack_newsletter_access":"","_jetpack_dont_email_post_to_subs":false,"_jetpack_newsletter_tier_id":0,"_jetpack_memberships_contains_paywalled_content":false,"_jetpack_memberships_contains_paid_content":false,"footnotes":"","jetpack_publicize_message":"","jetpack_publicize_feature_enabled":true,"jetpack_social_post_already_shared":false,"jetpack_social_options":{"image_generator_settings":{"template":"highway","default_image_id":0,"font":"","enabled":false},"version":2}},"categories":[3],"tags":[711,1438,132,4043,2106,10311,4040,10589,143,10147,414,10180,10158,2107,4568],"class_list":["post-1024","post","type-post","status-publish","format-standard","has-post-thumbnail","hentry","category-dpc","tag-amsterdam","tag-ef-50-mm-f14-usm","tag-eos-20d","tag-centrum","tag-damstraat","tag-dos","tag-hollande-septentrionale","tag-homme","tag-noir-et-blanc","tag-nuit","tag-pays-bas","tag-pj-harvey","tag-ruelle","tag-when-under-ether","tag-white-chalk-album"],"acf":[],"geo":{"latitude":52.372345,"longitude":4.8945942,"description":"Damstraat 5, 1012 Amsterdam, The Netherlands"},"jetpack_publicize_connections":[],"jetpack_featured_media_url":"https:\/\/www.wallendorff.com\/belogue\/wp-content\/uploads\/2015\/04\/200708281.jpg","jetpack_shortlink":"https:\/\/wp.me\/p3b35P-gw","jetpack_sharing_enabled":true,"jetpack-related-posts":[{"id":130040,"url":"https:\/\/www.wallendorff.com\/belogue\/2024\/08\/16\/le-cabaret-vert-2024-charleville-mezieres-jour-1\/","url_meta":{"origin":1024,"position":0},"title":"Le Cabaret Vert 2024, Charleville-M\u00e9zi\u00e8res, jour 1.","author":"dpc","date":"16 ao\u00fbt 2024","format":false,"excerpt":"Le Cabaret Vert, Charleville-M\u00e9zi\u00e8res, 15\/08\/2024 Le Cabaret Vert, Charleville-M\u00e9zi\u00e8res, 15\/08\/2024 Flogging Molly @ le Cabaret Vert, Charleville-M\u00e9zi\u00e8res, 15\/08\/2024 Le Cabaret Vert, Charleville-M\u00e9zi\u00e8res, 15\/08\/2024 Flogging Molly @ le Cabaret Vert, Charleville-M\u00e9zi\u00e8res, 15\/08\/2024 Flogging Molly @ le Cabaret Vert, Charleville-M\u00e9zi\u00e8res, 15\/08\/2024 Le Cabaret Vert, Charleville-M\u00e9zi\u00e8res, 15\/08\/2024 Flogging Molly @ le Cabaret Vert,\u2026","rel":"","context":"Dans &quot;Alive&quot;","block_context":{"text":"Alive","link":"https:\/\/www.wallendorff.com\/belogue\/category\/alive\/"},"img":{"alt_text":"","src":"https:\/\/i0.wp.com\/www.wallendorff.com\/belogue\/wp-content\/uploads\/2024\/08\/20240816-31.jpg?resize=350%2C200&ssl=1","width":350,"height":200,"srcset":"https:\/\/i0.wp.com\/www.wallendorff.com\/belogue\/wp-content\/uploads\/2024\/08\/20240816-31.jpg?resize=350%2C200&ssl=1 1x, https:\/\/i0.wp.com\/www.wallendorff.com\/belogue\/wp-content\/uploads\/2024\/08\/20240816-31.jpg?resize=525%2C300&ssl=1 1.5x, https:\/\/i0.wp.com\/www.wallendorff.com\/belogue\/wp-content\/uploads\/2024\/08\/20240816-31.jpg?resize=700%2C400&ssl=1 2x, https:\/\/i0.wp.com\/www.wallendorff.com\/belogue\/wp-content\/uploads\/2024\/08\/20240816-31.jpg?resize=1050%2C600&ssl=1 3x"},"classes":[]},{"id":1035,"url":"https:\/\/www.wallendorff.com\/belogue\/2007\/09\/12\/gigognes-et-riens\/","url_meta":{"origin":1024,"position":1},"title":"Gigognes et riens.","author":"dpc","date":"12 septembre 2007","format":false,"excerpt":"Oudehoogstraat, Amsterdam, 14 ao\u00fbt En anglais, le Schtroumpf \u00e0 Lunettes s'appelle Brainy Smurf. Ils ont rien compris, les Anglais. Tout le monde sait qu'\u00eatre Schtroumpf \u00e0 Lunettes n'est pas une question de cerveau, mais de lunettes. PJ Harvey hier soir \u00e0 Canal, c'\u00e9tait magique. Sans compter qu'elle ne m'a pas\u2026","rel":"","context":"Dans &quot;DPC&quot;","block_context":{"text":"DPC","link":"https:\/\/www.wallendorff.com\/belogue\/category\/dpc\/"},"img":{"alt_text":"","src":"https:\/\/i0.wp.com\/www.wallendorff.com\/belogue\/wp-content\/uploads\/2015\/04\/200709121.jpg?resize=350%2C200&ssl=1","width":350,"height":200},"classes":[]},{"id":30322,"url":"https:\/\/www.wallendorff.com\/belogue\/2016\/03\/01\/into-the-wide-62\/","url_meta":{"origin":1024,"position":2},"title":"Into the wide #62.","author":"dpc","date":"1 mars 2016","format":false,"excerpt":"Porte des Allemands, Metz, 27 d\u00e9cembre 2015. The Wheel PJ Harvey","rel":"","context":"Dans &quot;Into the wide&quot;","block_context":{"text":"Into the wide","link":"https:\/\/www.wallendorff.com\/belogue\/category\/into-the-wide\/"},"img":{"alt_text":"","src":"https:\/\/i0.wp.com\/www.wallendorff.com\/belogue\/wp-content\/uploads\/2016\/03\/20160301.jpg?resize=350%2C200&ssl=1","width":350,"height":200,"srcset":"https:\/\/i0.wp.com\/www.wallendorff.com\/belogue\/wp-content\/uploads\/2016\/03\/20160301.jpg?resize=350%2C200&ssl=1 1x, https:\/\/i0.wp.com\/www.wallendorff.com\/belogue\/wp-content\/uploads\/2016\/03\/20160301.jpg?resize=525%2C300&ssl=1 1.5x, https:\/\/i0.wp.com\/www.wallendorff.com\/belogue\/wp-content\/uploads\/2016\/03\/20160301.jpg?resize=700%2C400&ssl=1 2x"},"classes":[]},{"id":21481,"url":"https:\/\/www.wallendorff.com\/belogue\/2013\/08\/22\/unbekannt\/","url_meta":{"origin":1024,"position":3},"title":"Unbekannt.","author":"dpc","date":"22 ao\u00fbt 2013","format":false,"excerpt":"Amanvillers, 23 juin. On Battleship HillPJ Harvey \u00a0","rel":"","context":"Dans &quot;DPC&quot;","block_context":{"text":"DPC","link":"https:\/\/www.wallendorff.com\/belogue\/category\/dpc\/"},"img":{"alt_text":"","src":"https:\/\/i0.wp.com\/www.wallendorff.com\/belogue\/wp-content\/uploads\/2015\/04\/201308221.jpg?resize=350%2C200&ssl=1","width":350,"height":200,"srcset":"https:\/\/i0.wp.com\/www.wallendorff.com\/belogue\/wp-content\/uploads\/2015\/04\/201308221.jpg?resize=350%2C200&ssl=1 1x, https:\/\/i0.wp.com\/www.wallendorff.com\/belogue\/wp-content\/uploads\/2015\/04\/201308221.jpg?resize=525%2C300&ssl=1 1.5x, https:\/\/i0.wp.com\/www.wallendorff.com\/belogue\/wp-content\/uploads\/2015\/04\/201308221.jpg?resize=700%2C400&ssl=1 2x"},"classes":[]},{"id":30789,"url":"https:\/\/www.wallendorff.com\/belogue\/2016\/04\/25\/shooting-people-118\/","url_meta":{"origin":1024,"position":4},"title":"Shooting people #118.","author":"dpc","date":"25 avril 2016","format":false,"excerpt":"Parvis du parlement, Vienne, 13 f\u00e9vrier. The Community of Hope PJ Harvey","rel":"","context":"Dans &quot;Portraits&quot;","block_context":{"text":"Portraits","link":"https:\/\/www.wallendorff.com\/belogue\/category\/portraits\/"},"img":{"alt_text":"","src":"https:\/\/i0.wp.com\/www.wallendorff.com\/belogue\/wp-content\/uploads\/2016\/04\/20160425.jpg?resize=350%2C200&ssl=1","width":350,"height":200,"srcset":"https:\/\/i0.wp.com\/www.wallendorff.com\/belogue\/wp-content\/uploads\/2016\/04\/20160425.jpg?resize=350%2C200&ssl=1 1x, https:\/\/i0.wp.com\/www.wallendorff.com\/belogue\/wp-content\/uploads\/2016\/04\/20160425.jpg?resize=525%2C300&ssl=1 1.5x, https:\/\/i0.wp.com\/www.wallendorff.com\/belogue\/wp-content\/uploads\/2016\/04\/20160425.jpg?resize=700%2C400&ssl=1 2x"},"classes":[]},{"id":12490,"url":"https:\/\/www.wallendorff.com\/belogue\/2011\/03\/25\/fond-de-tiroir-17\/","url_meta":{"origin":1024,"position":5},"title":"Fond de tiroir #17.","author":"dpc","date":"25 mars 2011","format":false,"excerpt":"Belfort, avant. PJ Harvey \u2013 Kick It to the Ground","rel":"","context":"Dans &quot;DPC&quot;","block_context":{"text":"DPC","link":"https:\/\/www.wallendorff.com\/belogue\/category\/dpc\/"},"img":{"alt_text":"","src":"https:\/\/i0.wp.com\/www.wallendorff.com\/belogue\/wp-content\/uploads\/2015\/04\/201103251.jpg?resize=350%2C200&ssl=1","width":350,"height":200},"classes":[]}],"_links":{"self":[{"href":"https:\/\/www.wallendorff.com\/belogue\/wp-json\/wp\/v2\/posts\/1024","targetHints":{"allow":["GET"]}}],"collection":[{"href":"https:\/\/www.wallendorff.com\/belogue\/wp-json\/wp\/v2\/posts"}],"about":[{"href":"https:\/\/www.wallendorff.com\/belogue\/wp-json\/wp\/v2\/types\/post"}],"author":[{"embeddable":true,"href":"https:\/\/www.wallendorff.com\/belogue\/wp-json\/wp\/v2\/users\/1"}],"replies":[{"embeddable":true,"href":"https:\/\/www.wallendorff.com\/belogue\/wp-json\/wp\/v2\/comments?post=1024"}],"version-history":[{"count":1,"href":"https:\/\/www.wallendorff.com\/belogue\/wp-json\/wp\/v2\/posts\/1024\/revisions"}],"predecessor-version":[{"id":17231,"href":"https:\/\/www.wallendorff.com\/belogue\/wp-json\/wp\/v2\/posts\/1024\/revisions\/17231"}],"wp:featuredmedia":[{"embeddable":true,"href":"https:\/\/www.wallendorff.com\/belogue\/wp-json\/wp\/v2\/media\/24954"}],"wp:attachment":[{"href":"https:\/\/www.wallendorff.com\/belogue\/wp-json\/wp\/v2\/media?parent=1024"}],"wp:term":[{"taxonomy":"category","embeddable":true,"href":"https:\/\/www.wallendorff.com\/belogue\/wp-json\/wp\/v2\/categories?post=1024"},{"taxonomy":"post_tag","embeddable":true,"href":"https:\/\/www.wallendorff.com\/belogue\/wp-json\/wp\/v2\/tags?post=1024"}],"curies":[{"name":"wp","href":"https:\/\/api.w.org\/{rel}","templated":true}]}}