{"id":10234,"date":"2010-12-03T12:32:18","date_gmt":"2010-12-03T11:32:18","guid":{"rendered":"http:\/\/www.po-l.com\/belogue\/?p=10234"},"modified":"2012-08-08T11:38:59","modified_gmt":"2012-08-08T09:38:59","slug":"oh-no-grue-grue","status":"publish","type":"post","link":"https:\/\/www.wallendorff.com\/belogue\/2010\/12\/03\/oh-no-grue-grue\/","title":{"rendered":"Oh no [grue-grue]."},"content":{"rendered":"\n<div id=\"photo\">\n<p><img decoding=\"async\" src=\"https:\/\/www.wallendorff.com\/belogue\/photo\/2010\/12\/20101203.jpg\" \/><br \/>\nPorte d&rsquo;Aubervilliers, Paris, 25 septembre.<\/p>\n<\/p><\/div>\n<p style=\"text-align:right\">En France on n&rsquo;a pas de palmiers, mais on a des id&eacute;es.<\/p>\n<div id=\"bandeson\">\n<p><img decoding=\"async\" src=\"https:\/\/www.wallendorff.com\/belogue\/photo\/pochettes\/k\/kings_of_leon-come_around_sundown.jpg\" align=\"left\" \/><a href=\"http:\/\/www.kingsofleon.com\/\">Kings of Leon<\/a> &ndash; <em>Radioactive<\/em><\/p>\n<\/p><\/div>\n","protected":false},"excerpt":{"rendered":"<p>Porte d&rsquo;Aubervilliers, Paris, 25 septembre. En France on n&rsquo;a pas de palmiers, mais on a des id&eacute;es. Kings of Leon &ndash; Radioactive<\/p>\n","protected":false},"author":1,"featured_media":25984,"comment_status":"open","ping_status":"open","sticky":false,"template":"","format":"standard","meta":{"_acf_changed":false,"ngg_post_thumbnail":0,"jetpack_post_was_ever_published":false,"_jetpack_newsletter_access":"","_jetpack_dont_email_post_to_subs":false,"_jetpack_newsletter_tier_id":0,"_jetpack_memberships_contains_paywalled_content":false,"_jetpack_memberships_contains_paid_content":false,"footnotes":"","jetpack_publicize_message":"","jetpack_publicize_feature_enabled":true,"jetpack_social_post_already_shared":false,"jetpack_social_options":{"image_generator_settings":{"template":"highway","default_image_id":0,"font":"","enabled":false},"version":2}},"categories":[3],"tags":[10268,4485,1438,2615,10144,10246,10326,10120,4486,10121,582,10098,4484,4487,4488],"class_list":["post-10234","post","type-post","status-publish","format-standard","has-post-thumbnail","hentry","category-dpc","tag-10268","tag-boulevard-peripherique","tag-ef-50-mm-f14-usm","tag-eos-5d-mark-ii","tag-ciel","tag-contre-jour","tag-crepuscule","tag-france","tag-grue","tag-ile-de-france","tag-kings-of-leon","tag-paris","tag-porte-daubervilliers","tag-radioactive","tag-travaux"],"acf":[],"geo":{"latitude":48.9003868,"longitude":2.38252,"description":"Boulevard P\u00e9riph\u00e9rique, 75019 Paris, France"},"jetpack_publicize_connections":[],"jetpack_featured_media_url":"https:\/\/www.wallendorff.com\/belogue\/wp-content\/uploads\/2015\/04\/201012031.jpg","jetpack_shortlink":"https:\/\/wp.me\/p3b35P-2F4","jetpack_sharing_enabled":true,"jetpack-related-posts":[{"id":38059,"url":"https:\/\/www.wallendorff.com\/belogue\/2018\/04\/30\/la-case-a-depp-appelle\/","url_meta":{"origin":10234,"position":0},"title":"La case \u00e0 Depp appelle.","author":"dpc","date":"30 avril 2018","format":false,"excerpt":"Rue d'Aubervilliers, Paris, 18 f\u00e9vrier. Obstacle 1 (Arthur Baker Mix) Interpol","rel":"","context":"Dans &quot;DPC&quot;","block_context":{"text":"DPC","link":"https:\/\/www.wallendorff.com\/belogue\/category\/dpc\/"},"img":{"alt_text":"Rue d'Aubervilliers, Paris, 18\/02\/2018","src":"https:\/\/i0.wp.com\/www.wallendorff.com\/belogue\/wp-content\/uploads\/2018\/04\/20180430.jpg?resize=350%2C200&ssl=1","width":350,"height":200,"srcset":"https:\/\/i0.wp.com\/www.wallendorff.com\/belogue\/wp-content\/uploads\/2018\/04\/20180430.jpg?resize=350%2C200&ssl=1 1x, https:\/\/i0.wp.com\/www.wallendorff.com\/belogue\/wp-content\/uploads\/2018\/04\/20180430.jpg?resize=525%2C300&ssl=1 1.5x, https:\/\/i0.wp.com\/www.wallendorff.com\/belogue\/wp-content\/uploads\/2018\/04\/20180430.jpg?resize=700%2C400&ssl=1 2x"},"classes":[]},{"id":135994,"url":"https:\/\/www.wallendorff.com\/belogue\/2026\/04\/27\/pierres-belle-mare\/","url_meta":{"origin":10234,"position":1},"title":"Pierres, belle mare.","author":"dpc","date":"27 avril 2026","format":false,"excerpt":"Port de Montebello, Paris, 6 f\u00e9vrier 2026.","rel":"","context":"Dans &quot;DPC&quot;","block_context":{"text":"DPC","link":"https:\/\/www.wallendorff.com\/belogue\/category\/dpc\/"},"img":{"alt_text":"","src":"https:\/\/i0.wp.com\/www.wallendorff.com\/belogue\/wp-content\/uploads\/2026\/04\/20260427.jpg?resize=350%2C200&ssl=1","width":350,"height":200,"srcset":"https:\/\/i0.wp.com\/www.wallendorff.com\/belogue\/wp-content\/uploads\/2026\/04\/20260427.jpg?resize=350%2C200&ssl=1 1x, https:\/\/i0.wp.com\/www.wallendorff.com\/belogue\/wp-content\/uploads\/2026\/04\/20260427.jpg?resize=525%2C300&ssl=1 1.5x, https:\/\/i0.wp.com\/www.wallendorff.com\/belogue\/wp-content\/uploads\/2026\/04\/20260427.jpg?resize=700%2C400&ssl=1 2x"},"classes":[]},{"id":38054,"url":"https:\/\/www.wallendorff.com\/belogue\/2018\/04\/26\/la-casa-des-scalpels\/","url_meta":{"origin":10234,"position":2},"title":"La casa des scalpels.","author":"dpc","date":"26 avril 2018","format":false,"excerpt":"Rue d'Aubervilliers, Paris, 18 f\u00e9vrier. [Le titre ne colle pas avec la photo je sais mais je n'avais que \u00e7a sous la main alors bon.] Put Your Money on Me Arcade Fire","rel":"","context":"Dans &quot;DPC&quot;","block_context":{"text":"DPC","link":"https:\/\/www.wallendorff.com\/belogue\/category\/dpc\/"},"img":{"alt_text":"Rue d'Aubervilliers, Paris, 18 f\u00e9vrier 2018","src":"https:\/\/i0.wp.com\/www.wallendorff.com\/belogue\/wp-content\/uploads\/2018\/04\/20180426.jpg?resize=350%2C200&ssl=1","width":350,"height":200,"srcset":"https:\/\/i0.wp.com\/www.wallendorff.com\/belogue\/wp-content\/uploads\/2018\/04\/20180426.jpg?resize=350%2C200&ssl=1 1x, https:\/\/i0.wp.com\/www.wallendorff.com\/belogue\/wp-content\/uploads\/2018\/04\/20180426.jpg?resize=525%2C300&ssl=1 1.5x, https:\/\/i0.wp.com\/www.wallendorff.com\/belogue\/wp-content\/uploads\/2018\/04\/20180426.jpg?resize=700%2C400&ssl=1 2x"},"classes":[]},{"id":46887,"url":"https:\/\/www.wallendorff.com\/belogue\/2020\/10\/12\/vois-de-fer-poutre\/","url_meta":{"origin":10234,"position":3},"title":"Vois de fer\u00a0poutre.","author":"dpc","date":"12 octobre 2020","format":false,"excerpt":"Quai des Antilles, Nantes, 25 juillet 2020. ShapeSophie Hunger","rel":"","context":"Dans &quot;DPC&quot;","block_context":{"text":"DPC","link":"https:\/\/www.wallendorff.com\/belogue\/category\/dpc\/"},"img":{"alt_text":"","src":"https:\/\/i0.wp.com\/www.wallendorff.com\/belogue\/wp-content\/uploads\/2020\/10\/20201012.jpg?resize=350%2C200&ssl=1","width":350,"height":200,"srcset":"https:\/\/i0.wp.com\/www.wallendorff.com\/belogue\/wp-content\/uploads\/2020\/10\/20201012.jpg?resize=350%2C200&ssl=1 1x, https:\/\/i0.wp.com\/www.wallendorff.com\/belogue\/wp-content\/uploads\/2020\/10\/20201012.jpg?resize=525%2C300&ssl=1 1.5x, https:\/\/i0.wp.com\/www.wallendorff.com\/belogue\/wp-content\/uploads\/2020\/10\/20201012.jpg?resize=700%2C400&ssl=1 2x, https:\/\/i0.wp.com\/www.wallendorff.com\/belogue\/wp-content\/uploads\/2020\/10\/20201012.jpg?resize=1050%2C600&ssl=1 3x"},"classes":[]},{"id":46656,"url":"https:\/\/www.wallendorff.com\/belogue\/2020\/07\/31\/juillet-2020\/","url_meta":{"origin":10234,"position":4},"title":"Juillet 2020.","author":"dpc","date":"31 juillet 2020","format":false,"excerpt":"Un train, un pique-nique, une plage, un train, un anniversaire, un avion, un a\u00e9roport, un num\u00e9ro, un m\u00e9tro, un bateau, un parc, un tram, un ap\u00e9ro, un caf\u00e9, un a\u00e9roport, des avions, des nuages, un train, un mariage, un concert, un train, un ap\u00e9ro, une gare, un m\u00e9tro, un vide-grenier,\u2026","rel":"","context":"Dans &quot;Blog-note&quot;","block_context":{"text":"Blog-note","link":"https:\/\/www.wallendorff.com\/belogue\/category\/blog-note\/"},"img":{"alt_text":"","src":"https:\/\/i0.wp.com\/www.wallendorff.com\/belogue\/wp-content\/uploads\/2020\/09\/20200909-50.jpg?resize=350%2C200&ssl=1","width":350,"height":200,"srcset":"https:\/\/i0.wp.com\/www.wallendorff.com\/belogue\/wp-content\/uploads\/2020\/09\/20200909-50.jpg?resize=350%2C200&ssl=1 1x, https:\/\/i0.wp.com\/www.wallendorff.com\/belogue\/wp-content\/uploads\/2020\/09\/20200909-50.jpg?resize=525%2C300&ssl=1 1.5x, https:\/\/i0.wp.com\/www.wallendorff.com\/belogue\/wp-content\/uploads\/2020\/09\/20200909-50.jpg?resize=700%2C400&ssl=1 2x, https:\/\/i0.wp.com\/www.wallendorff.com\/belogue\/wp-content\/uploads\/2020\/09\/20200909-50.jpg?resize=1050%2C600&ssl=1 3x"},"classes":[]},{"id":40493,"url":"https:\/\/www.wallendorff.com\/belogue\/2018\/11\/19\/la-ou-le-babbesses\/","url_meta":{"origin":10234,"position":5},"title":"L\u00e0 o\u00f9 le b&rsquo;Abbesses.","author":"dpc","date":"19 novembre 2018","format":false,"excerpt":"Abbesses, comme la plupart des stations de l'ancienne compagnie Nord-Sud, comporte 8 grands panneaux de carrelage indiquant son nom.\u00a0\u00a0\u00a0\u00a0\u00a0 4 sur le quai en direction de Mairie d'Issy, du nord au sud\u00a0: \u00a0\u00a0\u00a0\u00a0\u00a0 \u00a0\u00a0\u00a0\u00a0\u00a0 Et 4 sur le quai en direction d'Aubervilliers, du nord au sud\u00a0:\u00a0\u00a0\u00a0\u00a0\u00a0 \u00a0\u00a0\u00a0\u00a0\u00a0 Vous avez remarqu\u00e9\u00a0?\u2026","rel":"","context":"Dans &quot;DPC&quot;","block_context":{"text":"DPC","link":"https:\/\/www.wallendorff.com\/belogue\/category\/dpc\/"},"img":{"alt_text":"","src":"https:\/\/i0.wp.com\/www.wallendorff.com\/belogue\/wp-content\/uploads\/2018\/11\/20181119.jpg?resize=350%2C200&ssl=1","width":350,"height":200,"srcset":"https:\/\/i0.wp.com\/www.wallendorff.com\/belogue\/wp-content\/uploads\/2018\/11\/20181119.jpg?resize=350%2C200&ssl=1 1x, https:\/\/i0.wp.com\/www.wallendorff.com\/belogue\/wp-content\/uploads\/2018\/11\/20181119.jpg?resize=525%2C300&ssl=1 1.5x, https:\/\/i0.wp.com\/www.wallendorff.com\/belogue\/wp-content\/uploads\/2018\/11\/20181119.jpg?resize=700%2C400&ssl=1 2x, https:\/\/i0.wp.com\/www.wallendorff.com\/belogue\/wp-content\/uploads\/2018\/11\/20181119.jpg?resize=1050%2C600&ssl=1 3x"},"classes":[]}],"_links":{"self":[{"href":"https:\/\/www.wallendorff.com\/belogue\/wp-json\/wp\/v2\/posts\/10234","targetHints":{"allow":["GET"]}}],"collection":[{"href":"https:\/\/www.wallendorff.com\/belogue\/wp-json\/wp\/v2\/posts"}],"about":[{"href":"https:\/\/www.wallendorff.com\/belogue\/wp-json\/wp\/v2\/types\/post"}],"author":[{"embeddable":true,"href":"https:\/\/www.wallendorff.com\/belogue\/wp-json\/wp\/v2\/users\/1"}],"replies":[{"embeddable":true,"href":"https:\/\/www.wallendorff.com\/belogue\/wp-json\/wp\/v2\/comments?post=10234"}],"version-history":[{"count":1,"href":"https:\/\/www.wallendorff.com\/belogue\/wp-json\/wp\/v2\/posts\/10234\/revisions"}],"predecessor-version":[{"id":18554,"href":"https:\/\/www.wallendorff.com\/belogue\/wp-json\/wp\/v2\/posts\/10234\/revisions\/18554"}],"wp:featuredmedia":[{"embeddable":true,"href":"https:\/\/www.wallendorff.com\/belogue\/wp-json\/wp\/v2\/media\/25984"}],"wp:attachment":[{"href":"https:\/\/www.wallendorff.com\/belogue\/wp-json\/wp\/v2\/media?parent=10234"}],"wp:term":[{"taxonomy":"category","embeddable":true,"href":"https:\/\/www.wallendorff.com\/belogue\/wp-json\/wp\/v2\/categories?post=10234"},{"taxonomy":"post_tag","embeddable":true,"href":"https:\/\/www.wallendorff.com\/belogue\/wp-json\/wp\/v2\/tags?post=10234"}],"curies":[{"name":"wp","href":"https:\/\/api.w.org\/{rel}","templated":true}]}}