{"id":1017,"date":"2007-08-17T09:35:32","date_gmt":"2007-08-17T09:35:32","guid":{"rendered":"http:\/\/www.po-l.com\/wordpress\/?p=1017"},"modified":"2012-04-30T14:21:05","modified_gmt":"2012-04-30T12:21:05","slug":"monter-vite-et-haut","status":"publish","type":"post","link":"https:\/\/www.wallendorff.com\/belogue\/2007\/08\/17\/monter-vite-et-haut\/","title":{"rendered":"Monter vite et haut."},"content":{"rendered":"<div id=\"photo\">\n<p><img decoding=\"async\" src=\"https:\/\/www.wallendorff.com\/belogue\/photo\/2007\/08\/20070817.jpg\" \/><br \/>\nGare de l&rsquo;Est, Paris, 28 juillet.<\/p>\n<\/div>\n<p style=\"text-align:right\">Il n&rsquo;est rien de plus po&eacute;tique que la ti&egrave;de mollesse d&rsquo;un stroopwafel chauffant patiemment au sommet de sa tasse de caf&eacute; matinale au fond d&rsquo;un bureau d&eacute;sert&eacute;, tandis qu&rsquo;au loin PJ Harvey vous fait de l&rsquo;&oelig;il de son sourire de craie.<\/p>\n<div id=\"bandeson\">\n<p><img decoding=\"async\" src=\"https:\/\/www.wallendorff.com\/belogue\/photo\/pochettes\/w\/wolf_parade-apologies_to_the_queen_mary.jpg\" align=\"left\" \/>&nbsp;<a href=\"http:\/\/www.myspace.com\/wolfparade\">Wolf Parade<\/a> &ndash; <em>Shine a Light<\/em><\/p>\n<\/p><\/div>\n","protected":false},"excerpt":{"rendered":"<p>Gare de l&rsquo;Est, Paris, 28 juillet. Il n&rsquo;est rien de plus po&eacute;tique que la ti&egrave;de mollesse d&rsquo;un stroopwafel chauffant patiemment au sommet de sa tasse de caf&eacute; matinale au fond d&rsquo;un bureau d&eacute;sert&eacute;, tandis qu&rsquo;au loin PJ Harvey vous fait de l&rsquo;&oelig;il de son sourire de craie. &nbsp;Wolf Parade &ndash; Shine a Light<\/p>\n","protected":false},"author":1,"featured_media":24947,"comment_status":"open","ping_status":"open","sticky":false,"template":"","format":"standard","meta":{"_acf_changed":false,"ngg_post_thumbnail":0,"jetpack_post_was_ever_published":false,"_jetpack_newsletter_access":"","_jetpack_dont_email_post_to_subs":false,"_jetpack_newsletter_tier_id":0,"_jetpack_memberships_contains_paywalled_content":false,"_jetpack_memberships_contains_paid_content":false,"footnotes":"","jetpack_publicize_message":"","jetpack_publicize_feature_enabled":true,"jetpack_social_post_already_shared":false,"jetpack_social_options":{"image_generator_settings":{"template":"highway","default_image_id":0,"font":"","enabled":false},"version":2}},"categories":[3],"tags":[10267,142,132,10320,10120,10247,982,10121,10098,2097,10450],"class_list":["post-1017","post","type-post","status-publish","format-standard","has-post-thumbnail","hentry","category-dpc","tag-10267","tag-ef-s-10-22-mm-f35-45-usm","tag-eos-20d","tag-escalator","tag-france","tag-gare","tag-gare-de-lest","tag-ile-de-france","tag-paris","tag-shine-a-light","tag-wolf-parade"],"acf":[],"geo":{"latitude":48.8768082,"longitude":2.3589866,"description":null},"jetpack_publicize_connections":[],"jetpack_featured_media_url":"https:\/\/www.wallendorff.com\/belogue\/wp-content\/uploads\/2015\/04\/200708171.jpg","jetpack_shortlink":"https:\/\/wp.me\/p3b35P-gp","jetpack_sharing_enabled":true,"jetpack-related-posts":[{"id":7841,"url":"https:\/\/www.wallendorff.com\/belogue\/2010\/07\/13\/tout-est-lustres-quallumaient-volutes-de-the\/","url_meta":{"origin":1017,"position":0},"title":"Tout est lustres qu&rsquo;allumaient volutes de th\u00e9.","author":"dpc","date":"13 juillet 2010","format":false,"excerpt":"Gare de l'Est, Paris, 6 juin. Merci la drogue. Merci. \u00a0Kasabian \u2013 Swarfiga","rel":"","context":"Dans &quot;DPC&quot;","block_context":{"text":"DPC","link":"https:\/\/www.wallendorff.com\/belogue\/category\/dpc\/"},"img":{"alt_text":"","src":"https:\/\/i0.wp.com\/www.wallendorff.com\/belogue\/wp-content\/uploads\/2015\/04\/201007131.jpg?resize=350%2C200&ssl=1","width":350,"height":200},"classes":[]},{"id":774,"url":"https:\/\/www.wallendorff.com\/belogue\/2006\/08\/28\/garde-leste\/","url_meta":{"origin":1017,"position":1},"title":"Garde leste.","author":"dpc","date":"28 ao\u00fbt 2006","format":false,"excerpt":"Gare de l'Est, Paris, 27 ao\u00fbt. J'aime paaaaaaaas les matiiins. \u00a0Thom Yorke \u2013 There There (live Bridge School Benefit 2002)","rel":"","context":"Dans &quot;DPC&quot;","block_context":{"text":"DPC","link":"https:\/\/www.wallendorff.com\/belogue\/category\/dpc\/"},"img":{"alt_text":"","src":"https:\/\/i0.wp.com\/www.wallendorff.com\/belogue\/wp-content\/uploads\/2015\/04\/200608281.jpg?resize=350%2C200&ssl=1","width":350,"height":200,"srcset":"https:\/\/i0.wp.com\/www.wallendorff.com\/belogue\/wp-content\/uploads\/2015\/04\/200608281.jpg?resize=350%2C200&ssl=1 1x, https:\/\/i0.wp.com\/www.wallendorff.com\/belogue\/wp-content\/uploads\/2015\/04\/200608281.jpg?resize=525%2C300&ssl=1 1.5x"},"classes":[]},{"id":131,"url":"https:\/\/www.wallendorff.com\/belogue\/2006\/04\/22\/train-train-hele-pis-carosse\/","url_meta":{"origin":1017,"position":2},"title":"Train, train h&eacute;l&eacute;, pis carosse&sup1;.","author":"dpc","date":"22 avril 2006","format":false,"excerpt":"Gare de l'Est, Paris, 15 avril. Et l\u00e0, tu vois, t'as envie d'enfiler un turban, de partir au Pakistan \u00e0 pied et d'aller \u00e9lever des meuh-meuhs sacr\u00e9es. Et puis finalement, non. \u00a0Eddie Vedder \/ Nusrat Fateh Ali Khan \u2013 The Long Road _____ 1 Avec 24 albums dans la s\u00e9rie,\u2026","rel":"","context":"Dans &quot;DPC&quot;","block_context":{"text":"DPC","link":"https:\/\/www.wallendorff.com\/belogue\/category\/dpc\/"},"img":{"alt_text":"","src":"https:\/\/i0.wp.com\/www.wallendorff.com\/belogue\/wp-content\/uploads\/2015\/04\/200604221.jpg?resize=350%2C200&ssl=1","width":350,"height":200},"classes":[]},{"id":6010,"url":"https:\/\/www.wallendorff.com\/belogue\/2010\/01\/12\/quivry-va-vers-a\/","url_meta":{"origin":1017,"position":3},"title":"Qu&rsquo;Ivry va vers, a.","author":"dpc","date":"12 janvier 2010","format":false,"excerpt":"Gare de l'Est, Paris, 15 d\u00e9cembre 2009. \u00a0Air Traffic \u2013 Your Fractured Life","rel":"","context":"Dans &quot;DPC&quot;","block_context":{"text":"DPC","link":"https:\/\/www.wallendorff.com\/belogue\/category\/dpc\/"},"img":{"alt_text":"","src":"https:\/\/i0.wp.com\/www.wallendorff.com\/belogue\/wp-content\/uploads\/2015\/04\/201001121.jpg?resize=350%2C200&ssl=1","width":350,"height":200},"classes":[]},{"id":12959,"url":"https:\/\/www.wallendorff.com\/belogue\/2011\/07\/01\/go-lete-go1\/","url_meta":{"origin":1017,"position":4},"title":"Go l&rsquo;\u00e9t\u00e9 go1.","author":"dpc","date":"1 juillet 2011","format":false,"excerpt":"Gare de l'Est, Paris, 4 juin. Franche-Comt\u00e9, rien n'est pardonn\u00e9. Und jetzt, nach Arras. \u00a0Fab Samperi \u2013 In the River _____ 1. Oui oui ce titre sonne comme la moiti\u00e9 des truites de Nicola Sirkis (l\u00e0 l\u00e0 l\u00e0 ou l\u00e0) mais on s'en fout personne ne fera gaffe.","rel":"","context":"Dans &quot;DPC&quot;","block_context":{"text":"DPC","link":"https:\/\/www.wallendorff.com\/belogue\/category\/dpc\/"},"img":{"alt_text":"","src":"https:\/\/i0.wp.com\/www.wallendorff.com\/belogue\/wp-content\/uploads\/2015\/04\/201107011.jpg?resize=350%2C200&ssl=1","width":350,"height":200},"classes":[]},{"id":150,"url":"https:\/\/www.wallendorff.com\/belogue\/2006\/05\/13\/soi-disant-partant\/","url_meta":{"origin":1017,"position":5},"title":"Soi disant partant.","author":"dpc","date":"13 mai 2006","format":false,"excerpt":"Gare de l'Est, Paris, 15 avril. Hum. J'ai de folles envies de train, moi, dis donc. [Et d'avion, n'en parlons m\u00eame pas, hein.] \u00a0The Warlocks \u2013 Come Save Us","rel":"","context":"Dans &quot;DPC&quot;","block_context":{"text":"DPC","link":"https:\/\/www.wallendorff.com\/belogue\/category\/dpc\/"},"img":{"alt_text":"","src":"https:\/\/i0.wp.com\/www.wallendorff.com\/belogue\/wp-content\/uploads\/2015\/04\/200605131.jpg?resize=350%2C200&ssl=1","width":350,"height":200},"classes":[]}],"_links":{"self":[{"href":"https:\/\/www.wallendorff.com\/belogue\/wp-json\/wp\/v2\/posts\/1017","targetHints":{"allow":["GET"]}}],"collection":[{"href":"https:\/\/www.wallendorff.com\/belogue\/wp-json\/wp\/v2\/posts"}],"about":[{"href":"https:\/\/www.wallendorff.com\/belogue\/wp-json\/wp\/v2\/types\/post"}],"author":[{"embeddable":true,"href":"https:\/\/www.wallendorff.com\/belogue\/wp-json\/wp\/v2\/users\/1"}],"replies":[{"embeddable":true,"href":"https:\/\/www.wallendorff.com\/belogue\/wp-json\/wp\/v2\/comments?post=1017"}],"version-history":[{"count":1,"href":"https:\/\/www.wallendorff.com\/belogue\/wp-json\/wp\/v2\/posts\/1017\/revisions"}],"predecessor-version":[{"id":17110,"href":"https:\/\/www.wallendorff.com\/belogue\/wp-json\/wp\/v2\/posts\/1017\/revisions\/17110"}],"wp:featuredmedia":[{"embeddable":true,"href":"https:\/\/www.wallendorff.com\/belogue\/wp-json\/wp\/v2\/media\/24947"}],"wp:attachment":[{"href":"https:\/\/www.wallendorff.com\/belogue\/wp-json\/wp\/v2\/media?parent=1017"}],"wp:term":[{"taxonomy":"category","embeddable":true,"href":"https:\/\/www.wallendorff.com\/belogue\/wp-json\/wp\/v2\/categories?post=1017"},{"taxonomy":"post_tag","embeddable":true,"href":"https:\/\/www.wallendorff.com\/belogue\/wp-json\/wp\/v2\/tags?post=1017"}],"curies":[{"name":"wp","href":"https:\/\/api.w.org\/{rel}","templated":true}]}}