{"id":1016,"date":"2007-08-16T14:31:38","date_gmt":"2007-08-16T14:31:38","guid":{"rendered":"http:\/\/www.po-l.com\/wordpress\/?p=1016"},"modified":"2012-04-30T14:17:30","modified_gmt":"2012-04-30T12:17:30","slug":"s-omme-de-crocs-mignons","status":"publish","type":"post","link":"https:\/\/www.wallendorff.com\/belogue\/2007\/08\/16\/s-omme-de-crocs-mignons\/","title":{"rendered":"[s]Omme de crocs mignons\u00b9."},"content":{"rendered":"\n<div id=\"photo\">\n<p><img decoding=\"async\" src=\"https:\/\/www.wallendorff.com\/belogue\/photo\/2007\/08\/20070816.jpg\" \/><br \/>\n          1<sup>e<\/sup> Weteringdwarsstraat, Amsterdam, 13 ao&ucirc;t.<\/p>\n<\/p><\/div>\n<p>Que je sois revenu [bien que pas parti longtemps] avec des photos [bien que bateau], des stroopwafels [bien que sucr&eacute;s],  une chouette &eacute;dition promo &agrave; 45&nbsp;&euro; de <em>Be Here Now<\/em> [bien que vide] et un cocasse <em>Office Space<\/em> [bien que bien], apr&egrave;s avoir vu la mer [bien que froide], des mus&eacute;es [bien que bond&eacute;s] et des restaurants [bien que pas de cuisine], on s&rsquo;en fout, parce que la vraie nouvelle qui tue du jour, c&rsquo;est plut&ocirc;t que l&rsquo;<\/p>\n<p style=\"text-align:center\"><strong><a href=\"http:\/\/www.blackrebelmotorcycleclub.com\">AMICALE DE MOTOCYCLETTE DES REBELLES NOIRS<\/a><\/strong><\/p>\n<p style=\"text-align:center\">est \u00e0<\/p>\n<p style=\"text-align:center\"><strong><a href=\"http:\/\/www.elyseemontmartre.com\/\">L&rsquo;\u00c9LYS\u00c9E-MONTMARTRE<\/a><\/strong><\/p>\n<p style=\"text-align:center\">de<\/p>\n<p style=\"text-align:center\"><strong><a href=\"http:\/\/www.paris.fr\">PARIS<\/a><\/strong><\/p>\n<p style=\"text-align:center\">le<\/p>\n<p style=\"text-align:center\"><strong><a href=\"http:\/\/fr.wikipedia.org\/wiki\/20_novembre\">20 NOVEMBRE<\/a><\/strong>.<\/p>\n<p style=\"text-align:right\">Vivement c&rsquo;t&rsquo;automne, tiens.<\/p>\n<div id=\"bandeson\">\n<p><img decoding=\"async\" src=\"https:\/\/www.wallendorff.com\/belogue\/photo\/pochettes\/d\/dandy_warhols_the-thirteen_tales_from_urban_bohemia.jpg\" align=\"left\" \/>&nbsp;<a href=\"http:\/\/www.dandywarhols.com\/\">The Dandy Warhols<\/a> &ndash; <em>Bohemian Like You<\/em><\/p>\n<\/p><\/div>\n<div id=\"bas_note\">\n<p>_____<\/p>\n<p><sup>1<\/sup> J&rsquo;ai longuement h\u00e9sit\u00e9 avec \u00ab&nbsp;Packs de six crocs&nbsp;\u00bb mais finalement, non.<\/p>\n<\/p><\/div>\n","protected":false},"excerpt":{"rendered":"<p>1e Weteringdwarsstraat, Amsterdam, 13 ao&ucirc;t. Que je sois revenu [bien que pas parti longtemps] avec des photos [bien que bateau], des stroopwafels [bien que sucr&eacute;s], une chouette &eacute;dition promo &agrave; 45&nbsp;&euro; de Be Here Now [bien que vide] et un cocasse Office Space [bien que bien], apr&egrave;s avoir vu la mer [bien que froide], des&hellip;<\/p>\n","protected":false},"author":1,"featured_media":24946,"comment_status":"open","ping_status":"open","sticky":false,"template":"","format":"standard","meta":{"_acf_changed":false,"ngg_post_thumbnail":0,"jetpack_post_was_ever_published":false,"_jetpack_newsletter_access":"","_jetpack_dont_email_post_to_subs":false,"_jetpack_newsletter_tier_id":0,"_jetpack_memberships_contains_paywalled_content":false,"_jetpack_memberships_contains_paid_content":false,"footnotes":"","jetpack_publicize_message":"","jetpack_publicize_feature_enabled":true,"jetpack_social_post_already_shared":false,"jetpack_social_options":{"image_generator_settings":{"template":"highway","default_image_id":0,"font":"","enabled":false},"version":2}},"categories":[3],"tags":[2094,711,10118,2095,132,4043,4048,10782,4040,10485,143,414,170,10179],"class_list":["post-1016","post","type-post","status-publish","format-standard","has-post-thumbnail","hentry","category-dpc","tag-1e-weteringdwarsstraat","tag-amsterdam","tag-black-rebel-motorcycle-club","tag-bohemian-like-you","tag-eos-20d","tag-centrum","tag-crochet","tag-facade","tag-hollande-septentrionale","tag-maison","tag-noir-et-blanc","tag-pays-bas","tag-sigma-70-300-mm-f4-56-dg-apo-macro","tag-the-dandy-warhols"],"acf":[],"geo":{"latitude":52.3618507,"longitude":4.8892593,"description":null},"jetpack_publicize_connections":[],"jetpack_featured_media_url":"https:\/\/www.wallendorff.com\/belogue\/wp-content\/uploads\/2015\/04\/200708161.jpg","jetpack_shortlink":"https:\/\/wp.me\/p3b35P-go","jetpack_sharing_enabled":true,"jetpack-related-posts":[{"id":326,"url":"https:\/\/www.wallendorff.com\/belogue\/2005\/07\/04\/i-m-siiiiiiiiiiiiiitting-in-the-raiiiiiiiin\/","url_meta":{"origin":1016,"position":0},"title":"I&rsquo;m siiiiiiiiiiiiiitting in the raiiiiiiiin.","author":"dpc","date":"4 juillet 2005","format":false,"excerpt":"Avenue des Champs-\u00c9lys\u00e9es, Paris, 30 juin. Bien\u00a0: Belfort. Ce week-end1. Pas bien\u00a0: 5 filles qui causent de probl\u00e8mes dentaires infantiles, de Kangoos repli\u00e9s \u00e0 des feux rouges et de compte-rendus du concert fabuleux de Calogero samedi \u00e0 Versailles. Au secours, la beaufitude me guette. Bien\u00a0: Un mini-disc pour couvrir tout\u2026","rel":"","context":"Dans &quot;DPC&quot;","block_context":{"text":"DPC","link":"https:\/\/www.wallendorff.com\/belogue\/category\/dpc\/"},"img":{"alt_text":"","src":"https:\/\/i0.wp.com\/www.wallendorff.com\/belogue\/wp-content\/uploads\/2015\/04\/200507041.jpg?resize=350%2C200&ssl=1","width":350,"height":200},"classes":[]},{"id":8180,"url":"https:\/\/www.wallendorff.com\/belogue\/2010\/08\/26\/capitaine-flemme\/","url_meta":{"origin":1016,"position":1},"title":"Capitaine Flemme.","author":"dpc","date":"26 ao\u00fbt 2010","format":false,"excerpt":"Magna Plaza, Amsterdam, 19 juillet. Ce soir-l\u00e0, en premi\u00e8re partie des Subways, The Temper Trap avait fait bonne impression, tr\u00e8s bonne m\u00eame, \u2015\u00a0bien meilleure que celle laiss\u00e9e par les \u00e9pouvantables Montgomery\u00a0\u2015 mais l'ambiance \u00e9tait rest\u00e9e assez ti\u00e8de, ce qui arrive couramment quand on ne conna\u00eet pas vraiment un groupe et\u2026","rel":"","context":"Dans &quot;DPC&quot;","block_context":{"text":"DPC","link":"https:\/\/www.wallendorff.com\/belogue\/category\/dpc\/"},"img":{"alt_text":"","src":"https:\/\/i0.wp.com\/www.wallendorff.com\/belogue\/wp-content\/uploads\/2015\/04\/201008261.jpg?resize=350%2C200&ssl=1","width":350,"height":200,"srcset":"https:\/\/i0.wp.com\/www.wallendorff.com\/belogue\/wp-content\/uploads\/2015\/04\/201008261.jpg?resize=350%2C200&ssl=1 1x, https:\/\/i0.wp.com\/www.wallendorff.com\/belogue\/wp-content\/uploads\/2015\/04\/201008261.jpg?resize=525%2C300&ssl=1 1.5x, https:\/\/i0.wp.com\/www.wallendorff.com\/belogue\/wp-content\/uploads\/2015\/04\/201008261.jpg?resize=700%2C400&ssl=1 2x"},"classes":[]},{"id":372,"url":"https:\/\/www.wallendorff.com\/belogue\/2005\/05\/20\/saine-rigole-plut\/","url_meta":{"origin":1016,"position":2},"title":"Saine rigole plut\u00b9.","author":"dpc","date":"20 mai 2005","format":false,"excerpt":"Square Vermenouze, Paris, 15 mai. \u00c0 la demande g\u00e9n\u00e9rale de SweetJane, je me plie \u00e0 mon tour au p\u00e9rilleux exercice de d\u00e9voilage des mes go\u00fbts litt\u00e9raires. Attention, je pr\u00e9f\u00e8re toutefois vous pr\u00e9venir\u00a0: comme lecteur, je suis un gros naze. Pas que j'aime pas \u00e7a, hein, mais j'ai rarement le temps.\u2026","rel":"","context":"Dans &quot;DPC&quot;","block_context":{"text":"DPC","link":"https:\/\/www.wallendorff.com\/belogue\/category\/dpc\/"},"img":{"alt_text":"","src":"https:\/\/i0.wp.com\/www.wallendorff.com\/belogue\/wp-content\/uploads\/2015\/04\/20050520-21.jpg?resize=350%2C200&ssl=1","width":350,"height":200},"classes":[]},{"id":1126,"url":"https:\/\/www.wallendorff.com\/belogue\/2008\/01\/02\/space-mot-keys-16\/","url_meta":{"origin":1016,"position":3},"title":"Space mot-keys #16.","author":"dpc","date":"2 janvier 2008","format":false,"excerpt":"ize proude tou pr\u00e9sente Top 5 23 \u00a016 2e rang de la recherche Gougle associ\u00e9e. \u00c7a explique des trucs. \u00a015 \u00a010 \u00a0\u00a06 Y a carr\u00e9ment des sous \u00e0 faire en d\u00e9posant le nom, dis donc. Nos amis les champignons Faisons-le en liste, \u00e7a ira plus vite\u00a0: H\u00e9h\u00e9h\u00e9h\u00e9 \u00a0 Je m'en\u2026","rel":"","context":"Dans &quot;Space mots-keys&quot;","block_context":{"text":"Space mots-keys","link":"https:\/\/www.wallendorff.com\/belogue\/category\/space-mots-keys\/"},"img":{"alt_text":"","src":"https:\/\/i0.wp.com\/www.wallendorff.com\/belogue\/photo\/2008\/01\/spm\/01.gif?resize=350%2C200","width":350,"height":200},"classes":[]},{"id":831,"url":"https:\/\/www.wallendorff.com\/belogue\/2006\/11\/18\/wolfmother-l-elysee-montmartre-paris\/","url_meta":{"origin":1016,"position":4},"title":"Wolfmother @ l&rsquo;\u00c9lys\u00e9e-Montmartre, Paris.","author":"dpc","date":"18 novembre 2006","format":false,"excerpt":"Gros papier sur les reformations ce mois-ci dans Rock n'Fluque. Foutrement bien \u00e9crit, d'ailleurs. Et terriblement juste. En substance, \u00e7a cherche \u00e0 comprendre pourquoi on y souscrit, pourquoi on va voir des ombres survivantes de combos morts et enterr\u00e9s \u2015\u00a0au figur\u00e9 et souvent m\u00eame au propre\u00a0\u2015 s'approprier leur nom et\u2026","rel":"","context":"Dans &quot;Alive&quot;","block_context":{"text":"Alive","link":"https:\/\/www.wallendorff.com\/belogue\/category\/alive\/"},"img":{"alt_text":"","src":"https:\/\/i0.wp.com\/www.wallendorff.com\/belogue\/wp-content\/uploads\/2015\/04\/200611181.jpg?resize=350%2C200&ssl=1","width":350,"height":200},"classes":[]},{"id":734,"url":"https:\/\/www.wallendorff.com\/belogue\/2004\/07\/14\/the-wheel-on-my-back-larval-hairshirt-lager-house-detroit\/","url_meta":{"origin":1016,"position":5},"title":"The Wheel on My Back + Larval + Hairshirt @ Lager House, D\u00e9troit.","author":"dpc","date":"14 juillet 2004","format":false,"excerpt":"Bill est un mec bien, et son groupe Larval toujours sympa \u00e0 voir. C'est tr\u00e8s exp\u00e9rimental, oppressant mais m\u00e9lodique. \u00c0 la base c'est pas ma tasse de th\u00e9, mais comme \u00e7a de temps en temps, ouais, j'aime bien. Et tous ces mecs \u00e9taient cools, en plus. Des musiciens \u00e0 fond\u2026","rel":"","context":"Dans &quot;Alive&quot;","block_context":{"text":"Alive","link":"https:\/\/www.wallendorff.com\/belogue\/category\/alive\/"},"img":{"alt_text":"","src":"https:\/\/i0.wp.com\/www.wallendorff.com\/belogue\/wp-content\/uploads\/2015\/04\/236.jpg?resize=350%2C200&ssl=1","width":350,"height":200},"classes":[]}],"_links":{"self":[{"href":"https:\/\/www.wallendorff.com\/belogue\/wp-json\/wp\/v2\/posts\/1016","targetHints":{"allow":["GET"]}}],"collection":[{"href":"https:\/\/www.wallendorff.com\/belogue\/wp-json\/wp\/v2\/posts"}],"about":[{"href":"https:\/\/www.wallendorff.com\/belogue\/wp-json\/wp\/v2\/types\/post"}],"author":[{"embeddable":true,"href":"https:\/\/www.wallendorff.com\/belogue\/wp-json\/wp\/v2\/users\/1"}],"replies":[{"embeddable":true,"href":"https:\/\/www.wallendorff.com\/belogue\/wp-json\/wp\/v2\/comments?post=1016"}],"version-history":[{"count":1,"href":"https:\/\/www.wallendorff.com\/belogue\/wp-json\/wp\/v2\/posts\/1016\/revisions"}],"predecessor-version":[{"id":17109,"href":"https:\/\/www.wallendorff.com\/belogue\/wp-json\/wp\/v2\/posts\/1016\/revisions\/17109"}],"wp:featuredmedia":[{"embeddable":true,"href":"https:\/\/www.wallendorff.com\/belogue\/wp-json\/wp\/v2\/media\/24946"}],"wp:attachment":[{"href":"https:\/\/www.wallendorff.com\/belogue\/wp-json\/wp\/v2\/media?parent=1016"}],"wp:term":[{"taxonomy":"category","embeddable":true,"href":"https:\/\/www.wallendorff.com\/belogue\/wp-json\/wp\/v2\/categories?post=1016"},{"taxonomy":"post_tag","embeddable":true,"href":"https:\/\/www.wallendorff.com\/belogue\/wp-json\/wp\/v2\/tags?post=1016"}],"curies":[{"name":"wp","href":"https:\/\/api.w.org\/{rel}","templated":true}]}}