{"id":10157,"date":"2010-12-01T09:00:45","date_gmt":"2010-12-01T08:00:45","guid":{"rendered":"http:\/\/www.po-l.com\/belogue\/?p=10157"},"modified":"2012-01-12T14:51:55","modified_gmt":"2012-01-12T12:51:55","slug":"tomes-egeries","status":"publish","type":"post","link":"https:\/\/www.wallendorff.com\/belogue\/2010\/12\/01\/tomes-egeries\/","title":{"rendered":"Tomes-\u00e9g\u00e9ries."},"content":{"rendered":"\n<div id=\"photo\">\n<p><img decoding=\"async\" src=\"https:\/\/www.wallendorff.com\/belogue\/photo\/2010\/12\/20101201.jpg\" \/><br \/>\nBiblioth&egrave;que des Amis de l&rsquo;Instruction, Paris, 18 septembre.<\/p>\n<\/p><\/div>\n<p align=\"right\">La biblioth&egrave;que des Amis de l&rsquo;Instruction, &eacute;quivalent francophone de Shakespeare &amp; Co., &agrave; part qu&rsquo;on n&rsquo;y vend rien et qu&rsquo;on ne peut y entrer tous les jours, mais vaut tout autant le d\u00e9tour. Si vous le pouvez, <a href=\"http:\/\/bai.asso.fr\/\">allez-y<\/a>.<\/p>\n<div id=\"bandeson\">\n<p><img decoding=\"async\" src=\"https:\/\/www.wallendorff.com\/belogue\/photo\/pochettes\/h\/head_and_the_heart_the-the_head_and_the_heart.jpg\" align=\"left\" \/><a href=\"http:\/\/www.theheadandtheheart.com\/\">The Head and the Heart<\/a> &ndash; <em>Down in the Valley<\/em><\/p>\n<\/p><\/div>\n","protected":false},"excerpt":{"rendered":"<p>Biblioth&egrave;que des Amis de l&rsquo;Instruction, Paris, 18 septembre. La biblioth&egrave;que des Amis de l&rsquo;Instruction, &eacute;quivalent francophone de Shakespeare &amp; Co., &agrave; part qu&rsquo;on n&rsquo;y vend rien et qu&rsquo;on ne peut y entrer tous les jours, mais vaut tout autant le d\u00e9tour. Si vous le pouvez, allez-y. The Head and the Heart &ndash; Down in the&hellip;<\/p>\n","protected":false},"author":1,"featured_media":25980,"comment_status":"open","ping_status":"open","sticky":false,"template":"","format":"standard","meta":{"_acf_changed":false,"ngg_post_thumbnail":0,"jetpack_post_was_ever_published":false,"_jetpack_newsletter_access":"","_jetpack_dont_email_post_to_subs":false,"_jetpack_newsletter_tier_id":0,"_jetpack_memberships_contains_paywalled_content":false,"_jetpack_memberships_contains_paid_content":false,"footnotes":"","jetpack_publicize_message":"","jetpack_publicize_feature_enabled":true,"jetpack_social_post_already_shared":false,"jetpack_social_options":{"image_generator_settings":{"template":"highway","default_image_id":0,"font":"","enabled":false},"version":2}},"categories":[3],"tags":[10336,10597,4480,2571,2615,10240,4482,10120,10121,10706,10323,143,10098,3771,10334,10831,1150],"class_list":["post-10157","post","type-post","status-publish","format-standard","has-post-thumbnail","hentry","category-dpc","tag-10336","tag-bibliotheque","tag-bibliotheque-des-amis-de-linstruction","tag-ef-16-35-mm-f28l-ii-usm","tag-eos-5d-mark-ii","tag-chaises","tag-down-in-the-valley","tag-france","tag-ile-de-france","tag-librairie","tag-livres","tag-noir-et-blanc","tag-paris","tag-rue-de-turenne","tag-table","tag-the-head-and-the-heart","tag-vieux"],"acf":[],"geo":{"latitude":48.8586197,"longitude":2.3646381,"description":"54 Rue de Turenne, 75003 Paris, France"},"jetpack_publicize_connections":[],"jetpack_featured_media_url":"https:\/\/www.wallendorff.com\/belogue\/wp-content\/uploads\/2015\/04\/201012011.jpg","jetpack_shortlink":"https:\/\/wp.me\/p3b35P-2DP","jetpack_sharing_enabled":true,"jetpack-related-posts":[{"id":133768,"url":"https:\/\/www.wallendorff.com\/belogue\/2025\/09\/09\/into-the-wide-293-296\/","url_meta":{"origin":10157,"position":0},"title":"Into the wide #293 \u2013 296.","author":"dpc","date":"9 septembre 2025","format":false,"excerpt":"Biblioth\u00e8que de l'Assembl\u00e9e nationale, Paris, 5 mai 2025.","rel":"","context":"Dans &quot;DPC&quot;","block_context":{"text":"DPC","link":"https:\/\/www.wallendorff.com\/belogue\/category\/dpc\/"},"img":{"alt_text":"","src":"https:\/\/i0.wp.com\/www.wallendorff.com\/belogue\/wp-content\/uploads\/2025\/09\/20250909-01.jpg?resize=350%2C200&ssl=1","width":350,"height":200,"srcset":"https:\/\/i0.wp.com\/www.wallendorff.com\/belogue\/wp-content\/uploads\/2025\/09\/20250909-01.jpg?resize=350%2C200&ssl=1 1x, https:\/\/i0.wp.com\/www.wallendorff.com\/belogue\/wp-content\/uploads\/2025\/09\/20250909-01.jpg?resize=525%2C300&ssl=1 1.5x, https:\/\/i0.wp.com\/www.wallendorff.com\/belogue\/wp-content\/uploads\/2025\/09\/20250909-01.jpg?resize=700%2C400&ssl=1 2x, https:\/\/i0.wp.com\/www.wallendorff.com\/belogue\/wp-content\/uploads\/2025\/09\/20250909-01.jpg?resize=1050%2C600&ssl=1 3x"},"classes":[]},{"id":1687,"url":"https:\/\/www.wallendorff.com\/belogue\/2008\/08\/11\/graisse-a-nattes-honnie\/","url_meta":{"origin":10157,"position":1},"title":"Graisse \u00e0 nattes honnie.","author":"dpc","date":"11 ao\u00fbt 2008","format":false,"excerpt":"Station Tr\u00e8s Grosse Biblioth\u00e8que, Paris, 12 juilllet. Foals \u2013 Big Big Love (Fig. 2) [Foals sont d\u00e9cid\u00e9ment bien partis pour emporter le grand prix de la pochette la plus repoussante de l'ann\u00e9e, quand m\u00eame.] The Go, nos amis \u00e9nerv\u00e9s de D\u00e9troit bien connus pour avoir port\u00e9 en leur sein le\u2026","rel":"","context":"Dans &quot;DPC&quot;","block_context":{"text":"DPC","link":"https:\/\/www.wallendorff.com\/belogue\/category\/dpc\/"},"img":{"alt_text":"","src":"https:\/\/i0.wp.com\/www.wallendorff.com\/belogue\/wp-content\/uploads\/2015\/04\/200808111.jpg?resize=350%2C200&ssl=1","width":350,"height":200},"classes":[]},{"id":18663,"url":"https:\/\/www.wallendorff.com\/belogue\/2012\/08\/16\/dans-la-bibliotheque-avec-le-chandelier\/","url_meta":{"origin":10157,"position":2},"title":"Dans la biblioth\u00e8que [avec le chandelier].","author":"dpc","date":"16 ao\u00fbt 2012","format":false,"excerpt":"Shakespeare & Co., Paris, 7 juin. Frightened Rabbit \u2013 Not Miserable","rel":"","context":"Dans &quot;DPC&quot;","block_context":{"text":"DPC","link":"https:\/\/www.wallendorff.com\/belogue\/category\/dpc\/"},"img":{"alt_text":"","src":"https:\/\/i0.wp.com\/www.wallendorff.com\/belogue\/wp-content\/uploads\/2015\/04\/201208161.jpg?resize=350%2C200&ssl=1","width":350,"height":200,"srcset":"https:\/\/i0.wp.com\/www.wallendorff.com\/belogue\/wp-content\/uploads\/2015\/04\/201208161.jpg?resize=350%2C200&ssl=1 1x, https:\/\/i0.wp.com\/www.wallendorff.com\/belogue\/wp-content\/uploads\/2015\/04\/201208161.jpg?resize=525%2C300&ssl=1 1.5x, https:\/\/i0.wp.com\/www.wallendorff.com\/belogue\/wp-content\/uploads\/2015\/04\/201208161.jpg?resize=700%2C400&ssl=1 2x"},"classes":[]},{"id":23906,"url":"https:\/\/www.wallendorff.com\/belogue\/2015\/03\/24\/into-the-wide-40\/","url_meta":{"origin":10157,"position":3},"title":"Into the wide #42.","author":"dpc","date":"24 mars 2015","format":false,"excerpt":"Tr\u00e8s grosse biblioth\u00e8que, Paris, 8 f\u00e9vrier. En plus grand sur 500px, si jamais. River Lea Nick Mulvey","rel":"","context":"Dans &quot;Into the wide&quot;","block_context":{"text":"Into the wide","link":"https:\/\/www.wallendorff.com\/belogue\/category\/into-the-wide\/"},"img":{"alt_text":"","src":"https:\/\/i0.wp.com\/www.wallendorff.com\/belogue\/wp-content\/uploads\/2015\/04\/201503241.jpg?resize=350%2C200&ssl=1","width":350,"height":200,"srcset":"https:\/\/i0.wp.com\/www.wallendorff.com\/belogue\/wp-content\/uploads\/2015\/04\/201503241.jpg?resize=350%2C200&ssl=1 1x, https:\/\/i0.wp.com\/www.wallendorff.com\/belogue\/wp-content\/uploads\/2015\/04\/201503241.jpg?resize=525%2C300&ssl=1 1.5x, https:\/\/i0.wp.com\/www.wallendorff.com\/belogue\/wp-content\/uploads\/2015\/04\/201503241.jpg?resize=700%2C400&ssl=1 2x, https:\/\/i0.wp.com\/www.wallendorff.com\/belogue\/wp-content\/uploads\/2015\/04\/201503241.jpg?resize=1050%2C600&ssl=1 3x"},"classes":[]},{"id":9568,"url":"https:\/\/www.wallendorff.com\/belogue\/2010\/09\/27\/loeil-du-six-colonnes\/","url_meta":{"origin":10157,"position":4},"title":"\u0152il de six colonnes.","author":"dpc","date":"27 septembre 2010","format":false,"excerpt":"Biblioth\u00e8que Mazarine, Paris, 30 juillet. \u00a0Thunderbirds Are Now! \u2013 We Win (Ah Ah)","rel":"","context":"Dans &quot;DPC&quot;","block_context":{"text":"DPC","link":"https:\/\/www.wallendorff.com\/belogue\/category\/dpc\/"},"img":{"alt_text":"","src":"https:\/\/i0.wp.com\/www.wallendorff.com\/belogue\/wp-content\/uploads\/2015\/04\/201009271.jpg?resize=350%2C200&ssl=1","width":350,"height":200},"classes":[]},{"id":3948,"url":"https:\/\/www.wallendorff.com\/belogue\/2009\/02\/25\/gooood-mourning-vieilles-dames\/","url_meta":{"origin":10157,"position":5},"title":"Gooood mourning vieilles dames.","author":"dpc","date":"25 f\u00e9vrier 2009","format":false,"excerpt":"Tr\u00e8s Grosse Biblioth\u00e8que, Paris, 17 janvier. \u00a0Editors \u2013 Lullaby (The Cure cover)","rel":"","context":"Dans &quot;DPC&quot;","block_context":{"text":"DPC","link":"https:\/\/www.wallendorff.com\/belogue\/category\/dpc\/"},"img":{"alt_text":"","src":"https:\/\/i0.wp.com\/www.wallendorff.com\/belogue\/wp-content\/uploads\/2015\/04\/200902251.jpg?resize=350%2C200&ssl=1","width":350,"height":200},"classes":[]}],"_links":{"self":[{"href":"https:\/\/www.wallendorff.com\/belogue\/wp-json\/wp\/v2\/posts\/10157","targetHints":{"allow":["GET"]}}],"collection":[{"href":"https:\/\/www.wallendorff.com\/belogue\/wp-json\/wp\/v2\/posts"}],"about":[{"href":"https:\/\/www.wallendorff.com\/belogue\/wp-json\/wp\/v2\/types\/post"}],"author":[{"embeddable":true,"href":"https:\/\/www.wallendorff.com\/belogue\/wp-json\/wp\/v2\/users\/1"}],"replies":[{"embeddable":true,"href":"https:\/\/www.wallendorff.com\/belogue\/wp-json\/wp\/v2\/comments?post=10157"}],"version-history":[{"count":1,"href":"https:\/\/www.wallendorff.com\/belogue\/wp-json\/wp\/v2\/posts\/10157\/revisions"}],"predecessor-version":[{"id":15330,"href":"https:\/\/www.wallendorff.com\/belogue\/wp-json\/wp\/v2\/posts\/10157\/revisions\/15330"}],"wp:featuredmedia":[{"embeddable":true,"href":"https:\/\/www.wallendorff.com\/belogue\/wp-json\/wp\/v2\/media\/25980"}],"wp:attachment":[{"href":"https:\/\/www.wallendorff.com\/belogue\/wp-json\/wp\/v2\/media?parent=10157"}],"wp:term":[{"taxonomy":"category","embeddable":true,"href":"https:\/\/www.wallendorff.com\/belogue\/wp-json\/wp\/v2\/categories?post=10157"},{"taxonomy":"post_tag","embeddable":true,"href":"https:\/\/www.wallendorff.com\/belogue\/wp-json\/wp\/v2\/tags?post=10157"}],"curies":[{"name":"wp","href":"https:\/\/api.w.org\/{rel}","templated":true}]}}