{"id":101,"date":"2006-03-15T00:37:55","date_gmt":"2006-03-15T00:37:55","guid":{"rendered":"http:\/\/www.po-l.com\/wordpress\/?p=101"},"modified":"2012-01-30T13:41:57","modified_gmt":"2012-01-30T11:41:57","slug":"sens-londres-d-un-doux-the","status":"publish","type":"post","link":"https:\/\/www.wallendorff.com\/belogue\/2006\/03\/15\/sens-londres-d-un-doux-the\/","title":{"rendered":"Sens Londres d&rsquo;un doux the\u00b9."},"content":{"rendered":"<div id=\"photo\">\n<p><img decoding=\"async\" src=\"http:\/\/www.po-L.com\/belogue\/photo\/2006\/03\/20060314.jpg\" \/><br \/>\n    Whichcote St. (sans blague&nbsp;?), Londres, 3 mars, 16h05.<\/p>\n<\/div>\n<p>J&rsquo;avais perdu J&eacute;r&ocirc;me Colin, disparu de <a href=\"http:\/\/www.purefm.be\">Pure FM<\/a> sans laisser de trace, et l&agrave; cool, merci gougueule, le revoil&agrave; sur <a href=\"http:\/\/vox.skynetblogs.be\">Vox<\/a>, un audio-bel&ouml;gue sympa sorti de nulle part, sur lequel chaque semaine on a droit &agrave; une heure d&rsquo;interviews et de sessions acoustiques.<\/p>\n<p>Cette semaine c&rsquo;&eacute;tait Two Gallants, un truc que je connaissais pas du tout, et qui pulse &agrave; fond. Allez-y l&rsquo;&eacute;couter, &ccedil;a fera plaisir &agrave; J&eacute;r&ocirc;me.<\/p>\n<div id=\"bandeson\">\n<p><img decoding=\"async\" src=\"https:\/\/www.wallendorff.com\/belogue\/photo\/pochettes\/blank.jpg\" align=\"left\" \/>&nbsp;<a href=\"http:\/\/www.twogallants.com\">Two Gallants<\/a> &ndash; <em>Long Summer Day<\/em> (acoustic)<\/p>\n<\/div>\n<p>_____<\/p>\n<div id=\"bas_note\">\n<p><sup>1<\/sup> &copy; 2006 <a href=\"http:\/\/www.20six.fr\/ascenseur\">Frall<\/a>. Yeah.<\/p>\n<\/div>\n","protected":false},"excerpt":{"rendered":"<p>Whichcote St. (sans blague&nbsp;?), Londres, 3 mars, 16h05. J&rsquo;avais perdu J&eacute;r&ocirc;me Colin, disparu de Pure FM sans laisser de trace, et l&agrave; cool, merci gougueule, le revoil&agrave; sur Vox, un audio-bel&ouml;gue sympa sorti de nulle part, sur lequel chaque semaine on a droit &agrave; une heure d&rsquo;interviews et de sessions acoustiques. Cette semaine c&rsquo;&eacute;tait Two&hellip;<\/p>\n","protected":false},"author":1,"featured_media":24035,"comment_status":"closed","ping_status":"closed","sticky":false,"template":"","format":"standard","meta":{"_acf_changed":false,"ngg_post_thumbnail":0,"jetpack_post_was_ever_published":false,"_jetpack_newsletter_access":"","_jetpack_dont_email_post_to_subs":false,"_jetpack_newsletter_tier_id":0,"_jetpack_memberships_contains_paywalled_content":false,"_jetpack_memberships_contains_paid_content":false,"footnotes":"","jetpack_publicize_message":"","jetpack_publicize_feature_enabled":true,"jetpack_social_post_already_shared":false,"jetpack_social_options":{"image_generator_settings":{"template":"highway","default_image_id":0,"font":"","enabled":false},"version":2}},"categories":[3],"tags":[5542,5541,132,179,5539,10341,1514,10229,143,10104,98,10342,173,10379,180,1512],"class_list":["post-101","post","type-post","status-publish","format-standard","has-post-thumbnail","hentry","category-dpc","tag-16h05","tag-3-mars","tag-eos-20d","tag-jerome-colin","tag-lambeth","tag-londres","tag-long-summer-day","tag-mur","tag-noir-et-blanc","tag-panneau","tag-pure-fm","tag-royaume-uni","tag-sigma-28-70-mm-f28-dg-ex","tag-two-gallants","tag-vox","tag-whichcote-street"],"acf":[],"geo":{"latitude":51.5040932,"longitude":-0.1134306,"description":null},"jetpack_publicize_connections":[],"jetpack_featured_media_url":"https:\/\/www.wallendorff.com\/belogue\/wp-content\/uploads\/2015\/04\/200603141.jpg","jetpack_shortlink":"https:\/\/wp.me\/p3b35P-1D","jetpack_sharing_enabled":true,"jetpack-related-posts":[{"id":1381,"url":"https:\/\/www.wallendorff.com\/belogue\/2006\/06\/30\/und-jetzt-nach-belfort-2\/","url_meta":{"origin":101,"position":0},"title":"Und Jetzt, Nach Belfort.","author":"dpc","date":"30 juin 2006","format":false,"excerpt":"Bus nonante-six, Paris, 23 juin. Comme Meg White, moi aussi je me teins en blonde pour ne pas qu'on me reconnaisse, je l\u00e8ve les bras bien haut et allez, c'est parti, demain je retourne \u00e0 Memphis sur l'autoroute 61, oui madame, oui madame, oui madame, ou \u00e0 d\u00e9faut \u00e0 Belfort\u2026","rel":"","context":"Dans &quot;DPC&quot;","block_context":{"text":"DPC","link":"https:\/\/www.wallendorff.com\/belogue\/category\/dpc\/"},"img":{"alt_text":"","src":"https:\/\/i0.wp.com\/www.wallendorff.com\/belogue\/wp-content\/uploads\/2015\/04\/200606301.jpg?resize=350%2C200&ssl=1","width":350,"height":200},"classes":[]},{"id":496,"url":"https:\/\/www.wallendorff.com\/belogue\/2005\/01\/17\/previously-unreleased-1\/","url_meta":{"origin":101,"position":1},"title":"Previously unreleased #11","author":"dpc","date":"17 janvier 2005","format":false,"excerpt":"The Used, Cobo Arena, 1er d\u00e9cembre 2004. \u00a022-20s \u2013 Shoot Your Gun [\/Edit\u00a0: Pour ceux qui aiment, Ghinzu en interview + session acoustique dans Le Buzz de J\u00e9r\u00f4me Colin sur Pure FM demain, entre 17 et 18h.] _____ 1 Concept et titre scandaleusement repomp\u00e9s ici.","rel":"","context":"Dans &quot;Previously unreleased&quot;","block_context":{"text":"Previously unreleased","link":"https:\/\/www.wallendorff.com\/belogue\/category\/previously-unreleased\/"},"img":{"alt_text":"","src":"https:\/\/i0.wp.com\/www.wallendorff.com\/belogue\/wp-content\/uploads\/2015\/04\/20050117-theused1.jpg?resize=350%2C200&ssl=1","width":350,"height":200},"classes":[]},{"id":19926,"url":"https:\/\/www.wallendorff.com\/belogue\/2012\/12\/28\/2012-en-3\/","url_meta":{"origin":101,"position":2},"title":"2012 en&#8230; #3.","author":"dpc","date":"28 d\u00e9cembre 2012","format":false,"excerpt":"pr\u00e9sente 2012 en 10 concerts pas oubliables. Oui c'est la m\u00eame qu'en 2010 mais faut me comprendre, aussi\u00a0: Avec ce concert, j'aurai tout v\u00e9cu\u00a0: l'accr\u00e9ditation-surprise, l'affaire de l'Italien et le m\u00e9diator de Mike McCready, l'aller-retour \u00e9clair sur la sc\u00e8ne d'\u00e0 c\u00f4t\u00e9 pour faire 3 photos de The Rapture, le retour\u2026","rel":"","context":"Dans &quot;Alive&quot;","block_context":{"text":"Alive","link":"https:\/\/www.wallendorff.com\/belogue\/category\/alive\/"},"img":{"alt_text":"","src":"https:\/\/i0.wp.com\/www.wallendorff.com\/belogue\/wp-content\/uploads\/2015\/04\/201212281.jpg?resize=350%2C200&ssl=1","width":350,"height":200,"srcset":"https:\/\/i0.wp.com\/www.wallendorff.com\/belogue\/wp-content\/uploads\/2015\/04\/201212281.jpg?resize=350%2C200&ssl=1 1x, https:\/\/i0.wp.com\/www.wallendorff.com\/belogue\/wp-content\/uploads\/2015\/04\/201212281.jpg?resize=525%2C300&ssl=1 1.5x, https:\/\/i0.wp.com\/www.wallendorff.com\/belogue\/wp-content\/uploads\/2015\/04\/201212281.jpg?resize=700%2C400&ssl=1 2x"},"classes":[]},{"id":1093,"url":"https:\/\/www.wallendorff.com\/belogue\/2007\/11\/27\/two-gallants-la-maroquinerie-paris\/","url_meta":{"origin":101,"position":3},"title":"Two Gallants @ la Maroquinerie, Paris.","author":"dpc","date":"27 novembre 2007","format":false,"excerpt":"Pendant que les T\u00eates Raides cherchent \u00e0 justifier leur nom en f\u00eatant la sortie de leur nouvel album, Banco, dans le bar-restaurant du rez-de-chauss\u00e9e, Two Gallants prennent possession du sous-sol devant une salle de tous \u00e2ges en bonne partie anglophone. Le set est carr\u00e9, pas de setlist, les titres s'encha\u00eenent\u2026","rel":"","context":"Dans &quot;Alive&quot;","block_context":{"text":"Alive","link":"https:\/\/www.wallendorff.com\/belogue\/category\/alive\/"},"img":{"alt_text":"","src":"https:\/\/i0.wp.com\/www.wallendorff.com\/belogue\/wp-content\/uploads\/2015\/04\/20071127.jpg?resize=350%2C200&ssl=1","width":350,"height":200,"srcset":"https:\/\/i0.wp.com\/www.wallendorff.com\/belogue\/wp-content\/uploads\/2015\/04\/20071127.jpg?resize=350%2C200&ssl=1 1x, https:\/\/i0.wp.com\/www.wallendorff.com\/belogue\/wp-content\/uploads\/2015\/04\/20071127.jpg?resize=525%2C300&ssl=1 1.5x, https:\/\/i0.wp.com\/www.wallendorff.com\/belogue\/wp-content\/uploads\/2015\/04\/20071127.jpg?resize=700%2C400&ssl=1 2x"},"classes":[]},{"id":20,"url":"https:\/\/www.wallendorff.com\/belogue\/2006\/09\/25\/shooting-people-3\/","url_meta":{"origin":101,"position":4},"title":"Shooting people #3\u00b9.","author":"dpc","date":"25 septembre 2006","format":false,"excerpt":"Je sais que c'est mal de repomper les trucs des copains, mais cette semaine chez Vox le J\u00e9r\u00f4me Colin nous a d\u00e9gott\u00e9 une reprise d'Hey Ya d'Outkast par le guitariste d'Obadiah Parker2, obscur combo ind\u00e9 de Scottsdale-my-balls, Arizona, qui d\u00e9chire un peu tellement tout qu'il faut que je vous la\u2026","rel":"","context":"Dans &quot;Portraits&quot;","block_context":{"text":"Portraits","link":"https:\/\/www.wallendorff.com\/belogue\/category\/portraits\/"},"img":{"alt_text":"","src":"https:\/\/i0.wp.com\/www.wallendorff.com\/belogue\/wp-content\/uploads\/2015\/04\/200609251.jpg?resize=350%2C200&ssl=1","width":350,"height":200,"srcset":"https:\/\/i0.wp.com\/www.wallendorff.com\/belogue\/wp-content\/uploads\/2015\/04\/200609251.jpg?resize=350%2C200&ssl=1 1x, https:\/\/i0.wp.com\/www.wallendorff.com\/belogue\/wp-content\/uploads\/2015\/04\/200609251.jpg?resize=525%2C300&ssl=1 1.5x, https:\/\/i0.wp.com\/www.wallendorff.com\/belogue\/wp-content\/uploads\/2015\/04\/200609251.jpg?resize=700%2C400&ssl=1 2x"},"classes":[]},{"id":159,"url":"https:\/\/www.wallendorff.com\/belogue\/2006\/05\/27\/previously-unreleased-34\/","url_meta":{"origin":101,"position":5},"title":"Previously unreleased #34.","author":"dpc","date":"27 mai 2006","format":false,"excerpt":"Nada Surf, Le Bataclan, Paris, 25 avril. \u00a0Two Gallants \u2013 Las Cruces Jail","rel":"","context":"Dans &quot;Previously unreleased&quot;","block_context":{"text":"Previously unreleased","link":"https:\/\/www.wallendorff.com\/belogue\/category\/previously-unreleased\/"},"img":{"alt_text":"","src":"https:\/\/i0.wp.com\/www.wallendorff.com\/belogue\/wp-content\/uploads\/2015\/04\/200605272.jpg?resize=350%2C200&ssl=1","width":350,"height":200},"classes":[]}],"_links":{"self":[{"href":"https:\/\/www.wallendorff.com\/belogue\/wp-json\/wp\/v2\/posts\/101","targetHints":{"allow":["GET"]}}],"collection":[{"href":"https:\/\/www.wallendorff.com\/belogue\/wp-json\/wp\/v2\/posts"}],"about":[{"href":"https:\/\/www.wallendorff.com\/belogue\/wp-json\/wp\/v2\/types\/post"}],"author":[{"embeddable":true,"href":"https:\/\/www.wallendorff.com\/belogue\/wp-json\/wp\/v2\/users\/1"}],"replies":[{"embeddable":true,"href":"https:\/\/www.wallendorff.com\/belogue\/wp-json\/wp\/v2\/comments?post=101"}],"version-history":[{"count":1,"href":"https:\/\/www.wallendorff.com\/belogue\/wp-json\/wp\/v2\/posts\/101\/revisions"}],"predecessor-version":[{"id":15645,"href":"https:\/\/www.wallendorff.com\/belogue\/wp-json\/wp\/v2\/posts\/101\/revisions\/15645"}],"wp:featuredmedia":[{"embeddable":true,"href":"https:\/\/www.wallendorff.com\/belogue\/wp-json\/wp\/v2\/media\/24035"}],"wp:attachment":[{"href":"https:\/\/www.wallendorff.com\/belogue\/wp-json\/wp\/v2\/media?parent=101"}],"wp:term":[{"taxonomy":"category","embeddable":true,"href":"https:\/\/www.wallendorff.com\/belogue\/wp-json\/wp\/v2\/categories?post=101"},{"taxonomy":"post_tag","embeddable":true,"href":"https:\/\/www.wallendorff.com\/belogue\/wp-json\/wp\/v2\/tags?post=101"}],"curies":[{"name":"wp","href":"https:\/\/api.w.org\/{rel}","templated":true}]}}