{"id":1008,"date":"2007-08-03T10:26:20","date_gmt":"2007-08-03T10:26:20","guid":{"rendered":"http:\/\/www.po-l.com\/wordpress\/?p=1008"},"modified":"2012-04-23T11:21:42","modified_gmt":"2012-04-23T09:21:42","slug":"space-mots-keys-11","status":"publish","type":"post","link":"https:\/\/www.wallendorff.com\/belogue\/2007\/08\/03\/space-mots-keys-11\/","title":{"rendered":"Space mots-keys #11."},"content":{"rendered":"<div id=\"photo\">\n<p><img decoding=\"async\" src=\"https:\/\/www.wallendorff.com\/belogue\/images\/etoile_blanche.jpg\"><\/p>\n<\/div>\n<p style=\"text-align:center\"><img decoding=\"async\" src=\"https:\/\/www.wallendorff.com\/belogue\/photo\/2006\/10\/gougle.gif\" align=\"middle\"\/> ize proude tou pr&eacute;sente<\/p>\n<p style=\"text-align:center\"><img decoding=\"async\" src=\"https:\/\/www.wallendorff.com\/belogue\/photo\/2006\/10\/mots-cles.gif\" \/><\/p>\n<h1>L&rsquo;entr&eacute;e fracassante<\/h1>\n<p>Gr&acirc;ce &agrave; <a href=\"https:\/\/www.wallendorff.com\/belogue\/2007\/07\/06\/be-eurocks-en-2007-tokyo-hot-hell\">cette note<\/a>, <img decoding=\"async\" src=\"https:\/\/www.wallendorff.com\/belogue\/photo\/2007\/08\/spm\/01.gif\" \/> explose tous les records, tapant 31 requ&ecirc;tes, loin devant le traditionnel <img decoding=\"async\" src=\"https:\/\/www.wallendorff.com\/belogue\/photo\/2006\/12\/20061202-03.gif\" \/>. Respect. <\/p>\n<h1>3 concerts <\/h1>\n<ol>\n<li><img decoding=\"async\" src=\"https:\/\/www.wallendorff.com\/belogue\/photo\/2007\/08\/spm\/04.gif\" \/>&nbsp;15<\/li>\n<li><img decoding=\"async\" src=\"https:\/\/www.wallendorff.com\/belogue\/photo\/2007\/08\/spm\/02.gif\" \/>&nbsp;&nbsp;&nbsp;9<\/li>\n<li><img decoding=\"async\" src=\"https:\/\/www.wallendorff.com\/belogue\/photo\/2007\/08\/spm\/03.gif\" \/>&nbsp;&nbsp;&nbsp;6<\/li>\n<\/ol>\n<p>Victoire haut-la-main d&rsquo;un concert auquel je ne suis pas all&eacute;. Gougle est d&eacute;cid&eacute;ment un outil bien fac&eacute;tieux. &Agrave; noter que l&rsquo;engouement pour la secte des chauves tib&eacute;tains de l&rsquo;espace tient bon, m&ecirc;me si elle commence &agrave; s&rsquo;essouffler quelque peu.<\/p>\n<h1>Nos amis les champignons<\/h1>\n<ul>\n<li>Les juv&eacute;niles <img decoding=\"async\" src=\"https:\/\/www.wallendorff.com\/belogue\/photo\/2007\/08\/spm\/05.gif\" \/> (8 entr&eacute;es) rencontrent un engouement croissant, suscitant besoins divers (<img decoding=\"async\" src=\"https:\/\/www.wallendorff.com\/belogue\/photo\/2007\/08\/spm\/14.gif\" \/>, <img decoding=\"async\" src=\"https:\/\/www.wallendorff.com\/belogue\/photo\/2007\/08\/spm\/28.gif\" \/>) et rumeurs les plus folles (<img decoding=\"async\" src=\"https:\/\/www.wallendorff.com\/belogue\/photo\/2007\/08\/spm\/16.gif\" \/>, <img decoding=\"async\" src=\"https:\/\/www.wallendorff.com\/belogue\/photo\/2007\/08\/spm\/12.gif\" \/>). Vivement la prochaine tourn\u00e9e parisienne et son cort\u00e8ge de <img decoding=\"async\" src=\"https:\/\/www.wallendorff.com\/belogue\/photo\/2007\/08\/spm\/27.gif\" \/>, tiens.<\/li>\n<\/ul>\n<h1>La courteliste<\/h1>\n<ul>\n<li><img decoding=\"async\" src=\"https:\/\/www.wallendorff.com\/belogue\/photo\/2007\/08\/spm\/06.gif\" \/><br \/>\n    <img decoding=\"async\" src=\"https:\/\/www.wallendorff.com\/belogue\/photo\/2007\/08\/spm\/08.gif\" \/><br \/>\n    &Ccedil;a sent le complot calomnieux pour mettre &agrave; mal ma r&eacute;putation, &ccedil;a. <br \/>\n    &nbsp; <\/li>\n<li><img decoding=\"async\" src=\"https:\/\/www.wallendorff.com\/belogue\/photo\/2007\/08\/spm\/07.gif\" \/><br \/>\n    Pour frimer sur les pistes, c&rsquo;est le pied.<br \/>\n    &nbsp; <\/li>\n<li><img decoding=\"async\" src=\"https:\/\/www.wallendorff.com\/belogue\/photo\/2007\/08\/spm\/09.gif\" \/><br \/>\n    Et j&rsquo;ai loup&eacute; &ccedil;a. Ma vie est foutue.<br \/>\n    &nbsp; <\/li>\n<li><img decoding=\"async\" src=\"https:\/\/www.wallendorff.com\/belogue\/photo\/2007\/08\/spm\/10.gif\" \/><br \/>\n    C&rsquo;&eacute;tait le g&eacute;rant du parc d&rsquo;attraction, le coupable.<br \/>\n    &nbsp; <\/li>\n<li><img decoding=\"async\" src=\"https:\/\/www.wallendorff.com\/belogue\/photo\/2007\/08\/spm\/11.gif\" \/><br \/>\n    C&rsquo;est pas une raison pour en d&eacute;go&ucirc;ter ceux qui s&rsquo;en firent virer au dernier moment.<\/p>\n<\/li>\n<li><img decoding=\"async\" src=\"https:\/\/www.wallendorff.com\/belogue\/photo\/2007\/08\/spm\/13.gif\"><br \/>\n    Est sorti il y a 14 ans. <\/p>\n<\/li>\n<li><img decoding=\"async\" src=\"https:\/\/www.wallendorff.com\/belogue\/photo\/2007\/08\/spm\/15.gif\" \/><br \/>\n    Avec Jacques White courgette, &ccedil;a va nous faire un chouette panier de l&eacute;gumes, &ccedil;a.<br \/>\n    &nbsp; <\/li>\n<li><img decoding=\"async\" src=\"https:\/\/www.wallendorff.com\/belogue\/photo\/2007\/08\/spm\/17.gif\" \/><br \/>\n    &Ccedil;a pourrait &ecirc;tre pire, ils pourraient sortir des albums.<\/p>\n<\/li>\n<li><img decoding=\"async\" src=\"https:\/\/www.wallendorff.com\/belogue\/photo\/2007\/08\/spm\/18.gif\" \/><br \/>\n    Pour un mariage, c&rsquo;est la classe.<\/p>\n<\/li>\n<li><img decoding=\"async\" src=\"https:\/\/www.wallendorff.com\/belogue\/photo\/2007\/08\/spm\/19.gif\" \/><br \/>\n    &Ccedil;&rsquo;aurait pu &ecirc;tre pire, note.<\/p>\n<\/li>\n<li><img decoding=\"async\" src=\"https:\/\/www.wallendorff.com\/belogue\/photo\/2007\/08\/spm\/20.gif\" \/><br \/>\n    Histoire de nous changer de Brian Molko.<\/p>\n<\/li>\n<li><img decoding=\"async\" src=\"https:\/\/www.wallendorff.com\/belogue\/photo\/2007\/08\/spm\/21.gif\" \/><br \/>\n    Je crois que j&rsquo;ai loup&eacute; quelquechose ce soir-l&agrave;.<\/p>\n<\/li>\n<li><img decoding=\"async\" src=\"https:\/\/www.wallendorff.com\/belogue\/photo\/2007\/08\/spm\/22.gif\" \/><br \/>\n    Je reste toujours aussi &eacute;tonn&eacute; de voir que cet adage pourtant simple &agrave; assimiler pose autant de probl&egrave;mes &agrave; certains. Ou alors, c&rsquo;est juste par r&eacute;bellion.<\/p>\n<\/li>\n<li><img decoding=\"async\" src=\"https:\/\/www.wallendorff.com\/belogue\/photo\/2007\/08\/spm\/23.gif\" \/><br \/>\n    Huhu.<\/p>\n<\/li>\n<li><img decoding=\"async\" src=\"https:\/\/www.wallendorff.com\/belogue\/photo\/2007\/08\/spm\/24.gif\" \/><br \/>\n    Aux derni&egrave;res nouvelles, elle ne s&rsquo;&eacute;tait pas encore inscrite aux pr&eacute;s&eacute;lections. Mais &ccedil;a ne saurait tarder.<\/p>\n<\/li>\n<li><img decoding=\"async\" src=\"https:\/\/www.wallendorff.com\/belogue\/photo\/2007\/08\/spm\/25.gif\" \/><br \/>\n    Je sais que le latin c&rsquo;est hasebine, mais &laquo;&nbsp;vade retro, satanas&nbsp;&raquo;, &ccedil;a a quand m&ecirc;me plus de gueule.<\/p>\n<\/li>\n<li> <img decoding=\"async\" src=\"https:\/\/www.wallendorff.com\/belogue\/photo\/2007\/08\/spm\/26.gif\" \/><br \/>\n    Dont 37&nbsp;500 parents, hein, n&rsquo;exag&eacute;rons rien.\n  <\/li>\n<\/ul>\n","protected":false},"excerpt":{"rendered":"<p>ize proude tou pr&eacute;sente L&rsquo;entr&eacute;e fracassante Gr&acirc;ce &agrave; cette note, explose tous les records, tapant 31 requ&ecirc;tes, loin devant le traditionnel . Respect. 3 concerts &nbsp;15 &nbsp;&nbsp;&nbsp;9 &nbsp;&nbsp;&nbsp;6 Victoire haut-la-main d&rsquo;un concert auquel je ne suis pas all&eacute;. Gougle est d&eacute;cid&eacute;ment un outil bien fac&eacute;tieux. &Agrave; noter que l&rsquo;engouement pour la secte des chauves tib&eacute;tains&hellip;<\/p>\n","protected":false},"author":1,"featured_media":24938,"comment_status":"open","ping_status":"open","sticky":false,"template":"","format":"standard","meta":{"_acf_changed":false,"ngg_post_thumbnail":0,"jetpack_post_was_ever_published":false,"_jetpack_newsletter_access":"","_jetpack_dont_email_post_to_subs":false,"_jetpack_newsletter_tier_id":0,"_jetpack_memberships_contains_paywalled_content":false,"_jetpack_memberships_contains_paid_content":false,"footnotes":"","jetpack_publicize_message":"","jetpack_publicize_feature_enabled":true,"jetpack_social_post_already_shared":false,"jetpack_social_options":{"image_generator_settings":{"template":"highway","default_image_id":0,"font":"","enabled":false},"version":2}},"categories":[12],"tags":[],"class_list":["post-1008","post","type-post","status-publish","format-standard","has-post-thumbnail","hentry","category-space-mots-keys"],"acf":[],"geo":null,"jetpack_publicize_connections":[],"jetpack_featured_media_url":"https:\/\/www.wallendorff.com\/belogue\/wp-content\/uploads\/2015\/04\/gougle38.gif","jetpack_shortlink":"https:\/\/wp.me\/p3b35P-gg","jetpack_sharing_enabled":true,"jetpack-related-posts":[{"id":3658,"url":"https:\/\/www.wallendorff.com\/belogue\/2008\/12\/08\/space-mots-keys-28\/","url_meta":{"origin":1008,"position":0},"title":"Space mots-keys #28.","author":"dpc","date":"8 d\u00e9cembre 2008","format":false,"excerpt":"ize proude tou pr\u00e9sente La courte-liste\u00a0: [Qui raccourcit de mois en mois, oui j'ai vu.] \u00c0 qui le dites-vous, ma bonne dame. \u00a0 Y en a qui comptent passer un 21 juillet prochain bien rock n'roll, dis donc. \u00a0 Hum. Le Bescherelle\u00a0? \u00a0 B\u00e9ni soit ton nom. \u00a0 Ce journal\u2026","rel":"","context":"Dans &quot;Space mots-keys&quot;","block_context":{"text":"Space mots-keys","link":"https:\/\/www.wallendorff.com\/belogue\/category\/space-mots-keys\/"},"img":{"alt_text":"","src":"","width":0,"height":0},"classes":[]},{"id":3487,"url":"https:\/\/www.wallendorff.com\/belogue\/2008\/10\/09\/space-mots-keys-26\/","url_meta":{"origin":1008,"position":1},"title":"Space mots-keys #26.","author":"dpc","date":"9 octobre 2008","format":false,"excerpt":"ize proude tou pr\u00e9sente La fourn\u00e9e du mois craint. C'est d'autant plus triste que cette 26e \u00e9dition marque le deuxi\u00e8me anniversaire de cette noble rubrique, qui s'en trouve fort mal honor\u00e9e. Avouons qu'il y a de quoi d\u00e9primer. La \u2015\u00a0tr\u00e8s\u00a0\u2015 courte-liste\u00a0: S\u00fbrement parce que la conjugaison telle qu'on la trouve\u2026","rel":"","context":"Dans &quot;Space mots-keys&quot;","block_context":{"text":"Space mots-keys","link":"https:\/\/www.wallendorff.com\/belogue\/category\/space-mots-keys\/"},"img":{"alt_text":"","src":"","width":0,"height":0},"classes":[]},{"id":1199,"url":"https:\/\/www.wallendorff.com\/belogue\/2008\/04\/07\/space-mots-keys-19\/","url_meta":{"origin":1008,"position":2},"title":"Space mots-keys #19.","author":"dpc","date":"7 avril 2008","format":false,"excerpt":"ize proude tou pr\u00e9sente Et pendant ce temps, chez Bill et Tom \u00c0 part les classiques , , , , , , , (notez le drame dont s'est teinte la requ\u00eate) et (si si, celui-l\u00e0 est plus fr\u00e9quent qu'on croit, il semble que voir notre jeune et nubile \u00e9bouriff\u00e9 manger\u2026","rel":"","context":"Dans &quot;Space mots-keys&quot;","block_context":{"text":"Space mots-keys","link":"https:\/\/www.wallendorff.com\/belogue\/category\/space-mots-keys\/"},"img":{"alt_text":"","src":"","width":0,"height":0},"classes":[]},{"id":3584,"url":"https:\/\/www.wallendorff.com\/belogue\/2008\/11\/17\/space-mots-keys-27\/","url_meta":{"origin":1008,"position":3},"title":"Space mots-keys #27.","author":"dpc","date":"17 novembre 2008","format":false,"excerpt":"ize proude tou pr\u00e9sente Dites donc plus \u00e7a va et plus cette rubrique s'essoufle, je vais finir par la laisser tomber. La courte-liste\u00a0: En voil\u00e0 un qui n'a pas d\u00fb se sentir tr\u00e8s aid\u00e9 par le r\u00e9sultat sur lequel il est tomb\u00e9. \u00a0 Dans mes souvenirs c'\u00e9tait plut\u00f4t Agnan. \u00a0\u2026","rel":"","context":"Dans &quot;Space mots-keys&quot;","block_context":{"text":"Space mots-keys","link":"https:\/\/www.wallendorff.com\/belogue\/category\/space-mots-keys\/"},"img":{"alt_text":"","src":"","width":0,"height":0},"classes":[]},{"id":22977,"url":"https:\/\/www.wallendorff.com\/belogue\/2014\/06\/17\/dix-ans-de-lol\/","url_meta":{"origin":1008,"position":4},"title":"Dix ans de lol.","author":"dpc","date":"17 juin 2014","format":false,"excerpt":"Dix ans de Space mots-keys. Aaaah, les Space mots-keys, cette cat\u00e9gorie sp\u00e9ciale mots-clefs dont le titre \u00e9tait un jeu de mot pourri sur le titre d'un morceau de Placebo que tout le monde a oubli\u00e9 et qui, en 28 \u00e9pisodes publi\u00e9s entre octobre 2006 et d\u00e9cembre 2008, constitue une compilation\u2026","rel":"","context":"Dans &quot;DPC&quot;","block_context":{"text":"DPC","link":"https:\/\/www.wallendorff.com\/belogue\/category\/dpc\/"},"img":{"alt_text":"","src":"","width":0,"height":0},"classes":[]},{"id":1050,"url":"https:\/\/www.wallendorff.com\/belogue\/2007\/10\/03\/space-mots-keys-13\/","url_meta":{"origin":1008,"position":5},"title":"Space mots-keys #13.","author":"dpc","date":"3 octobre 2007","format":false,"excerpt":"ize proude tou pr\u00e9sente Top 5 18 17 13 \u00a0\u00a06 \u00a0\u00a05 Nos amis les champignons Grosse d\u00e9ception. Malgr\u00e9 tous les app\u00e2ts que j'avais l\u00e2ch\u00e9s le mois dernier, la p\u00e8che est maigre. Toujours autant d'axieuses attentes de voir das folgende gro\u00dfe Ding venir chez soi [, ], de fantasmes [, ],\u2026","rel":"","context":"Dans &quot;Space mots-keys&quot;","block_context":{"text":"Space mots-keys","link":"https:\/\/www.wallendorff.com\/belogue\/category\/space-mots-keys\/"},"img":{"alt_text":"","src":"","width":0,"height":0},"classes":[]}],"_links":{"self":[{"href":"https:\/\/www.wallendorff.com\/belogue\/wp-json\/wp\/v2\/posts\/1008","targetHints":{"allow":["GET"]}}],"collection":[{"href":"https:\/\/www.wallendorff.com\/belogue\/wp-json\/wp\/v2\/posts"}],"about":[{"href":"https:\/\/www.wallendorff.com\/belogue\/wp-json\/wp\/v2\/types\/post"}],"author":[{"embeddable":true,"href":"https:\/\/www.wallendorff.com\/belogue\/wp-json\/wp\/v2\/users\/1"}],"replies":[{"embeddable":true,"href":"https:\/\/www.wallendorff.com\/belogue\/wp-json\/wp\/v2\/comments?post=1008"}],"version-history":[{"count":1,"href":"https:\/\/www.wallendorff.com\/belogue\/wp-json\/wp\/v2\/posts\/1008\/revisions"}],"predecessor-version":[{"id":17000,"href":"https:\/\/www.wallendorff.com\/belogue\/wp-json\/wp\/v2\/posts\/1008\/revisions\/17000"}],"wp:featuredmedia":[{"embeddable":true,"href":"https:\/\/www.wallendorff.com\/belogue\/wp-json\/wp\/v2\/media\/24938"}],"wp:attachment":[{"href":"https:\/\/www.wallendorff.com\/belogue\/wp-json\/wp\/v2\/media?parent=1008"}],"wp:term":[{"taxonomy":"category","embeddable":true,"href":"https:\/\/www.wallendorff.com\/belogue\/wp-json\/wp\/v2\/categories?post=1008"},{"taxonomy":"post_tag","embeddable":true,"href":"https:\/\/www.wallendorff.com\/belogue\/wp-json\/wp\/v2\/tags?post=1008"}],"curies":[{"name":"wp","href":"https:\/\/api.w.org\/{rel}","templated":true}]}}