{"id":1006,"date":"2007-08-01T10:01:47","date_gmt":"2007-08-01T10:01:47","guid":{"rendered":"http:\/\/www.po-l.com\/wordpress\/?p=1006"},"modified":"2012-04-23T11:15:25","modified_gmt":"2012-04-23T09:15:25","slug":"previously-unreleased-61","status":"publish","type":"post","link":"https:\/\/www.wallendorff.com\/belogue\/2007\/08\/01\/previously-unreleased-61\/","title":{"rendered":"Previously unreleased #61\u00b9."},"content":{"rendered":"\n<div id=\"photo\">\n<p><img decoding=\"async\" src=\"https:\/\/www.wallendorff.com\/belogue\/photo\/2007\/08\/20070801.jpg\"\/><br \/>\n          Dionysos, le Z&eacute;nith, Paris, 28 octobre 2006.<\/p>\n<\/p><\/div>\n<div id=\"bandeson\">\n<p><img decoding=\"async\" src=\"https:\/\/www.wallendorff.com\/belogue\/photo\/pochettes\/blank.jpg\" align=\"left\" \/>&nbsp;<a href=\"http:\/\/www.thefratellis.com\/\">The Fratellis<\/a> &ndash; <em>Flathead<\/em> (acoustic)<\/p>\n<\/p><\/div>\n<div id=\"bas_note\">\n<p>_____<\/p>\n<p><sup>1<\/sup> Concept from chez <a href=\"http:\/\/blog.julietterobert.com\">Juyette<\/a>.<\/p>\n<\/p><\/div>\n","protected":false},"excerpt":{"rendered":"<p>Dionysos, le Z&eacute;nith, Paris, 28 octobre 2006. &nbsp;The Fratellis &ndash; Flathead (acoustic) _____ 1 Concept from chez Juyette.<\/p>\n","protected":false},"author":1,"featured_media":24936,"comment_status":"open","ping_status":"open","sticky":false,"template":"","format":"standard","meta":{"_acf_changed":false,"ngg_post_thumbnail":0,"jetpack_post_was_ever_published":false,"_jetpack_newsletter_access":"","_jetpack_dont_email_post_to_subs":false,"_jetpack_newsletter_tier_id":0,"_jetpack_memberships_contains_paywalled_content":false,"_jetpack_memberships_contains_paid_content":false,"footnotes":"","jetpack_publicize_message":"","jetpack_publicize_feature_enabled":true,"jetpack_social_post_already_shared":false,"jetpack_social_options":{"image_generator_settings":{"template":"highway","default_image_id":0,"font":"","enabled":false},"version":2}},"categories":[5],"tags":[174,10268,10084,181,132,10113,1968,10120,10121,10091,143,10098,191],"class_list":["post-1006","post","type-post","status-publish","format-standard","has-post-thumbnail","hentry","category-previously-unreleased","tag-174","tag-10268","tag-alive","tag-ef-70-200-mm-f28l-usm","tag-eos-20d","tag-dionysos","tag-flathead","tag-france","tag-ile-de-france","tag-le-zenith","tag-noir-et-blanc","tag-paris","tag-the-fratellis"],"acf":[],"geo":{"latitude":48.8943062,"longitude":2.3931313,"description":"All\u00e9e du Z\u00e9nith, 75019 Paris, France"},"jetpack_publicize_connections":[],"jetpack_featured_media_url":"https:\/\/www.wallendorff.com\/belogue\/wp-content\/uploads\/2015\/04\/200708011.jpg","jetpack_shortlink":"https:\/\/wp.me\/p3b35P-ge","jetpack_sharing_enabled":true,"jetpack-related-posts":[{"id":924,"url":"https:\/\/www.wallendorff.com\/belogue\/2007\/03\/30\/entrer-au-lieu\/","url_meta":{"origin":1006,"position":0},"title":"Entrer au lieu.","author":"dpc","date":"30 mars 2007","format":false,"excerpt":"Rue L\u00e9on Frot, Paris, 25 mars. Note pour demain\u00a0: ne pas oublier de repasser par Montaigu. \u00a0The Fratellis \u2013 Flathead","rel":"","context":"Dans &quot;DPC&quot;","block_context":{"text":"DPC","link":"https:\/\/www.wallendorff.com\/belogue\/category\/dpc\/"},"img":{"alt_text":"","src":"https:\/\/i0.wp.com\/www.wallendorff.com\/belogue\/wp-content\/uploads\/2015\/04\/200703301.jpg?resize=350%2C200&ssl=1","width":350,"height":200},"classes":[]},{"id":817,"url":"https:\/\/www.wallendorff.com\/belogue\/2006\/10\/29\/dionysos-wsg-synfonietta-de-belfort-le-zenith-paris\/","url_meta":{"origin":1006,"position":1},"title":"Dionysos wsg Synfonietta de Belfort @ le Z\u00e9nith, Paris.","author":"dpc","date":"29 octobre 2006","format":false,"excerpt":"Tu prends le Z\u00e9nith, tu le retournes et tu t'en vas. Groupe d\u00e9cha\u00een\u00e9 comme \u00e0 son habitude, 150\u00a0cm de son leader furieusement fid\u00e8le \u00e0 lui-m\u00eame, le tout soutenu par les 60 musiciens de la Synfonietta de Belfort d\u00e9j\u00e0 pr\u00e9sents aux Eurock\u00e9ennes, mais sans les \u00e9cureuils-mangeurs-de-fils qui y avaient g\u00e2ch\u00e9 la\u2026","rel":"","context":"Dans &quot;Alive&quot;","block_context":{"text":"Alive","link":"https:\/\/www.wallendorff.com\/belogue\/category\/alive\/"},"img":{"alt_text":"","src":"https:\/\/i0.wp.com\/www.wallendorff.com\/belogue\/wp-content\/uploads\/2015\/04\/200610291.jpg?resize=350%2C200&ssl=1","width":350,"height":200,"srcset":"https:\/\/i0.wp.com\/www.wallendorff.com\/belogue\/wp-content\/uploads\/2015\/04\/200610291.jpg?resize=350%2C200&ssl=1 1x, https:\/\/i0.wp.com\/www.wallendorff.com\/belogue\/wp-content\/uploads\/2015\/04\/200610291.jpg?resize=525%2C300&ssl=1 1.5x, https:\/\/i0.wp.com\/www.wallendorff.com\/belogue\/wp-content\/uploads\/2015\/04\/200610291.jpg?resize=700%2C400&ssl=1 2x"},"classes":[]},{"id":1205,"url":"https:\/\/www.wallendorff.com\/belogue\/2008\/04\/13\/previously-unreleased-81\/","url_meta":{"origin":1006,"position":2},"title":"Previously unreleased #81\u00b9.","author":"dpc","date":"13 avril 2008","format":false,"excerpt":"Dionysos, les Ar\u00e8nes, Metz, 18 janvier. \u00a0The Duke Spirit \u2013 Into the Fold _____ 1 Previously unreleased is a trademark from the Juliette Robert Photography Company, Inc.","rel":"","context":"Dans &quot;Previously unreleased&quot;","block_context":{"text":"Previously unreleased","link":"https:\/\/www.wallendorff.com\/belogue\/category\/previously-unreleased\/"},"img":{"alt_text":"","src":"https:\/\/i0.wp.com\/www.wallendorff.com\/belogue\/wp-content\/uploads\/2015\/04\/200804131.jpg?resize=350%2C200&ssl=1","width":350,"height":200,"srcset":"https:\/\/i0.wp.com\/www.wallendorff.com\/belogue\/wp-content\/uploads\/2015\/04\/200804131.jpg?resize=350%2C200&ssl=1 1x, https:\/\/i0.wp.com\/www.wallendorff.com\/belogue\/wp-content\/uploads\/2015\/04\/200804131.jpg?resize=525%2C300&ssl=1 1.5x"},"classes":[]},{"id":128329,"url":"https:\/\/www.wallendorff.com\/belogue\/2024\/06\/14\/cetait-2006\/","url_meta":{"origin":1006,"position":3},"title":"C&rsquo;\u00e9tait 2006.","author":"dpc","date":"14 juin 2024","format":false,"excerpt":"62 concerts en 2006. \u00c7a explique la nature de la galerie de l'ann\u00e9e. Arctic Monkeys @ le Trabendo, Paris, 24 f\u00e9vrier 2006 Londres, 3 mars 2006 Londres, 28 avril 2006 Arctic Monkeys @ le Bataclan, Paris, 2 mai 2006 Dresden Dolls @ le Bataclan, Paris, 18 mai 2006 Asyl @\u2026","rel":"","context":"Dans &quot;DPC&quot;","block_context":{"text":"DPC","link":"https:\/\/www.wallendorff.com\/belogue\/category\/dpc\/"},"img":{"alt_text":"","src":"https:\/\/i0.wp.com\/www.wallendorff.com\/belogue\/wp-content\/uploads\/2024\/06\/20240614-19.jpg?resize=350%2C200&ssl=1","width":350,"height":200,"srcset":"https:\/\/i0.wp.com\/www.wallendorff.com\/belogue\/wp-content\/uploads\/2024\/06\/20240614-19.jpg?resize=350%2C200&ssl=1 1x, https:\/\/i0.wp.com\/www.wallendorff.com\/belogue\/wp-content\/uploads\/2024\/06\/20240614-19.jpg?resize=525%2C300&ssl=1 1.5x, https:\/\/i0.wp.com\/www.wallendorff.com\/belogue\/wp-content\/uploads\/2024\/06\/20240614-19.jpg?resize=700%2C400&ssl=1 2x, https:\/\/i0.wp.com\/www.wallendorff.com\/belogue\/wp-content\/uploads\/2024\/06\/20240614-19.jpg?resize=1050%2C600&ssl=1 3x"},"classes":[]},{"id":366,"url":"https:\/\/www.wallendorff.com\/belogue\/2005\/05\/24\/previously-unreleased-18\/","url_meta":{"origin":1006,"position":4},"title":"Previously unreleased #18\u00b9.","author":"dpc","date":"24 mai 2005","format":false,"excerpt":"Interpol, le Z\u00e9nith, Paris, 21 avril. \"It might seem silly For me to think childish thoughts like these But I'm so tired of acting tough And I'm gonna to what i please\" lalalala \"1 2 3 4 take the elevator...\" _____ 1 Rendons \u00e0 C\u00e9sar ce qui appartient \u00e0 ses\u2026","rel":"","context":"Dans &quot;Previously unreleased&quot;","block_context":{"text":"Previously unreleased","link":"https:\/\/www.wallendorff.com\/belogue\/category\/previously-unreleased\/"},"img":{"alt_text":"","src":"https:\/\/i0.wp.com\/www.wallendorff.com\/belogue\/wp-content\/uploads\/2015\/04\/20050523-21.jpg?resize=350%2C200&ssl=1","width":350,"height":200},"classes":[]},{"id":1104,"url":"https:\/\/www.wallendorff.com\/belogue\/2007\/12\/09\/previously-unreleased-75\/","url_meta":{"origin":1006,"position":5},"title":"Previously unreleased #75\u00b9.","author":"dpc","date":"9 d\u00e9cembre 2007","format":false,"excerpt":"I'm From Barcelona, le Z\u00e9nith, Paris, 12 novembre. \u00a0The Mooney Suzuki \u2013 Electric Sweat _____ 1 Tradition chouette from chez Juyette.","rel":"","context":"Dans &quot;Previously unreleased&quot;","block_context":{"text":"Previously unreleased","link":"https:\/\/www.wallendorff.com\/belogue\/category\/previously-unreleased\/"},"img":{"alt_text":"","src":"https:\/\/i0.wp.com\/www.wallendorff.com\/belogue\/wp-content\/uploads\/2015\/04\/200712091.jpg?resize=350%2C200&ssl=1","width":350,"height":200},"classes":[]}],"_links":{"self":[{"href":"https:\/\/www.wallendorff.com\/belogue\/wp-json\/wp\/v2\/posts\/1006","targetHints":{"allow":["GET"]}}],"collection":[{"href":"https:\/\/www.wallendorff.com\/belogue\/wp-json\/wp\/v2\/posts"}],"about":[{"href":"https:\/\/www.wallendorff.com\/belogue\/wp-json\/wp\/v2\/types\/post"}],"author":[{"embeddable":true,"href":"https:\/\/www.wallendorff.com\/belogue\/wp-json\/wp\/v2\/users\/1"}],"replies":[{"embeddable":true,"href":"https:\/\/www.wallendorff.com\/belogue\/wp-json\/wp\/v2\/comments?post=1006"}],"version-history":[{"count":1,"href":"https:\/\/www.wallendorff.com\/belogue\/wp-json\/wp\/v2\/posts\/1006\/revisions"}],"predecessor-version":[{"id":16998,"href":"https:\/\/www.wallendorff.com\/belogue\/wp-json\/wp\/v2\/posts\/1006\/revisions\/16998"}],"wp:featuredmedia":[{"embeddable":true,"href":"https:\/\/www.wallendorff.com\/belogue\/wp-json\/wp\/v2\/media\/24936"}],"wp:attachment":[{"href":"https:\/\/www.wallendorff.com\/belogue\/wp-json\/wp\/v2\/media?parent=1006"}],"wp:term":[{"taxonomy":"category","embeddable":true,"href":"https:\/\/www.wallendorff.com\/belogue\/wp-json\/wp\/v2\/categories?post=1006"},{"taxonomy":"post_tag","embeddable":true,"href":"https:\/\/www.wallendorff.com\/belogue\/wp-json\/wp\/v2\/tags?post=1006"}],"curies":[{"name":"wp","href":"https:\/\/api.w.org\/{rel}","templated":true}]}}