{"id":1005,"date":"2007-07-31T10:21:25","date_gmt":"2007-07-31T10:21:25","guid":{"rendered":"http:\/\/www.po-l.com\/wordpress\/?p=1005"},"modified":"2012-04-20T10:00:42","modified_gmt":"2012-04-20T08:00:42","slug":"previously-unreleased-60","status":"publish","type":"post","link":"https:\/\/www.wallendorff.com\/belogue\/2007\/07\/31\/previously-unreleased-60\/","title":{"rendered":"Previously unreleased #60\u00b9."},"content":{"rendered":"<div id=\"photo\">\n<p><img decoding=\"async\" src=\"https:\/\/www.wallendorff.com\/belogue\/photo\/2007\/07\/20070731.jpg\" \/><br \/>\nI Love UFO, la Boule Noire, Paris, 5 septembre 2006.<\/p>\n<\/div>\n<p style=\"text-align:right\">Y a quand m&ecirc;me des trucs, on se demande pourquoi on les laisse tra&icirc;ner dans un fond de disque dur pendant un an, des fois. <\/p>\n<div id=\"bandeson\">\n<p><img decoding=\"async\" src=\"https:\/\/www.wallendorff.com\/belogue\/photo\/pochettes\/b\/blanche-little_amber_bottles.jpg\" align=\"left\" \/>&nbsp;<a href=\"http:\/\/www.blanchemusic.com\/\">Blanche<\/a> &ndash; <em>Last Year&rsquo;s Leave<\/em> (je suis certain d&rsquo;avoir vu Feeney traverser devant moi sans pedal steel hier soir, ma main au feu)\n        <\/p>\n<\/div>\n<div id=\"bas_note\">\n<p>_____<\/p>\n<p align=left><sup>1<\/sup> Concept sympa piqu&eacute; <a href=\"http:\/\/blog.julietterobert.com\" target=\"_blank\">l&agrave;-bas<\/a>.<\/p>\n<\/div>\n","protected":false},"excerpt":{"rendered":"<p>I Love UFO, la Boule Noire, Paris, 5 septembre 2006. Y a quand m&ecirc;me des trucs, on se demande pourquoi on les laisse tra&icirc;ner dans un fond de disque dur pendant un an, des fois. &nbsp;Blanche &ndash; Last Year&rsquo;s Leave (je suis certain d&rsquo;avoir vu Feeney traverser devant moi sans pedal steel hier soir, ma&hellip;<\/p>\n","protected":false},"author":1,"featured_media":24935,"comment_status":"open","ping_status":"open","sticky":false,"template":"","format":"standard","meta":{"_acf_changed":false,"ngg_post_thumbnail":0,"jetpack_post_was_ever_published":false,"_jetpack_newsletter_access":"","_jetpack_dont_email_post_to_subs":false,"_jetpack_newsletter_tier_id":0,"_jetpack_memberships_contains_paywalled_content":false,"_jetpack_memberships_contains_paid_content":false,"footnotes":"","jetpack_publicize_message":"","jetpack_publicize_feature_enabled":true,"jetpack_social_post_already_shared":false,"jetpack_social_options":{"image_generator_settings":{"template":"highway","default_image_id":0,"font":"","enabled":false},"version":2}},"categories":[5],"tags":[10134,10143,10084,77,4516,142,132,10120,10395,10121,10273,2087,143,10098],"class_list":["post-1005","post","type-post","status-publish","format-standard","has-post-thumbnail","hentry","category-previously-unreleased","tag-10134","tag-10143","tag-alive","tag-blanche","tag-boulevard-rochechouart","tag-ef-s-10-22-mm-f35-45-usm","tag-eos-20d","tag-france","tag-i-love-ufo","tag-ile-de-france","tag-la-boule-noire","tag-last-years-leaves","tag-noir-et-blanc","tag-paris"],"acf":[],"geo":{"latitude":48.8823128,"longitude":2.3403132,"description":null},"jetpack_publicize_connections":[],"jetpack_featured_media_url":"https:\/\/www.wallendorff.com\/belogue\/wp-content\/uploads\/2015\/04\/200707311.jpg","jetpack_shortlink":"https:\/\/wp.me\/p3b35P-gd","jetpack_sharing_enabled":true,"jetpack-related-posts":[{"id":786,"url":"https:\/\/www.wallendorff.com\/belogue\/2006\/09\/14\/previously-unreleased-43\/","url_meta":{"origin":1005,"position":0},"title":"Previously unreleased #43\u00b9.","author":"dpc","date":"14 septembre 2006","format":false,"excerpt":"I Love UFO, la Boule Noire, Paris, 5 septembre. J'ai mat\u00e9 le nouveau DVD de U2, hier. Dans les bonus, il y a une compile du Zoo Confessionnal install\u00e9 \u00e0 l'\u00e9poque au beau milieu de la fosse pendant les concerts, o\u00f9 les gens pouvaient aller se confesser ou raconter n'importe\u2026","rel":"","context":"Dans &quot;Previously unreleased&quot;","block_context":{"text":"Previously unreleased","link":"https:\/\/www.wallendorff.com\/belogue\/category\/previously-unreleased\/"},"img":{"alt_text":"","src":"https:\/\/i0.wp.com\/www.wallendorff.com\/belogue\/wp-content\/uploads\/2015\/04\/200609141.jpg?resize=350%2C200&ssl=1","width":350,"height":200},"classes":[]},{"id":250,"url":"https:\/\/www.wallendorff.com\/belogue\/2005\/12\/04\/previously-unreleased-24\/","url_meta":{"origin":1005,"position":1},"title":"Previously Unreleased #24&sup1;.","author":"dpc","date":"4 d\u00e9cembre 2005","format":false,"excerpt":"Sons and Daughters, La Boule Noire, Paris, 18 novembre. \u00a0Brisa Roch\u00e9 \u2014 Helmet Ray _____ 1 Tradition pas \u00e0 moi qui vient de l\u00e0.","rel":"","context":"Dans &quot;Previously unreleased&quot;","block_context":{"text":"Previously unreleased","link":"https:\/\/www.wallendorff.com\/belogue\/category\/previously-unreleased\/"},"img":{"alt_text":"","src":"https:\/\/i0.wp.com\/www.wallendorff.com\/belogue\/wp-content\/uploads\/2015\/04\/20051204-11.jpg?resize=350%2C200&ssl=1","width":350,"height":200},"classes":[]},{"id":772,"url":"https:\/\/www.wallendorff.com\/belogue\/2006\/08\/23\/previously-unreleased-42\/","url_meta":{"origin":1005,"position":2},"title":"Previously unreleased #421 &times; Shooting people #0.","author":"dpc","date":"23 ao\u00fbt 2006","format":false,"excerpt":"Brendan Benson, la Boule Noire, Paris, 20 octobre 2005. \u00a0The Greenhornes \u2013 No More _____ 1Joli concept from chez Juyette.","rel":"","context":"Dans &quot;Portraits&quot;","block_context":{"text":"Portraits","link":"https:\/\/www.wallendorff.com\/belogue\/category\/portraits\/"},"img":{"alt_text":"","src":"https:\/\/i0.wp.com\/www.wallendorff.com\/belogue\/wp-content\/uploads\/2015\/04\/200608231.jpg?resize=350%2C200&ssl=1","width":350,"height":200,"srcset":"https:\/\/i0.wp.com\/www.wallendorff.com\/belogue\/wp-content\/uploads\/2015\/04\/200608231.jpg?resize=350%2C200&ssl=1 1x, https:\/\/i0.wp.com\/www.wallendorff.com\/belogue\/wp-content\/uploads\/2015\/04\/200608231.jpg?resize=525%2C300&ssl=1 1.5x, https:\/\/i0.wp.com\/www.wallendorff.com\/belogue\/wp-content\/uploads\/2015\/04\/200608231.jpg?resize=700%2C400&ssl=1 2x"},"classes":[]},{"id":1188,"url":"https:\/\/www.wallendorff.com\/belogue\/2008\/03\/25\/previously-unreleased-80\/","url_meta":{"origin":1005,"position":3},"title":"Previously unreleased #80\u00b9.","author":"dpc","date":"25 mars 2008","format":false,"excerpt":"The Tellers, la Boule Noire, 11 d\u00e9cembre 2007. Happyyyyyyyyyyyyy Raconteurs' Day. \u00a0The Raconteurs \u2013 Salute Your Solution _____ 1 Previously Unreleased is a registered trademark of the Juyette Robert Photography Corporation, Inc.","rel":"","context":"Dans &quot;Previously unreleased&quot;","block_context":{"text":"Previously unreleased","link":"https:\/\/www.wallendorff.com\/belogue\/category\/previously-unreleased\/"},"img":{"alt_text":"","src":"https:\/\/i0.wp.com\/www.wallendorff.com\/belogue\/wp-content\/uploads\/2015\/04\/200803251.jpg?resize=350%2C200&ssl=1","width":350,"height":200},"classes":[]},{"id":781,"url":"https:\/\/www.wallendorff.com\/belogue\/2006\/09\/06\/i-love-ufo-la-boule-noire-paris\/","url_meta":{"origin":1005,"position":4},"title":"I Love UFO @ la Boule Noire, Paris.","author":"dpc","date":"6 septembre 2006","format":false,"excerpt":"Les rock-stars, elles sont comme moi. Elle dorment pas assez la nuit. \u00a0The Lemonheads \u2013 No Backbones","rel":"","context":"Dans &quot;Alive&quot;","block_context":{"text":"Alive","link":"https:\/\/www.wallendorff.com\/belogue\/category\/alive\/"},"img":{"alt_text":"","src":"https:\/\/i0.wp.com\/www.wallendorff.com\/belogue\/wp-content\/uploads\/2015\/04\/200609061.jpg?resize=350%2C200&ssl=1","width":350,"height":200},"classes":[]},{"id":43,"url":"https:\/\/www.wallendorff.com\/belogue\/2005\/10\/24\/previously-unreleased-21\/","url_meta":{"origin":1005,"position":5},"title":"Previously unreleased #21.","author":"dpc","date":"24 octobre 2005","format":false,"excerpt":"Brendan Benson, La Boule Noire, Paris, 20 octobre. Un previously unreleased aujourd'hui, c'est bien, parce que\u00a0: \u00c7a fera plaisir \u00e0 Bopperenlarme J'en n'avais pas fait depuis le 13 juillet, et que \u00e7a date. Que c'est un concept joli repomp\u00e9 ici, et qu'en l'en disant, je peux pr\u00e9ciser qu'ici, \u00e7a a\u2026","rel":"","context":"Dans &quot;Previously unreleased&quot;","block_context":{"text":"Previously unreleased","link":"https:\/\/www.wallendorff.com\/belogue\/category\/previously-unreleased\/"},"img":{"alt_text":"","src":"https:\/\/i0.wp.com\/www.wallendorff.com\/belogue\/wp-content\/uploads\/2015\/04\/200510241.jpg?resize=350%2C200&ssl=1","width":350,"height":200},"classes":[]}],"_links":{"self":[{"href":"https:\/\/www.wallendorff.com\/belogue\/wp-json\/wp\/v2\/posts\/1005","targetHints":{"allow":["GET"]}}],"collection":[{"href":"https:\/\/www.wallendorff.com\/belogue\/wp-json\/wp\/v2\/posts"}],"about":[{"href":"https:\/\/www.wallendorff.com\/belogue\/wp-json\/wp\/v2\/types\/post"}],"author":[{"embeddable":true,"href":"https:\/\/www.wallendorff.com\/belogue\/wp-json\/wp\/v2\/users\/1"}],"replies":[{"embeddable":true,"href":"https:\/\/www.wallendorff.com\/belogue\/wp-json\/wp\/v2\/comments?post=1005"}],"version-history":[{"count":2,"href":"https:\/\/www.wallendorff.com\/belogue\/wp-json\/wp\/v2\/posts\/1005\/revisions"}],"predecessor-version":[{"id":16975,"href":"https:\/\/www.wallendorff.com\/belogue\/wp-json\/wp\/v2\/posts\/1005\/revisions\/16975"}],"wp:featuredmedia":[{"embeddable":true,"href":"https:\/\/www.wallendorff.com\/belogue\/wp-json\/wp\/v2\/media\/24935"}],"wp:attachment":[{"href":"https:\/\/www.wallendorff.com\/belogue\/wp-json\/wp\/v2\/media?parent=1005"}],"wp:term":[{"taxonomy":"category","embeddable":true,"href":"https:\/\/www.wallendorff.com\/belogue\/wp-json\/wp\/v2\/categories?post=1005"},{"taxonomy":"post_tag","embeddable":true,"href":"https:\/\/www.wallendorff.com\/belogue\/wp-json\/wp\/v2\/tags?post=1005"}],"curies":[{"name":"wp","href":"https:\/\/api.w.org\/{rel}","templated":true}]}}